{"id":329439,"date":"2025-08-19T13:59:10","date_gmt":"2025-08-19T13:59:10","guid":{"rendered":"https:\/\/www.europesays.com\/fr\/329439\/"},"modified":"2025-08-19T13:59:10","modified_gmt":"2025-08-19T13:59:10","slug":"une-maison-de-600-m2-posee-sur-un-rocher-au-bord-de-la-mediterranee","status":"publish","type":"post","link":"https:\/\/www.europesays.com\/fr\/329439\/","title":{"rendered":"Une maison de 600 m2 pos\u00e9e sur un rocher au bord de la M\u00e9diterran\u00e9e"},"content":{"rendered":"<p>La villa est v\u00e9ritablement pos\u00e9e sur un rocher, un escalier m\u00e8ne \u00e0 la piscine.<\/p>\n<p>\u00a9 Pablo Zamora<\/p>\n<p>\u00ab Cette maison parle d\u2019elle-m\u00eame. Vide, elle a d\u00e9j\u00e0 de la force. Et quand quelque chose est bien fait, il n\u2019y a pas besoin de le refaire. \u00bb<\/p>\n<p>L\u2019architecte d\u2019int\u00e9rieur Serge Castella<\/p>\n<p>Le hublot, l\u2019un des \u00e9l\u00e9ments phares de la maison, fait partie de la structure originelle.<\/p>\n<p>\u00a9 Pablo Zamora<\/p>\n<p>Aujourd\u2019hui, la maison est divis\u00e9e en trois niveaux qui longent la roche depuis l\u2019entr\u00e9e. Un grand escalier central sans rampe, large et c\u00e9r\u00e9monieux, donne le rythme. Sur ce parcours vertical, la mer devient un \u00e9l\u00e9ment cin\u00e9matographique. Le dernier \u00e9tage, ouvert et diaphane, abrite le grand salon. Les fen\u00eatres \u00e0 hublots ronds et le <a href=\"https:\/\/www.admagazine.fr\/article\/vitraux-spectaculaires-monde\" target=\"_blank\" rel=\"noopener\">grand vitrail<\/a> Original en bois font que l\u2019eau et la lumi\u00e8re s\u2019int\u00e8grent au d\u00e9cor, transformant l\u2019int\u00e9rieur en une coque de navire ou une cabine de sous-marin : \u00ab On ne le voit pas sur les photos, mais en cas de forte temp\u00eate, c\u2019est une sensation tr\u00e8s intense, on peut avoir le vertige comme si on \u00e9tait vraiment dans l\u2019eau. \u00bb La d\u00e9coration tout en sobri\u00e9t\u00e9 a \u00e9t\u00e9 consciencieusement men\u00e9e : \u00ab Nous voulions laisser briller l\u2019architecture. Il y a peu de pi\u00e8ces, mais elles sont fortes. \u00bb Certaines proviennent de la galerie de Serge Castella, d\u2019autres ont \u00e9t\u00e9 command\u00e9es \u00e0 des artistes et artisans, d\u2019autres encore ont \u00e9t\u00e9 s\u00e9lectionn\u00e9es pour leur lien mat\u00e9riel et g\u00e9ographique avec le lieu. Sur la terrasse, la taille de la piscine a \u00e9t\u00e9 r\u00e9duite afin de gagner de l\u2019espace et offrir une vie ext\u00e9rieure plus connect\u00e9e \u00e0 l\u2019environnement.<\/p>\n","protected":false},"excerpt":{"rendered":"La villa est v\u00e9ritablement pos\u00e9e sur un rocher, un escalier m\u00e8ne \u00e0 la piscine. \u00a9 Pablo Zamora \u00ab&hellip;\n","protected":false},"author":2,"featured_media":329440,"comment_status":"","ping_status":"","sticky":false,"template":"","format":"standard","meta":{"footnotes":""},"categories":[1358],"tags":[1348,1384,1385,1386,58,59,1011,27,6997],"class_list":{"0":"post-329439","1":"post","2":"type-post","3":"status-publish","4":"format-standard","5":"has-post-thumbnail","7":"category-arts-et-design","8":"tag-arts","9":"tag-arts-and-design","10":"tag-arts-et-design","11":"tag-design","12":"tag-divertissement","13":"tag-entertainment","14":"tag-fr","15":"tag-france","16":"tag-maison-darchitecte"},"share_on_mastodon":{"url":"https:\/\/pubeurope.com\/@fr\/115055792315936511","error":""},"_links":{"self":[{"href":"https:\/\/www.europesays.com\/fr\/wp-json\/wp\/v2\/posts\/329439","targetHints":{"allow":["GET"]}}],"collection":[{"href":"https:\/\/www.europesays.com\/fr\/wp-json\/wp\/v2\/posts"}],"about":[{"href":"https:\/\/www.europesays.com\/fr\/wp-json\/wp\/v2\/types\/post"}],"author":[{"embeddable":true,"href":"https:\/\/www.europesays.com\/fr\/wp-json\/wp\/v2\/users\/2"}],"replies":[{"embeddable":true,"href":"https:\/\/www.europesays.com\/fr\/wp-json\/wp\/v2\/comments?post=329439"}],"version-history":[{"count":0,"href":"https:\/\/www.europesays.com\/fr\/wp-json\/wp\/v2\/posts\/329439\/revisions"}],"wp:featuredmedia":[{"embeddable":true,"href":"https:\/\/www.europesays.com\/fr\/wp-json\/wp\/v2\/media\/329440"}],"wp:attachment":[{"href":"https:\/\/www.europesays.com\/fr\/wp-json\/wp\/v2\/media?parent=329439"}],"wp:term":[{"taxonomy":"category","embeddable":true,"href":"https:\/\/www.europesays.com\/fr\/wp-json\/wp\/v2\/categories?post=329439"},{"taxonomy":"post_tag","embeddable":true,"href":"https:\/\/www.europesays.com\/fr\/wp-json\/wp\/v2\/tags?post=329439"}],"curies":[{"name":"wp","href":"https:\/\/api.w.org\/{rel}","templated":true}]}}