{"id":329441,"date":"2025-08-19T14:00:23","date_gmt":"2025-08-19T14:00:23","guid":{"rendered":"https:\/\/www.europesays.com\/fr\/329441\/"},"modified":"2025-08-19T14:00:23","modified_gmt":"2025-08-19T14:00:23","slug":"le-livre-sur-la-place-2025-on-vous-invite-a-une-lecture-par-guillaume-gallienn-le-livre-sur-la-place-2025","status":"publish","type":"post","link":"https:\/\/www.europesays.com\/fr\/329441\/","title":{"rendered":"Le Livre sur la Place 2025 : On vous invite \u00e0 une lecture par Guillaume Gallienn Le Livre sur la Place 2025"},"content":{"rendered":"<p><strong>France T\u00e9l\u00e9visions<\/strong>, aux c\u00f4t\u00e9s de <strong>France 3 Grand Est<\/strong>, renouvelle son partenariat avec la <strong>Ville de Nancy<\/strong>, visant \u00e0 soutenir <strong>Le Livre sur la Place<\/strong> qui se d\u00e9roulera <strong>\u00e0 Nancy les 12, 13 et 14 septembre<\/strong>.<\/p>\n<p><img loading=\"lazy\" decoding=\"async\" alt=\"mentor \" height=\"43\" src=\"https:\/\/www.europesays.com\/fr\/wp-content\/uploads\/2025\/08\/16059795.gif\" width=\"43\"\/><strong>\u00a0<\/strong>Amoureux des livres, on vous propose d&rsquo;<strong>assister \u00e0 De la col\u00e8re au rire, une lecture par Guillaume Gallienne<\/strong>, pr\u00e9sident de la 47e \u00e9dition du Livre sur la Place, de textes plein de col\u00e8re et d\u2019autres d\u2019\u00e9clats de rires. Lecture d\u2019extraits de textes de Victor Hugo, Marcel Proust, Marguerite Duras, Gabriel Garc\u00eda M\u00e1rquez, ainsi que des extraits de son r\u00e9cit Le buveur de brume (Stock). On vous donne rendez-vous \u00e0 l\u2019<strong>op\u00e9ra national de Lorraine le samedi 13 septembre \u00e0 15h<\/strong> !<\/p>\n<p><img loading=\"lazy\" decoding=\"async\" alt=\"coop\u00e9ration icon\" height=\"37\" src=\"https:\/\/www.europesays.com\/fr\/wp-content\/uploads\/2025\/08\/12405899.png\" width=\"37\"\/>\u00a0Notre partenaire<a href=\"https:\/\/www.nancy.fr\/accueil\" target=\"_blank\" title=\"En savoir plus sur notre partenaire\" rel=\"nofollow noopener\"><img decoding=\"async\" alt=\"En savoir plus sur notre partenaire\" src=\"https:\/\/www.europesays.com\/fr\/wp-content\/uploads\/2025\/08\/2017 vdn noir_150.jpg\"\/><\/a><img loading=\"lazy\" decoding=\"async\" alt=\"information \" height=\"39\" src=\"https:\/\/www.europesays.com\/fr\/wp-content\/uploads\/2025\/08\/5319387.png\" width=\"39\"\/>\u00a0En savoir plus<\/p>\n<p>Premier Salon national de la rentr\u00e9e litt\u00e9raire, <strong>Le Livre sur la Place<\/strong> est organis\u00e9 par la Ville de Nancy en lien avec l\u2019association de libraires \u00ab\u00a0Lire \u00e0 Nancy\u00a0\u00bb, sous le parrainage, depuis sa cr\u00e9ation en 1979 de l\u2019Acad\u00e9mie Goncourt.<\/p>\n<p>Au c\u0153ur de l\u2019espace XVIIIe inscrit au patrimoine mondial de l\u2019humanit\u00e9 par l\u2019Unesco, c&rsquo;est chaque ann\u00e9e \u00e0 Nancy pendant 3 jours qu&rsquo;auteurs, \u00e9diteurs, journalistes donnent le top d\u00e9part de la saison des prix litt\u00e9raires. Manifestation enti\u00e8rement gratuite, elle offre \u00e0 un tr\u00e8s large public une programmation unique, \u00e9clectique, autour de pr\u00e8s de 200 \u00e9crivains. Romans, essais, bandes dessin\u00e9es, tous les genres sont repr\u00e9sent\u00e9s.<\/p>\n<p><strong>Guillaume Gallienne<\/strong>, acteur \u00e9clectique, r\u00e9alisateur audacieux et \u00e9crivain, le 513e soci\u00e9taire de la Com\u00e9die-Fran\u00e7aise, sera le <strong>Pr\u00e9sident de la 47\u00e8me \u00e9dition<\/strong> du Livre sur la Place les 12, 13 et 14 septembre 2025.<\/p>\n<p><strong>Le livre est une f\u00eate, le Livre sur la Place est son \u00e9crin.<\/strong><br \/>&#13;<br \/>\n\u00a0<\/p>\n<p><a href=\"https:\/\/lelivresurlaplace.nancy.fr\/accueil\" target=\"_blank\" title=\"En savoir plus sur le salon\" rel=\"nofollow noopener\"><img decoding=\"async\" alt=\"En savoir plus sur le salon\" src=\"https:\/\/www.europesays.com\/fr\/wp-content\/uploads\/2025\/08\/2-LSP-LOGO-HORIZONTAL_150.jpg\"\/><\/a><\/p>\n<p>Cliquez sur l&rsquo;image pour acc\u00e9der au site<\/p>\n<p><img loading=\"lazy\" decoding=\"async\" alt=\"s'abonner \" height=\"49\" src=\"https:\/\/www.europesays.com\/fr\/wp-content\/uploads\/2025\/04\/14674068.gif\" width=\"49\"\/>\u00a0Abonnez-vous \u00e0 la newsletter France TV &amp; Vous !<\/p>\n<p>Exclusivit\u00e9s, coulisses, tournages, rencontres avec\u00a0nos animateurs, participation \u00e0 des \u00e9v\u00e9nements sportifs dans des conditions exceptionnelles&#8230;<br \/><strong><a href=\"https:\/\/www.francetelevisions.fr\/abonnements\/\" rel=\"nofollow noopener\" target=\"_blank\">Ne manquez aucune\u00a0de nos meilleures offres fid\u00e9lit\u00e9 en vous abonnant d\u00e8s maintenant \u00e0 notre newsletter !<\/a><\/strong><\/p>\n","protected":false},"excerpt":{"rendered":"France T\u00e9l\u00e9visions, aux c\u00f4t\u00e9s de France 3 Grand Est, renouvelle son partenariat avec la Ville de Nancy, visant&hellip;\n","protected":false},"author":2,"featured_media":329442,"comment_status":"","ping_status":"","sticky":false,"template":"","format":"standard","meta":{"footnotes":""},"categories":[1357],"tags":[1379,58,59,1011,27,1380],"class_list":{"0":"post-329441","1":"post","2":"type-post","3":"status-publish","4":"format-standard","5":"has-post-thumbnail","7":"category-livres","8":"tag-books","9":"tag-divertissement","10":"tag-entertainment","11":"tag-fr","12":"tag-france","13":"tag-livres"},"share_on_mastodon":{"url":"https:\/\/pubeurope.com\/@fr\/115055796404052388","error":""},"_links":{"self":[{"href":"https:\/\/www.europesays.com\/fr\/wp-json\/wp\/v2\/posts\/329441","targetHints":{"allow":["GET"]}}],"collection":[{"href":"https:\/\/www.europesays.com\/fr\/wp-json\/wp\/v2\/posts"}],"about":[{"href":"https:\/\/www.europesays.com\/fr\/wp-json\/wp\/v2\/types\/post"}],"author":[{"embeddable":true,"href":"https:\/\/www.europesays.com\/fr\/wp-json\/wp\/v2\/users\/2"}],"replies":[{"embeddable":true,"href":"https:\/\/www.europesays.com\/fr\/wp-json\/wp\/v2\/comments?post=329441"}],"version-history":[{"count":0,"href":"https:\/\/www.europesays.com\/fr\/wp-json\/wp\/v2\/posts\/329441\/revisions"}],"wp:featuredmedia":[{"embeddable":true,"href":"https:\/\/www.europesays.com\/fr\/wp-json\/wp\/v2\/media\/329442"}],"wp:attachment":[{"href":"https:\/\/www.europesays.com\/fr\/wp-json\/wp\/v2\/media?parent=329441"}],"wp:term":[{"taxonomy":"category","embeddable":true,"href":"https:\/\/www.europesays.com\/fr\/wp-json\/wp\/v2\/categories?post=329441"},{"taxonomy":"post_tag","embeddable":true,"href":"https:\/\/www.europesays.com\/fr\/wp-json\/wp\/v2\/tags?post=329441"}],"curies":[{"name":"wp","href":"https:\/\/api.w.org\/{rel}","templated":true}]}}