{"id":329443,"date":"2025-08-19T14:01:11","date_gmt":"2025-08-19T14:01:11","guid":{"rendered":"https:\/\/www.europesays.com\/fr\/329443\/"},"modified":"2025-08-19T14:01:11","modified_gmt":"2025-08-19T14:01:11","slug":"mercotte-annonce-son-depart-du-meilleur-patissier","status":"publish","type":"post","link":"https:\/\/www.europesays.com\/fr\/329443\/","title":{"rendered":"Mercotte annonce son d\u00e9part du \u00ab Meilleur P\u00e2tissier \u00bb"},"content":{"rendered":"<p class=\"mb-4 text-lg md:leading-8 break-words\">Elle participait au Meilleur P\u00e2tissier depuis 2012 ! Mercotte, qui f\u00eatera ses 83 ans le 28 septembre, a choisi de rendre son tablier apr\u00e8s quatorze ann\u00e9es qui l&rsquo;ont fait passer du statut de blogueuse culinaire \u00e0 celui de vedette de la t\u00e9l\u00e9vision.<\/p>\n<p class=\"mb-4 text-lg md:leading-8 break-words\">De sa complicit\u00e9 avec le chef Cyril Lignac, \u00ab presque un cinqui\u00e8me fils \u00bb, dit-elle \u00e0 <a data-i13n=\"cpos:1;pos:1\" href=\"https:\/\/www.programme-television.org\/news\/tv\/actualites-audiovisuel\/mercotte-prend-sa-retraite-et-quitte-le-meilleur-patissier-disons-que-c-est-de-la-decence-4744317#:~:text=%22Jepensequ&#039;ilfaut,83ansenseptembreprochain\" rel=\"nofollow noopener\" target=\"_blank\" data-ylk=\"slk:TV Mag;cpos:1;pos:1;elm:context_link;itc:0;sec:content-canvas\" class=\"link \">TV Mag<\/a>, et avec le public, Mercotte ne veut avoir que de beaux souvenirs \u2013 elle avoue qu&rsquo;elle s&rsquo;\u00ab amuse beaucoup durant le tournage \u00bb. Et ne veut surtout pas risquer l&rsquo;\u00e9mission de trop. Car elle estime avoir atteint l&rsquo;\u00e2ge de quitter l&rsquo;\u00e9cran. \u00ab Je pense qu&rsquo;il faut savoir s&rsquo;arr\u00eater \u00e0 temps \u00bb, dit-elle. Ajoutant : \u00ab Vu mon \u00e2ge avanc\u00e9, je pense que c&rsquo;est une question d&rsquo;\u00e9thique. J&rsquo;ai d\u00e9cid\u00e9 d&rsquo;arr\u00eater par d\u00e9cence, on va dire. \u00bb<\/p>\n<p>La retraite, un mot inconnu pour Mercotte<\/p>\n<p class=\"mb-4 text-lg md:leading-8 break-words\">Quelle ne fut pas la surprise de Cyril Lignac quand, lors d&rsquo;un tournage de Tous en cuisine en d\u00e9cembre dernier, la sp\u00e9cialiste des desserts lui a annonc\u00e9, ainsi qu&rsquo;\u00e0 la production, que la saison 14 du Meilleur P\u00e2tissier serait sa derni\u00e8re. \u00ab Je ne m&rsquo;y attendais pas, a expliqu\u00e9 le cuisinier chef d&rsquo;entreprise. Parfois Mercotte parlait d&rsquo;arr\u00eater mais, l\u00e0, j&rsquo;ai senti dans sa voix que sa d\u00e9cision \u00e9tait prise. Je respecte son choix. \u00bb<\/p>\n<p class=\"mb-4 text-lg md:leading-8 break-words\">\u00c0 LIRE AUSSI <a data-i13n=\"cpos:2;pos:1\" href=\"https:\/\/www.lepoint.fr\/gastronomie\/pavlova-pour-the-crown-200-desserts-pour-the-killer-une-stylisme-culinaire-nous-raconte-son-metier-sur-les-plateaux-de-tournage-10-08-2025-2596047_82.php\" rel=\"nofollow noopener\" target=\"_blank\" data-ylk=\"slk:De \u00ab The Crown \u00bb \u00e0 \u00ab Emily in Paris \u00bb, les secrets d&#039;une \u00ab styliste culinaire \u00bb;cpos:2;pos:1;elm:context_link;itc:0;sec:content-canvas\" class=\"link \"><strong>De \u00ab The Crown \u00bb \u00e0 \u00ab Emily in Paris \u00bb, les secrets d&rsquo;une \u00ab styliste culinaire \u00bb<\/strong><\/a><\/p>\n<p class=\"mb-4 text-lg md:leading-8 break-words\">Mercotte a-t-elle d\u00e9cid\u00e9 de prendre sa retraite ? Cyril Lignac donne un indice : \u00ab On se conna\u00eet depuis vingt ans et je comprends ais\u00e9ment qu&rsquo;\u00e0 [&#8230;] <a data-i13n=\"cpos:3;pos:1\" href=\"https:\/\/www.lepoint.fr\/people\/j-ai-decide-d-arreter-par-decence-mercotte-annonce-son-depart-du-meilleur-patissier-sur-m6--19-08-2025-2596610_2116.php\" rel=\"nofollow noopener\" target=\"_blank\" data-ylk=\"slk:Lire la suite;cpos:3;pos:1;elm:context_link;itc:0;sec:content-canvas\" class=\"link \">Lire la suite<\/a><\/p>\n","protected":false},"excerpt":{"rendered":"Elle participait au Meilleur P\u00e2tissier depuis 2012 ! Mercotte, qui f\u00eatera ses 83 ans le 28 septembre, a&hellip;\n","protected":false},"author":2,"featured_media":329444,"comment_status":"","ping_status":"","sticky":false,"template":"","format":"standard","meta":{"footnotes":""},"categories":[1356],"tags":[46556,58,59,1011,27,46688,46555,252,1364,46689],"class_list":{"0":"post-329443","1":"post","2":"type-post","3":"status-publish","4":"format-standard","5":"has-post-thumbnail","7":"category-television","8":"tag-cyril-lignac","9":"tag-divertissement","10":"tag-entertainment","11":"tag-fr","12":"tag-france","13":"tag-meilleur-patissier","14":"tag-mercotte","15":"tag-television","16":"tag-tv","17":"tag-vedette-de-la-television"},"share_on_mastodon":{"url":"https:\/\/pubeurope.com\/@fr\/115055800088321842","error":""},"_links":{"self":[{"href":"https:\/\/www.europesays.com\/fr\/wp-json\/wp\/v2\/posts\/329443","targetHints":{"allow":["GET"]}}],"collection":[{"href":"https:\/\/www.europesays.com\/fr\/wp-json\/wp\/v2\/posts"}],"about":[{"href":"https:\/\/www.europesays.com\/fr\/wp-json\/wp\/v2\/types\/post"}],"author":[{"embeddable":true,"href":"https:\/\/www.europesays.com\/fr\/wp-json\/wp\/v2\/users\/2"}],"replies":[{"embeddable":true,"href":"https:\/\/www.europesays.com\/fr\/wp-json\/wp\/v2\/comments?post=329443"}],"version-history":[{"count":0,"href":"https:\/\/www.europesays.com\/fr\/wp-json\/wp\/v2\/posts\/329443\/revisions"}],"wp:featuredmedia":[{"embeddable":true,"href":"https:\/\/www.europesays.com\/fr\/wp-json\/wp\/v2\/media\/329444"}],"wp:attachment":[{"href":"https:\/\/www.europesays.com\/fr\/wp-json\/wp\/v2\/media?parent=329443"}],"wp:term":[{"taxonomy":"category","embeddable":true,"href":"https:\/\/www.europesays.com\/fr\/wp-json\/wp\/v2\/categories?post=329443"},{"taxonomy":"post_tag","embeddable":true,"href":"https:\/\/www.europesays.com\/fr\/wp-json\/wp\/v2\/tags?post=329443"}],"curies":[{"name":"wp","href":"https:\/\/api.w.org\/{rel}","templated":true}]}}