{"id":329459,"date":"2025-08-19T14:09:11","date_gmt":"2025-08-19T14:09:11","guid":{"rendered":"https:\/\/www.europesays.com\/fr\/329459\/"},"modified":"2025-08-19T14:09:11","modified_gmt":"2025-08-19T14:09:11","slug":"guerre-en-ukraine-en-cas-de-conference-de-paix-sur-son-territoire-la-suisse-offrira-limmunite-a-vladimir-19-08-2025-a-1454","status":"publish","type":"post","link":"https:\/\/www.europesays.com\/fr\/329459\/","title":{"rendered":"Guerre en Ukraine : en cas de conf\u00e9rence de paix sur son territoire, la Suisse offrira \u00ab\u00a0l&rsquo;immunit\u00e9\u00a0\u00bb \u00e0 Vladimir &#8211; 19\/08\/2025 \u00e0 14:54"},"content":{"rendered":"<p> Emmanuel Macron a \u00e9voqu\u00e9 la possibilit\u00e9 d&rsquo;un sommet de n\u00e9gociations de la paix dans un \u00ab\u00a0pays neutre\u00a0\u00bb en Europe.<\/p>\n<p>        <img fetchpriority=\"high\" decoding=\"async\" src=\"https:\/\/www.europesays.com\/fr\/wp-content\/uploads\/2025\/08\/df9a13bcab75d09fdf092d8d85bbcc2d-760x570.jpg\" alt=\"Photomontage de Volodymyr Zelensky et de Vladimir Poutine. ( AFP \/ MANDEL NGAN )\" loading=\"eager\" width=\"760\" height=\"570\" style=\"max-width: 100%!important; height: auto;\"\/><\/p>\n<p class=\"c-image-news__legend\">Photomontage de Volodymyr Zelensky et de Vladimir Poutine. ( AFP \/ MANDEL NGAN )<\/p>\n<p>\n Si Vladimir Poutine se rend en Suisse pour participer \u00e0 une conf\u00e9rence de paix, Berne offrira \u00ab\u00a0l&rsquo;immunit\u00e9\u00a0\u00bb au pr\u00e9sident russe malgr\u00e9 son inculpation devant la Cour p\u00e9nale internationale, a assur\u00e9 mardi 19 ao\u00fbt le ministre suisse des Affaires \u00e9trang\u00e8res, Ignazio Cassis.\n<\/p>\n<p>\n Le gouvernement f\u00e9d\u00e9ral a d\u00e9fini l&rsquo;ann\u00e9e derni\u00e8re \u00ab\u00a0les r\u00e8gles pour donner l&rsquo;immunit\u00e9 \u00e0 une personne qui est sous mandat d&rsquo;arr\u00eat international.<br \/>\n <strong><br \/>\n  Si cette personne vient pour une conf\u00e9rence de paix, pas si elle vient pour des raisons priv\u00e9es<br \/>\n <\/strong><br \/>\n \u00ab\u00a0, a d\u00e9clar\u00e9 Ignazio Cassis lors d&rsquo;un point de presse avec son homologue italien, Antonio Tajani, \u00e0 Berne.\n<\/p>\n<p>\n C&rsquo;est le pr\u00e9sident fran\u00e7ais, Emmanuel Macron, qui a \u00e9voqu\u00e9 la possibilit\u00e9 qu&rsquo;un \u00e9ventuel sommet de n\u00e9gociations de la paix entre Vladimir Poutine et son homologue ukrainien, Volodymyr Zelensky, se tienne en Europe et<br \/>\n <strong><br \/>\n  \u00ab\u00a0ce sera un pays neutre, et donc peut-\u00eatre la Suisse\u00a0\u00bb<br \/>\n <\/strong><br \/>\n . Il dit plaider pour Gen\u00e8ve, si\u00e8ge europ\u00e9en de l&rsquo;ONU.\n<\/p>\n<p> Savoir-faire suisse<\/p>\n<p>\n Iganzio Cassis est tout \u00e0 fait pr\u00eat \u00e0 organiser une telle rencontre et a soulign\u00e9<br \/>\n <strong><br \/>\n  le savoir-faire des Suisses en la mati\u00e8re<br \/>\n <\/strong><br \/>\n , mais il a rappel\u00e9 que la Russie boudait la Suisse. Celle-ci a d\u00e9cid\u00e9 d&rsquo;infliger \u00e0 Moscou les sanctions d\u00e9cid\u00e9es par l&rsquo;Union europ\u00e9ennes et impos\u00e9es depuis l&rsquo;invasion \u00e0 grande \u00e9chelle de l&rsquo;Ukraine par la Russie en 2022.\n<\/p>\n<p>\n \u00ab\u00a0J&rsquo;ai d&rsquo;ailleurs constamment rappel\u00e9 cette disponibilit\u00e9 (\u00e0 organiser des rencontres ndlr) lors de mes contacts avec le ministre russe des Affaires \u00e9trang\u00e8res, Sergue\u00ef Lavrov, ces derniers mois (&#8230;) on m&rsquo;a r\u00e9pondu que depuis que la Suisse a adopt\u00e9 les sanctions europ\u00e9ennes, ils ont naturellement perdu un peu l&rsquo;envie de le faire en Suisse\u00a0\u00bb, a reconnu le chef de la diplomatie helv\u00e9tique.\n<\/p>\n<p>\n Iganzio Cassis a aussi fait \u00e9tat d&rsquo;un pr\u00e9c\u00e9dent r\u00e9cent, lors de l&rsquo;Assembl\u00e9e de l&rsquo;Union parlementaire internationale qui a vu venir \u00e0 Gen\u00e8ve la pr\u00e9sidente du S\u00e9nat russe, Valentina Matvienko. Cette proche de Vladimir Poutine fait elle aussi l&rsquo;objet de sanctions pour son soutien \u00e0 la guerre.\n<\/p>\n<p>\n Vladimir Poutine s&rsquo;est rendu \u00e0 Gen\u00e8ve la derni\u00e8re fois \u00e0 l&rsquo;occasion du sommet du 16 juin 2021 avec Joe Biden, qui \u00e9tait alors pr\u00e9sident des \u00c9tats-Unis. Les derni\u00e8res discussions russo-ukrainiennes bilat\u00e9rales ont eu lieu \u00e0 Istanbul, en Turquie, qui malgr\u00e9 son appartenance \u00e0 l&rsquo;Otan est jug\u00e9e plus amicale par Moscou.<\/p>\n","protected":false},"excerpt":{"rendered":"Emmanuel Macron a \u00e9voqu\u00e9 la possibilit\u00e9 d&rsquo;un sommet de n\u00e9gociations de la paix dans un \u00ab\u00a0pays neutre\u00a0\u00bb en&hellip;\n","protected":false},"author":2,"featured_media":329460,"comment_status":"","ping_status":"","sticky":false,"template":"","format":"standard","meta":{"footnotes":""},"categories":[5],"tags":[400,11,398,408,405,1011,27,403,14,402,399,404,12,401,406,407,28],"class_list":{"0":"post-329459","1":"post","2":"type-post","3":"status-publish","4":"format-standard","5":"has-post-thumbnail","7":"category-international","8":"tag-action-cac-40","9":"tag-actualites","10":"tag-bourse-de-paris","11":"tag-boursorama","12":"tag-cotations","13":"tag-fr","14":"tag-france","15":"tag-indices-devises","16":"tag-international","17":"tag-investir","18":"tag-investissement","19":"tag-marche-boursier","20":"tag-news","21":"tag-sicav","22":"tag-trackers","23":"tag-warrants","24":"tag-world"},"share_on_mastodon":{"url":"https:\/\/pubeurope.com\/@fr\/115055831641984637","error":""},"_links":{"self":[{"href":"https:\/\/www.europesays.com\/fr\/wp-json\/wp\/v2\/posts\/329459","targetHints":{"allow":["GET"]}}],"collection":[{"href":"https:\/\/www.europesays.com\/fr\/wp-json\/wp\/v2\/posts"}],"about":[{"href":"https:\/\/www.europesays.com\/fr\/wp-json\/wp\/v2\/types\/post"}],"author":[{"embeddable":true,"href":"https:\/\/www.europesays.com\/fr\/wp-json\/wp\/v2\/users\/2"}],"replies":[{"embeddable":true,"href":"https:\/\/www.europesays.com\/fr\/wp-json\/wp\/v2\/comments?post=329459"}],"version-history":[{"count":0,"href":"https:\/\/www.europesays.com\/fr\/wp-json\/wp\/v2\/posts\/329459\/revisions"}],"wp:featuredmedia":[{"embeddable":true,"href":"https:\/\/www.europesays.com\/fr\/wp-json\/wp\/v2\/media\/329460"}],"wp:attachment":[{"href":"https:\/\/www.europesays.com\/fr\/wp-json\/wp\/v2\/media?parent=329459"}],"wp:term":[{"taxonomy":"category","embeddable":true,"href":"https:\/\/www.europesays.com\/fr\/wp-json\/wp\/v2\/categories?post=329459"},{"taxonomy":"post_tag","embeddable":true,"href":"https:\/\/www.europesays.com\/fr\/wp-json\/wp\/v2\/tags?post=329459"}],"curies":[{"name":"wp","href":"https:\/\/api.w.org\/{rel}","templated":true}]}}