{"id":329471,"date":"2025-08-19T14:15:17","date_gmt":"2025-08-19T14:15:17","guid":{"rendered":"https:\/\/www.europesays.com\/fr\/329471\/"},"modified":"2025-08-19T14:15:17","modified_gmt":"2025-08-19T14:15:17","slug":"le-sluc-nancy-affronte-dijon-en-match-de-preparation","status":"publish","type":"post","link":"https:\/\/www.europesays.com\/fr\/329471\/","title":{"rendered":"le SLUC Nancy affronte Dijon en match de pr\u00e9paration"},"content":{"rendered":"<p class=\"p1\" style=\"text-align: justify;\"><strong>L\u2019Effort Basket Mirecourt organise un match de gala. Le SLUC Nancy et la JDA Dijon, deux clubs de Pro A, s\u2019affrontent le 1er septembre \u00e0 la salle Claude Hacquard.<\/strong><\/p>\n<p><strong>Un rendez-vous sportif attendu<\/strong><\/p>\n<p class=\"p3\" style=\"text-align: justify;\">Pour la deuxi\u00e8me ann\u00e9e cons\u00e9cutive, l\u2019Effort Basket Mirecourt (EBM) accueille un match de pr\u00e9paration de haut niveau. Le lundi 1er septembre, les supporters de basket auront le privil\u00e8ge d\u2019assister \u00e0 une rencontre entre deux grandes \u00e9quipes de Pro A : le SLUC Nancy Basket et la JDA Dijon.\u00a0<\/p>\n<p><strong>Les d\u00e9tails de la rencontre<\/strong>\u00a0<\/p>\n<p class=\"p3\" style=\"text-align: justify;\">La Salle Claude Hacquard de Mirecourt ouvrira ses portes \u00e0 18h. Le coup d\u2019envoi du match est pr\u00e9vu \u00e0 19h15. Les spectateurs auront \u00e9galement l\u2019occasion de prolonger la soir\u00e9e en profitant d\u2019une s\u00e9ance de d\u00e9dicaces et de photos avec les joueurs \u00e0 l\u2019issue de la rencontre.<\/p>\n<p><strong>Tarifs et r\u00e9servations<\/strong><\/p>\n<p class=\"p3\" style=\"text-align: justify;\">L\u2019acc\u00e8s \u00e0 cet \u00e9v\u00e9nement est fix\u00e9 \u00e0 10 euros pour les adultes (16 ans et plus) et 5 euros pour les jeunes de 10 \u00e0 15 ans. L\u2019entr\u00e9e est gratuite pour les enfants de moins de 10 ans.<\/p>\n<p class=\"p3\" style=\"text-align: justify;\">Les billets sont disponibles en ligne via la plateforme HelloAsso \u00e0 l\u2019adresse suivante : <a href=\"https:\/\/www.helloasso.com\/associations\/ebm\/evenements\/sluc-jda-1er-septembre-19h15\" target=\"_blank\" rel=\"nofollow noopener\">lien de r\u00e9servation<\/a>, ou directement via le QR code pr\u00e9sent sur l\u2019affiche officielle.<\/p>\n<p class=\"p3\"><img loading=\"lazy\" decoding=\"async\" style=\"display: block; margin-left: auto; margin-right: auto;\" src=\"https:\/\/www.europesays.com\/fr\/wp-content\/uploads\/2025\/08\/thread_viewer.jpg\" alt=\"\" width=\"600\" height=\"848\"\/><\/p>\n<p><strong>Une belle soir\u00e9e de basket \u00e0 vivre \u00e0 Mirecourt<\/strong>\u00a0<\/p>\n<p class=\"p3\" style=\"text-align: justify;\">Avec l\u2019organisation de ce match, l\u2019Effort Basket Mirecourt confirme son r\u00f4le d\u2019acteur incontournable dans la promotion du basket de haut niveau dans les Vosges. Ce rendez-vous sportif repr\u00e9sente une occasion unique pour le public local de vibrer devant deux formations prestigieuses de l\u2019\u00e9lite nationale.<\/p>\n","protected":false},"excerpt":{"rendered":"L\u2019Effort Basket Mirecourt organise un match de gala. Le SLUC Nancy et la JDA Dijon, deux clubs de&hellip;\n","protected":false},"author":2,"featured_media":329472,"comment_status":"","ping_status":"","sticky":false,"template":"","format":"standard","meta":{"footnotes":""},"categories":[9635],"tags":[1111,11,1777,674,1011,27,775,1702,12,25],"class_list":{"0":"post-329471","1":"post","2":"type-post","3":"status-publish","4":"format-standard","5":"has-post-thumbnail","7":"category-nancy","8":"tag-actu","9":"tag-actualites","10":"tag-eu","11":"tag-europe","12":"tag-fr","13":"tag-france","14":"tag-grand-est","15":"tag-nancy","16":"tag-news","17":"tag-republique-francaise"},"share_on_mastodon":{"url":"https:\/\/pubeurope.com\/@fr\/115055855108053293","error":""},"_links":{"self":[{"href":"https:\/\/www.europesays.com\/fr\/wp-json\/wp\/v2\/posts\/329471","targetHints":{"allow":["GET"]}}],"collection":[{"href":"https:\/\/www.europesays.com\/fr\/wp-json\/wp\/v2\/posts"}],"about":[{"href":"https:\/\/www.europesays.com\/fr\/wp-json\/wp\/v2\/types\/post"}],"author":[{"embeddable":true,"href":"https:\/\/www.europesays.com\/fr\/wp-json\/wp\/v2\/users\/2"}],"replies":[{"embeddable":true,"href":"https:\/\/www.europesays.com\/fr\/wp-json\/wp\/v2\/comments?post=329471"}],"version-history":[{"count":0,"href":"https:\/\/www.europesays.com\/fr\/wp-json\/wp\/v2\/posts\/329471\/revisions"}],"wp:featuredmedia":[{"embeddable":true,"href":"https:\/\/www.europesays.com\/fr\/wp-json\/wp\/v2\/media\/329472"}],"wp:attachment":[{"href":"https:\/\/www.europesays.com\/fr\/wp-json\/wp\/v2\/media?parent=329471"}],"wp:term":[{"taxonomy":"category","embeddable":true,"href":"https:\/\/www.europesays.com\/fr\/wp-json\/wp\/v2\/categories?post=329471"},{"taxonomy":"post_tag","embeddable":true,"href":"https:\/\/www.europesays.com\/fr\/wp-json\/wp\/v2\/tags?post=329471"}],"curies":[{"name":"wp","href":"https:\/\/api.w.org\/{rel}","templated":true}]}}