{"id":329473,"date":"2025-08-19T14:18:11","date_gmt":"2025-08-19T14:18:11","guid":{"rendered":"https:\/\/www.europesays.com\/fr\/329473\/"},"modified":"2025-08-19T14:18:11","modified_gmt":"2025-08-19T14:18:11","slug":"le-quartier-revit-enfin-et-avec-les-terrasses-ca-change-tout-lavenue-clemenceau-change-de-visage-a-montpellier","status":"publish","type":"post","link":"https:\/\/www.europesays.com\/fr\/329473\/","title":{"rendered":"\u00ab\u00a0Le quartier revit enfin et avec les terrasses, \u00e7a change tout\u00a0\u00bb\u00a0: l\u2019avenue Clemenceau change de visage \u00e0 Montpellier"},"content":{"rendered":"<p>\n                                                                Depuis l\u2019am\u00e9nagement de terrasses sur l\u2019avenue Clemenceau, commer\u00e7ants et habitants red\u00e9couvrent un quartier apais\u00e9 apr\u00e8s des ann\u00e9es de nuisances.\n                            <\/p>\n<p>\u00ab\u00a0\u00c7a change vraiment l\u2019ambiance du quartier\u2026\u00a0\u00bb Depuis quelques semaines, les quelques tables install\u00e9es sur les all\u00e9es de l\u2019avenue Clemenceau sont devenues tr\u00e8s pris\u00e9es. Comme Martine, beaucoup de riverains de Rondelet\u00a0ont pris leur quartier sur les petites terrasses pour profiter de l\u2019espace devenu \u00ab\u00a0enfin agr\u00e9able pour d\u00e9guster un plat ou un verre en ext\u00e9rieur\u00a0\u00bb.<\/p>\n<p>\u00ab\u00a0Apr\u00e8s la pollution des voitures et des ann\u00e9es de travaux pour la ligne 5, on respire enfin.\u00a0\u00bb Et ce n\u2019est pas Bernard qui va la contredire\u00a0: \u00ab\u00a0Regarder comme \u00e7a donne envie de venir, de se poser, de profiter\u2026\u00a0\u00bb<\/p>\n<p>Une nouvelle client\u00e8le attir\u00e9e<\/p>\n<p>\u00ab\u00a0C\u2019est un vrai plus\u00a0\u00bb, explique Nina Genique d\u2019<a href=\"https:\/\/www.oripanzerotti.com\/\" target=\"_blank\" rel=\"nofollow noopener\">Ori Panzerotti<\/a>, tout en pr\u00e9parant avec amour ses d\u00e9licieux chaussons italiens garnis. \u00ab\u00a0Je pense que \u00e7a nous a amen\u00e9 une nouvelle client\u00e8le. D\u00e9j\u00e0 une terrasse \u00e7a attire l\u2019\u0153il, \u00e7a\u00a0donne plus de visibilit\u00e9.\u00a0\u00bb Ses nappes \u00e0 carreaux apportent assur\u00e9ment un charme suppl\u00e9mentaire \u00e0 son \u00e9tablissement comme \u00e0 la rue. Et la jeune femme qui ne perd pas le Nord confie d\u2019un large sourire\u00a0: \u00ab\u00a0On esp\u00e8re m\u00eame pouvoir s\u2019agrandir\u2026\u00a0\u00bb D\u2019autant plus qu\u2019il y a une possibilit\u00e9 et une forte demande de la part des habitu\u00e9s.<\/p>\n<p>En face, \u00e0 quelques m\u00e8tres, la petite terrasse de\u00a0<a href=\"https:\/\/www.jeanlecroquant.fr\/\" target=\"_blank\" rel=\"nofollow noopener\">Jean le Croquant\u00a0<\/a>qui propose des croque-monsieur ne d\u00e9semplit pas. Les sympathiques Jean Dreulle et Arnaud Manolino le reconnaissent\u00a0: \u00ab\u00a0Un ext\u00e9rieur \u00e7a change tout. Quand on voit des gens attabl\u00e9s, \u00e7a donne envie.\u00a0\u00bb Et heureusement.\u00a0\u00ab\u00a0L\u2019\u00e9t\u00e9 \u00e7a se vide, mais l\u00e0 avec les tables, on a eu \u00e9norm\u00e9ment de\u00a0touristes.\u00a0\u00bb<\/p>\n<p>Impact sur la fr\u00e9quentation<\/p>\n<p>Quant \u00e0 Sabah Maariche, la patronne du <a href=\"https:\/\/www.lefabuleux-brasserie.fr\/\" target=\"_blank\" rel=\"nofollow noopener\">Fabuleux<\/a>, la petite brasserie situ\u00e9e\u00a0un peu plus haut sur l\u2019avenue, elle est litt\u00e9ralement aux anges.\u00a0\u00ab\u00a0Je suis tellement contente d\u2019avoir ma jolie petite terrasse.\u00a0\u00bb Elle qui \u00e9tait \u00e0 deux doigts de fermer il y a encore quelque temps, a vu la fr\u00e9quentation de son \u00e9tablissement d\u00e9coller. Il faut dire que sa brasserie a d\u2019excellents avis sur le net. \u00ab\u00a0Mais avoir une\u00a0terrasse, c\u2019est vraiment g\u00e9nial\u00a0!\u00a0\u00bb, confie la restauratrice qui peut ainsi continuer \u00e0 \u00eatre aux petits soins avec ses clients.<\/p>\n<p>Du c\u00f4t\u00e9 du Mistral en revanche, pas de changement majeur puisque le bar \u00e9tait d\u00e9j\u00e0 dot\u00e9 d\u2019une petite terrasse. \u00ab\u00a0Et apr\u00e8s 90 ans d\u2019existence, c\u2019est s\u00fbrement aujourd\u2019hui que c\u2019est le plus agr\u00e9able de se poser en ext\u00e9rieur. Il n\u2019y a plus de voitures, plus de poussi\u00e8res dues aux travaux, c\u2019est le top\u00a0!\u00a0\u00bb<\/p>\n","protected":false},"excerpt":{"rendered":"Depuis l\u2019am\u00e9nagement de terrasses sur l\u2019avenue Clemenceau, commer\u00e7ants et habitants red\u00e9couvrent un quartier apais\u00e9 apr\u00e8s des ann\u00e9es de&hellip;\n","protected":false},"author":2,"featured_media":329474,"comment_status":"","ping_status":"","sticky":false,"template":"","format":"standard","meta":{"footnotes":""},"categories":[9599],"tags":[1111,11,1777,674,1011,27,2208,12,2680,25],"class_list":{"0":"post-329473","1":"post","2":"type-post","3":"status-publish","4":"format-standard","5":"has-post-thumbnail","7":"category-montpellier","8":"tag-actu","9":"tag-actualites","10":"tag-eu","11":"tag-europe","12":"tag-fr","13":"tag-france","14":"tag-montpellier","15":"tag-news","16":"tag-occitanie","17":"tag-republique-francaise"},"share_on_mastodon":{"url":"https:\/\/pubeurope.com\/@fr\/115055866962944404","error":""},"_links":{"self":[{"href":"https:\/\/www.europesays.com\/fr\/wp-json\/wp\/v2\/posts\/329473","targetHints":{"allow":["GET"]}}],"collection":[{"href":"https:\/\/www.europesays.com\/fr\/wp-json\/wp\/v2\/posts"}],"about":[{"href":"https:\/\/www.europesays.com\/fr\/wp-json\/wp\/v2\/types\/post"}],"author":[{"embeddable":true,"href":"https:\/\/www.europesays.com\/fr\/wp-json\/wp\/v2\/users\/2"}],"replies":[{"embeddable":true,"href":"https:\/\/www.europesays.com\/fr\/wp-json\/wp\/v2\/comments?post=329473"}],"version-history":[{"count":0,"href":"https:\/\/www.europesays.com\/fr\/wp-json\/wp\/v2\/posts\/329473\/revisions"}],"wp:featuredmedia":[{"embeddable":true,"href":"https:\/\/www.europesays.com\/fr\/wp-json\/wp\/v2\/media\/329474"}],"wp:attachment":[{"href":"https:\/\/www.europesays.com\/fr\/wp-json\/wp\/v2\/media?parent=329473"}],"wp:term":[{"taxonomy":"category","embeddable":true,"href":"https:\/\/www.europesays.com\/fr\/wp-json\/wp\/v2\/categories?post=329473"},{"taxonomy":"post_tag","embeddable":true,"href":"https:\/\/www.europesays.com\/fr\/wp-json\/wp\/v2\/tags?post=329473"}],"curies":[{"name":"wp","href":"https:\/\/api.w.org\/{rel}","templated":true}]}}