{"id":329479,"date":"2025-08-19T14:23:11","date_gmt":"2025-08-19T14:23:11","guid":{"rendered":"https:\/\/www.europesays.com\/fr\/329479\/"},"modified":"2025-08-19T14:23:11","modified_gmt":"2025-08-19T14:23:11","slug":"la-piscine-flottibulle-bientot-fermee-en-raison-de-travaux-de-renovation","status":"publish","type":"post","link":"https:\/\/www.europesays.com\/fr\/329479\/","title":{"rendered":"la piscine Flottibulle bient\u00f4t ferm\u00e9e en raison de travaux de r\u00e9novation"},"content":{"rendered":"<p>\t\t\t\t\t\t\t\t\t\t\t<img loading=\"lazy\" decoding=\"async\" width=\"1110\" title=\"Pr\u00e8s de Grenoble : la piscine Flottibulle bient\u00f4t ferm\u00e9e en raison de travaux de r\u00e9novation\" class=\"img-fluid  mb-3\" src=\"https:\/\/grandgrenoble.alpes1.com\/media\/news\/thumb\/1110x624_pres-de-grenoble-la-piscine-flottibulle-bientot-fermee-en-raison-de-travaux-de-renovation_68a47d5d36b95.webp\" alt=\"Pr\u00e8s de Grenoble : la piscine Flottibulle bient\u00f4t ferm\u00e9e en raison de travaux de r\u00e9novation\" itemprop=\"image\" height=\"624\"\/>\t\t\t\t\t\t\t\t\t\t\t\t<\/p>\n<p>Pr\u00e8s de Grenoble : la piscine Flottibulle bient\u00f4t ferm\u00e9e en raison de travaux de r\u00e9novation &#8211; DR<\/p>\n<p itemprop=\"description\"><strong>La piscine Flottibulle ferme ses portes pendant pr\u00e8s de deux mois.<\/strong><\/p>\n<p>Lundi prochain, les usagers de la piscine Flottibulle, situ\u00e9e au Pont-de-Claix, ne pourront plus r\u00e9aliser leur meilleure coul\u00e9e. En effet, jusqu\u2019au 13 octobre prochain, l\u2019enceinte va fermer ses portes pour cause de travaux de r\u00e9novation.<\/p>\n<p>La centrale de traitement d\u2019air, qui sert \u00e0 renouveler et d\u00e9shumidifier l\u2019air pour contr\u00f4ler la temp\u00e9rature, doit \u00eatre compl\u00e8tement chang\u00e9e. \u00ab Ces dates de travaux ont \u00e9t\u00e9 choisies pour faire en sorte que la piscine soit ouverte le plus tard possible dans l&rsquo;\u00e9t\u00e9 et en p\u00e9riodes de fortes chaleurs, sans pour autant avoir une fermeture trop longue pendant l&rsquo;ann\u00e9e scolaire (car les bassins sont utilis\u00e9s pour les cours de nage des enfants) \u00bb, indique la Ville de Pont-de-Claix dans un communiqu\u00e9.<\/p>\n<p>De fait, le parking de Flottibulle sera inaccessible pendant quelques jours : ce jeudi 21 et ce vendredi 22 ao\u00fbt, ainsi que les 4 et 5 septembre.<\/p>\n","protected":false},"excerpt":{"rendered":"Pr\u00e8s de Grenoble : la piscine Flottibulle bient\u00f4t ferm\u00e9e en raison de travaux de r\u00e9novation &#8211; DR La&hellip;\n","protected":false},"author":2,"featured_media":329480,"comment_status":"","ping_status":"","sticky":false,"template":"","format":"standard","meta":{"footnotes":""},"categories":[9566],"tags":[1111,11,7733,8279,2430,7736,650,7734,2889,2263,1777,674,1011,27,2731,8280,6417,1114,108,4662,12,3725,1825,25,7737],"class_list":{"0":"post-329479","1":"post","2":"type-post","3":"status-publish","4":"format-standard","5":"has-post-thumbnail","7":"category-grenoble","8":"tag-actu","9":"tag-actualites","10":"tag-alpes","11":"tag-alpes1","12":"tag-auvergne-rhone-alpes","13":"tag-cds","14":"tag-cinema","15":"tag-ecoute","16":"tag-emission","17":"tag-equipe","18":"tag-eu","19":"tag-europe","20":"tag-fr","21":"tag-france","22":"tag-grenoble","23":"tag-haute","24":"tag-information","25":"tag-infos","26":"tag-isere","27":"tag-journal","28":"tag-news","29":"tag-podcast","30":"tag-radio","31":"tag-republique-francaise","32":"tag-winamp"},"share_on_mastodon":{"url":"https:\/\/pubeurope.com\/@fr\/115055886994364553","error":""},"_links":{"self":[{"href":"https:\/\/www.europesays.com\/fr\/wp-json\/wp\/v2\/posts\/329479","targetHints":{"allow":["GET"]}}],"collection":[{"href":"https:\/\/www.europesays.com\/fr\/wp-json\/wp\/v2\/posts"}],"about":[{"href":"https:\/\/www.europesays.com\/fr\/wp-json\/wp\/v2\/types\/post"}],"author":[{"embeddable":true,"href":"https:\/\/www.europesays.com\/fr\/wp-json\/wp\/v2\/users\/2"}],"replies":[{"embeddable":true,"href":"https:\/\/www.europesays.com\/fr\/wp-json\/wp\/v2\/comments?post=329479"}],"version-history":[{"count":0,"href":"https:\/\/www.europesays.com\/fr\/wp-json\/wp\/v2\/posts\/329479\/revisions"}],"wp:featuredmedia":[{"embeddable":true,"href":"https:\/\/www.europesays.com\/fr\/wp-json\/wp\/v2\/media\/329480"}],"wp:attachment":[{"href":"https:\/\/www.europesays.com\/fr\/wp-json\/wp\/v2\/media?parent=329479"}],"wp:term":[{"taxonomy":"category","embeddable":true,"href":"https:\/\/www.europesays.com\/fr\/wp-json\/wp\/v2\/categories?post=329479"},{"taxonomy":"post_tag","embeddable":true,"href":"https:\/\/www.europesays.com\/fr\/wp-json\/wp\/v2\/tags?post=329479"}],"curies":[{"name":"wp","href":"https:\/\/api.w.org\/{rel}","templated":true}]}}