{"id":329483,"date":"2025-08-19T14:25:14","date_gmt":"2025-08-19T14:25:14","guid":{"rendered":"https:\/\/www.europesays.com\/fr\/329483\/"},"modified":"2025-08-19T14:25:14","modified_gmt":"2025-08-19T14:25:14","slug":"accident-entre-un-poids-lourd-et-un-vehicule-sur-la-n136","status":"publish","type":"post","link":"https:\/\/www.europesays.com\/fr\/329483\/","title":{"rendered":"accident entre un poids lourd et un v\u00e9hicule sur la N136"},"content":{"rendered":"<p>            Par<br \/>\n        <strong><br \/>\n            <a href=\"https:\/\/actu.fr\/auteur\/laurene-fertin\" title=\"Consulter tous les articles de Laur\u00e8ne Fertin\" target=\"_blank\" rel=\"noopener\">Laur\u00e8ne Fertin<\/a><br \/>\n        <\/strong><\/p>\n<p>        Publi\u00e9 le<\/p>\n<p>            19 ao\u00fbt 2025 \u00e0 15h03        <\/p>\n<p>Prudence si vous roulez dans le secteur. Bison Fut\u00e9 indique qu\u2019un accident s\u2019est d\u00e9roul\u00e9 entre <strong>un v\u00e9hicule<\/strong> et <strong>un poids lourd<\/strong>, ce mardi 19 ao\u00fbt 2025, sur la <strong>N136,<\/strong> aux alentours de <strong>14h45.<\/strong><\/p>\n<p class=\" wall-content\">La collision s\u2019est produite dans le sens ext\u00e9rieur de la rocade de Rennes, au niveau de<strong> la porte d\u2019Alma\/Nantes<\/strong>.<\/p>\n<p>Des bouchons de 4 km<\/p>\n<p class=\" wall-content\">Selon les premi\u00e8res informations livr\u00e9es par Bison Fut\u00e9, <strong>des bouchons de 4 km sont en cours<\/strong>. <strong>Une r\u00e9duction du nombre de voies<\/strong> est applicable \u00e0 tous les v\u00e9hicules sur la voie de droite.\u00a0<\/p>\n<p class=\" wall-content\"><strong>Les pompiers<\/strong> sont actuellement sur les lieux de l\u2019accident, indique le Codis, \u00e0 la r\u00e9daction.<\/p>\n<p class=\" wall-content\">Personnalisez votre actualit\u00e9 en ajoutant vos villes et m\u00e9dias en favori avec <a href=\"https:\/\/moncompte.actu.fr\" title=\"D\u00e9couvez Mon Actu\" rel=\"nofollow noopener\" data-trk=\"{&quot;cta&quot;:{&quot;action&quot;:&quot;https:\\\/\\\/moncompte.actu.fr&quot;,&quot;category&quot;:&quot;mon compte&quot;,&quot;from&quot;:&quot;article footer&quot;,&quot;name&quot;:&quot;Mon actu&quot;,&quot;type&quot;:&quot;cta&quot;}}\" target=\"_blank\">Mon Actu<\/a>.<\/p>\n","protected":false},"excerpt":{"rendered":"Par Laur\u00e8ne Fertin Publi\u00e9 le 19 ao\u00fbt 2025 \u00e0 15h03 Prudence si vous roulez dans le secteur. Bison&hellip;\n","protected":false},"author":2,"featured_media":329484,"comment_status":"","ping_status":"","sticky":false,"template":"","format":"standard","meta":{"footnotes":""},"categories":[2821],"tags":[1111,11,829,1777,674,118,1011,27,803,12,1311,584,25,4797],"class_list":{"0":"post-329483","1":"post","2":"type-post","3":"status-publish","4":"format-standard","5":"has-post-thumbnail","7":"category-rennes","8":"tag-actu","9":"tag-actualites","10":"tag-bretagne","11":"tag-eu","12":"tag-europe","13":"tag-faits-divers","14":"tag-fr","15":"tag-france","16":"tag-info-trafic","17":"tag-news","18":"tag-pompiers","19":"tag-rennes","20":"tag-republique-francaise","21":"tag-rocade"},"share_on_mastodon":{"url":"https:\/\/pubeurope.com\/@fr\/115055894447118717","error":""},"_links":{"self":[{"href":"https:\/\/www.europesays.com\/fr\/wp-json\/wp\/v2\/posts\/329483","targetHints":{"allow":["GET"]}}],"collection":[{"href":"https:\/\/www.europesays.com\/fr\/wp-json\/wp\/v2\/posts"}],"about":[{"href":"https:\/\/www.europesays.com\/fr\/wp-json\/wp\/v2\/types\/post"}],"author":[{"embeddable":true,"href":"https:\/\/www.europesays.com\/fr\/wp-json\/wp\/v2\/users\/2"}],"replies":[{"embeddable":true,"href":"https:\/\/www.europesays.com\/fr\/wp-json\/wp\/v2\/comments?post=329483"}],"version-history":[{"count":0,"href":"https:\/\/www.europesays.com\/fr\/wp-json\/wp\/v2\/posts\/329483\/revisions"}],"wp:featuredmedia":[{"embeddable":true,"href":"https:\/\/www.europesays.com\/fr\/wp-json\/wp\/v2\/media\/329484"}],"wp:attachment":[{"href":"https:\/\/www.europesays.com\/fr\/wp-json\/wp\/v2\/media?parent=329483"}],"wp:term":[{"taxonomy":"category","embeddable":true,"href":"https:\/\/www.europesays.com\/fr\/wp-json\/wp\/v2\/categories?post=329483"},{"taxonomy":"post_tag","embeddable":true,"href":"https:\/\/www.europesays.com\/fr\/wp-json\/wp\/v2\/tags?post=329483"}],"curies":[{"name":"wp","href":"https:\/\/api.w.org\/{rel}","templated":true}]}}