{"id":329485,"date":"2025-08-19T14:26:20","date_gmt":"2025-08-19T14:26:20","guid":{"rendered":"https:\/\/www.europesays.com\/fr\/329485\/"},"modified":"2025-08-19T14:26:20","modified_gmt":"2025-08-19T14:26:20","slug":"apres-la-vente-de-kalimuendo-rennes-sactive-sur-le-marche-des-attaquants-france-rennes","status":"publish","type":"post","link":"https:\/\/www.europesays.com\/fr\/329485\/","title":{"rendered":"Apr\u00e8s la vente de Kalimuendo, Rennes s&rsquo;active sur le march\u00e9 des attaquants &#8211; France &#8211; Rennes"},"content":{"rendered":"<p>Droit au neuf.<\/p>\n<p>L\u2019op\u00e9ration d\u00e9graissage est une r\u00e9ussite cet \u00e9t\u00e9 au Stade rennais, o\u00f9 21 d\u00e9parts sont d\u00e9j\u00e0 enregistr\u00e9s, en attendant d\u2019autres possibles d\u2019ici la fin du mercato dans une dizaine de jours.\u00a0Le dernier en date ? <strong><a target=\"_blank\" href=\"https:\/\/www.sofoot.com\/breves\/mercato-arnaud-kalimuendo-a-nottingham-forest-cest-officiel\" rel=\"nofollow noopener\">Arnaud Kalimuendo, qui aura rapport\u00e9 des points mais surtout de l\u2019oseille aux Bretons<\/a>, qui en ont n\u00e9goci\u00e9 un transfert estim\u00e9 \u00e0 un peu plus de 30 millions d\u2019euros avec Nottingham Forest<\/strong>.<\/p>\n<p>Rennes sait vendre, cela ne fait aucun doute, mais tous les derniers achats offensifs n\u2019ont en revanche pas \u00e9t\u00e9 des grands succ\u00e8s sur les bords de la Vilaine. La mission qui attend Lo\u00efc D\u00e9sir\u00e9 et les dirigeants bretons ces prochains jours : faire mieux et renforcer une attaque peu fournie.<\/p>\n<p>Harder, Brobbey, Lepaul\u2026<\/p>\n<p>Plusieurs noms ont commenc\u00e9 \u00e0 sortir ces derni\u00e8res heures. Dont celui de Conrad Harder, r\u00e9v\u00e9l\u00e9 par L\u2019Equipe, mais qui \u00e9tait arriv\u00e9 au Sporting l\u2019\u00e9t\u00e9 dernier contre 19 millions d\u2019euros, ou encore\u00a0<a target=\"_blank\" href=\"https:\/\/www.sofoot.com\/breves\/brian-brobbey-extorque-pendant-des-annees-par-une-figure-du-grand-banditisme-damsterdam\" rel=\"nofollow noopener\">Brian Brobbey<\/a>, l\u2019attaquant de l\u2019Ajax (45 buts en 117 matchs), qui aurait les faveurs du club breton, selon le m\u00e9dia n\u00e9erlandais <a target=\"_blank\" href=\"https:\/\/www.ad.nl\/transfernieuws\/spel-op-de-wagen-voor-brian-brobbey-stade-rennes-heeft-ruim-20-miljoen-over-voor-ajax-spits~a18f6756\/?referrer=https%3A%2F%2Fwww.reddit.com%2F\" rel=\"nofollow noopener\">AD<\/a>.<\/p>\n<p>Une autre piste s\u00e9rieuse, celle menant \u00e0 Est\u00e9ban Lepaul, \u00e9galement sortie par le quotidien et que nous pouvons confirmer. Le SCO aurait m\u00eame d\u00e9j\u00e0 refus\u00e9 une premi\u00e8re offre pour son buteur, encore d\u00e9cisif en ouverture du championnat ce week-end contre le Paris FC, et r\u00e9clamerait\u2026 25 millions d\u2019euros, apr\u00e8s l\u2019avoir recrut\u00e9 pour environ 150 000 euros.<\/p>\n<p>La bonne grosse n\u00e9go \u00e0 venir.<\/p>\n<p>\t\t\t\t\t\t\t\t\t\t<a class=\"lien-connexe\" href=\"https:\/\/www.sofoot.com\/breves\/mercato-arnaud-kalimuendo-a-nottingham-forest-cest-officiel\" rel=\"nofollow noopener\" target=\"_blank\">Arnaud Kalimuendo file en Premier League<\/a>\t\t\t\t\t<\/p>\n","protected":false},"excerpt":{"rendered":"Droit au neuf. L\u2019op\u00e9ration d\u00e9graissage est une r\u00e9ussite cet \u00e9t\u00e9 au Stade rennais, o\u00f9 21 d\u00e9parts sont d\u00e9j\u00e0&hellip;\n","protected":false},"author":2,"featured_media":329486,"comment_status":"","ping_status":"","sticky":false,"template":"","format":"standard","meta":{"footnotes":""},"categories":[2821],"tags":[1111,47,11,61,829,69,65,64,1777,674,63,1011,27,68,66,12,62,70,584,25,67],"class_list":{"0":"post-329485","1":"post","2":"type-post","3":"status-publish","4":"format-standard","5":"has-post-thumbnail","7":"category-rennes","8":"tag-actu","9":"tag-actualite","10":"tag-actualites","11":"tag-actus-football","12":"tag-bretagne","13":"tag-bundesliga","14":"tag-championnats-europeens","15":"tag-equipe-de-france","16":"tag-eu","17":"tag-europe","18":"tag-football","19":"tag-fr","20":"tag-france","21":"tag-ligua","22":"tag-ligue-1","23":"tag-news","24":"tag-news-foot","25":"tag-premier-league","26":"tag-rennes","27":"tag-republique-francaise","28":"tag-serie-a"},"share_on_mastodon":{"url":"https:\/\/pubeurope.com\/@fr\/115055898357271145","error":""},"_links":{"self":[{"href":"https:\/\/www.europesays.com\/fr\/wp-json\/wp\/v2\/posts\/329485","targetHints":{"allow":["GET"]}}],"collection":[{"href":"https:\/\/www.europesays.com\/fr\/wp-json\/wp\/v2\/posts"}],"about":[{"href":"https:\/\/www.europesays.com\/fr\/wp-json\/wp\/v2\/types\/post"}],"author":[{"embeddable":true,"href":"https:\/\/www.europesays.com\/fr\/wp-json\/wp\/v2\/users\/2"}],"replies":[{"embeddable":true,"href":"https:\/\/www.europesays.com\/fr\/wp-json\/wp\/v2\/comments?post=329485"}],"version-history":[{"count":0,"href":"https:\/\/www.europesays.com\/fr\/wp-json\/wp\/v2\/posts\/329485\/revisions"}],"wp:featuredmedia":[{"embeddable":true,"href":"https:\/\/www.europesays.com\/fr\/wp-json\/wp\/v2\/media\/329486"}],"wp:attachment":[{"href":"https:\/\/www.europesays.com\/fr\/wp-json\/wp\/v2\/media?parent=329485"}],"wp:term":[{"taxonomy":"category","embeddable":true,"href":"https:\/\/www.europesays.com\/fr\/wp-json\/wp\/v2\/categories?post=329485"},{"taxonomy":"post_tag","embeddable":true,"href":"https:\/\/www.europesays.com\/fr\/wp-json\/wp\/v2\/tags?post=329485"}],"curies":[{"name":"wp","href":"https:\/\/api.w.org\/{rel}","templated":true}]}}