{"id":329491,"date":"2025-08-19T14:29:11","date_gmt":"2025-08-19T14:29:11","guid":{"rendered":"https:\/\/www.europesays.com\/fr\/329491\/"},"modified":"2025-08-19T14:29:11","modified_gmt":"2025-08-19T14:29:11","slug":"huit-musiciens-deux-choristes-de-la-video-vincent-niclo-promet-un-joli-spectacle-a-contes","status":"publish","type":"post","link":"https:\/\/www.europesays.com\/fr\/329491\/","title":{"rendered":"Huit musiciens, deux choristes, de la vid\u00e9o&#8230; Vincent Niclo promet un joli spectacle \u00e0 Contes"},"content":{"rendered":"<p>Il \u00e9tait d\u00e9but juillet \u00e0 Carqueiranne, d\u00e9but ao\u00fbt \u00e0 Saint-Cyr-sur-Mer, il sera de retour dans la r\u00e9gion, \u00e0 Contes, le 28 ao\u00fbt, puis \u00e0 La Palestre au Cannet le 8 f\u00e9vrier prochain.<\/p>\n<p>Vincent Niclo, qui est toujours sur les routes, n\u2019en a pas moins c\u00e9l\u00e9br\u00e9 son jubil\u00e9 cette ann\u00e9e avec un opus, Bel Canto, pens\u00e9 comme un miroir musical de ses plus beaux souvenirs. Et une tourn\u00e9e \u00e9ponyme qui a transport\u00e9 les publics d\u2019ici et d\u2019ailleurs dans un tourbillon d\u2019\u00e9motions. Confidences de l\u2019artiste.<\/p>\n<p><strong>Comment s\u2019est d\u00e9roul\u00e9e jusqu\u2019\u00e0 pr\u00e9sent votre tourn\u00e9e?<\/strong><\/p>\n<p>Il y en a eu deux: celle que j\u2019ai faite au printemps, avec 35 dates, en France, ainsi qu\u2019en Belgique et en Suisse. Elle s\u2019est merveilleusement pass\u00e9e, et s\u2019est termin\u00e9e en beaut\u00e9 \u00e0 l\u2019Olympia. C\u2019\u00e9tait un sacr\u00e9 pari pour moi, puisqu\u2019il y avait un ch\u0153ur de 60 personnes, de la vid\u00e9o, une \u00e9norme machine! Un spectacle qui me tenait d\u2019autant plus \u00e0 c\u0153ur qu\u2019il racontait mon parcours. Et il y a cette tourn\u00e9e d\u2019\u00e9t\u00e9, avec des spectacles diss\u00e9min\u00e9s un peu partout, souvent dans des th\u00e9\u00e2tres de la mer ou dans le moyen pays, comme ce sera le cas \u00e0 Contes.<\/p>\n<p><strong>Que proposerez-vous au public?<\/strong><\/p>\n<p>Un spectacle diff\u00e9rent, d\u20191h30, avec huit musiciens, deux choristes, de la vid\u00e9o. Un m\u00e9lange de la tourn\u00e9e Bel Canto et de celle que j\u2019avais faite avant dans les \u00e9glises et les cath\u00e9drales, R\u00e9cital. Je suis d\u2019autant plus heureux de revenir que j\u2019avais d\u00fb annuler notamment une date \u00e0 Nice apr\u00e8s qu\u2019un pr\u00eatre a \u00e9t\u00e9 tu\u00e9 [lors de l\u2019attentat de la basilique Notre-Dame, ndlr] et je n\u2019avais pas pu venir non plus lors de mon Bel Canto tour, le Casino Barri\u00e8re o\u00f9 je devais me produire \u00e9tant en travaux. De ce fait, je sais que certains fans sont impatients que je revienne! J\u2019ai beaucoup de jolis souvenirs li\u00e9s \u00e0 cette zone g\u00e9ographique, comme ma participation \u00e0 la c\u00e9r\u00e9monie de cl\u00f4ture du Festival international du film l\u2019ann\u00e9e derni\u00e8re \u00e0 Monaco.<\/p>\n<p><strong>Pourquoi ce th\u00e8me du Bel Canto?<\/strong><\/p>\n<p>Le Bel Canto, c\u2019est ce que je fais depuis toujours: c\u2019est l\u2019art de mettre en avant une voix dans diff\u00e9rents registres. J\u2019avais envie de faire un album sur ce th\u00e8me parce que \u00e7a me ressemble. Et de m\u2019entourer d\u2019un ch\u0153ur, chose que je n\u2019avais plus exp\u00e9riment\u00e9e depuis l\u2019\u00e9poque des ch\u0153urs de l\u2019arm\u00e9e rouge. Avec des chansons qui ont compt\u00e9 dans ma vie, comme Diego libre dans sa t\u00eate qui m\u2019a fait gagner Mask Singer. The Prayer, c\u2019est un clin d\u2019\u0153il \u00e0 C\u00e9line Dion et au spectacle C\u00e9line Symphonique, et My Way, c\u2019est parce que j\u2019ai perdu mon papa il y a deux ans et c\u2019\u00e9tait une fa\u00e7on de lui rendre hommage puisque c\u2019\u00e9tait sa chanson pr\u00e9f\u00e9r\u00e9e&#8230;<\/p>\n<p><strong>De qui \u00e9tait compos\u00e9 ce ch\u0153ur symphonique?<\/strong><\/p>\n<p>Il s\u2019agissait \u00e0 chaque spectacle d\u2019un ch\u0153ur de la r\u00e9gion. De choristes qui avaient envie de travailler avec moi sur la tourn\u00e9e. Certains ont m\u00eame fait plusieurs dates. Leur pr\u00e9sence a apport\u00e9 un suppl\u00e9ment d\u2019\u00e2me au spectacle, c\u2019\u00e9tait g\u00e9nial de m\u00e9langer ainsi nos voix, et \u00e7a bonifie les chansons.<\/p>\n<p><strong>La voix repr\u00e9sente quoi pour vous symboliquement?<\/strong><\/p>\n<p>Qu\u2019elle soit parl\u00e9e ou chant\u00e9e, c\u2019est le reflet de l\u2019\u00e2me. Et du c\u0153ur. Car elle est directement li\u00e9e \u00e0 l\u2019\u00e9motionnel. C\u2019est pour cette raison m\u00eame que je fais ce m\u00e9tier. Et pour essayer de transmettre ce que j\u2019ai re\u00e7u. Je chante depuis tout petit parce que mon p\u00e8re \u00e9tait chanteur musicien. \u00c0 5 ans j\u2019ai fait mes premiers concours et \u00e0 6 j\u2019\u00e9tudiais le solf\u00e8ge. J\u2019ai toujours baign\u00e9 l\u00e0-dedans, j\u2019ai fait des duos avec mon p\u00e8re. Mais personne ne chantait de lyrique \u00e0 la maison.<\/p>\n<p><strong>Comment y \u00eates-vous venu?<\/strong><\/p>\n<p>J\u2019ai eu la r\u00e9v\u00e9lation \u00e0 13 ans en \u00e9coutant Pavarotti. Je ne savais pas encore si j\u2019avais le potentiel et l\u2019outil pour. J\u2019ai travaill\u00e9 avec un professeur de l\u2019op\u00e9ra de Paris qui, au bout de deux ans, m\u2019a confirm\u00e9 que j\u2019avais un truc et qu\u2019il fallait que je continue. Il y a des gens qui ont une voix naturelle, et d\u2019autres, comme moi, qui se r\u00e9v\u00e8lent \u00e0 force d\u2019efforts. On a souvent des choses en nous que l\u2019on ignore, et c\u2019est ce qui fait le sel de la vie: se d\u00e9couvrir.<\/p>\n<p><strong>Encore aujourd\u2019hui, vous qui avez f\u00eat\u00e9 vos 50 ans cette ann\u00e9e?<\/strong><\/p>\n<p>Et je le vis tr\u00e8s bien! Pour moi chaque ann\u00e9e est un bonus. Voir les choses comme \u00e7a est une force suppl\u00e9mentaire. Et je continue \u00e0 d\u00e9couvrir des choses dans ma voix. La voix est surprenante, c\u2019est un organe vivant. Et m\u00eame si, en tant qu\u2019artiste, on ne sauve pas des vies comme les chirurgiens ou les chercheurs, on essaie de distraire les gens et on les aide, peut-\u00eatre, parfois \u00e0 traverser des moments difficiles.<\/p>\n<p>Jeudi 28 ao\u00fbt, dans le cadre du festival Pa\u00efoun Ven, au th\u00e9\u00e2tre de Verdure \u00e0 Contes. Richard Gardet Orchestra \u00e0 20h15 et \u00e0 21h30 Vincent Niclo. 2 ou 2,50 euros. Rens. 04.92.14.42.73. www.helice-contes.fr<\/p>\n<p>            Vincent Niclo en 3 chansons coups de c\u0153ur<\/p>\n<p>Vincent Niclo nous a d\u00e9voil\u00e9 ce petit floril\u00e8ge de ses titres pr\u00e9f\u00e9r\u00e9s, r\u00e9v\u00e9lateur de son esprit audacieux et touche \u00e0 tout.<\/p>\n<p><strong>1. \u00ab\u00a0Ameno\u00a0\u00bb avec les ch\u0153urs de l\u2019arm\u00e9e rouge<\/strong><\/p>\n<p>\u00ab\u00a0C\u2019est vraiment ce titre, extrait de l\u2019album Op\u00e9ra rouge, qui m\u2019a r\u00e9v\u00e9l\u00e9 au grand public en 2012.\u00a0\u00bb<\/p>\n<p><strong>2. \u00ab\u00a0All By Myself\u00a0\u00bb interpr\u00e9t\u00e9 devant C\u00e9line Dion<\/strong><\/p>\n<p>\u00ab\u00a0Quand j\u2019ai eu l\u2019audace de chanter All By Myself, quand m\u00eame, il faut \u00eatre dingue, devant C\u00e9line Dion, \u00e7a a chang\u00e9 ma vie. C\u2019\u00e9tait le 24 novembre 2012, dans l\u2019\u00e9mission pr\u00e9sent\u00e9e par Michel Drucker, Le Grand Show de C\u00e9line Dion. Elle a eu une r\u00e9action tellement chaleureuse, en disant en plus devant tout le monde que je ressemblais \u00e0 James Bond, c\u2019\u00e9tait comme si la reine m\u2019adoubait! Elle a toujours \u00e9t\u00e9 tellement bienveillante avec moi, depuis mes d\u00e9buts, elle a \u00e9t\u00e9 un booster de ma carri\u00e8re. Notamment en me permettant de faire la premi\u00e8re partie de ses concerts. Je ne pouvais pas r\u00eaver meilleure marraine.\u00a0\u00bb<\/p>\n<p><strong>3. \u00ab\u00a0Diego libre dans sa t\u00eate\u00a0\u00bb durant l\u2019\u00e9mission \u00ab\u00a0Mask Singer\u00a0\u00bb<\/strong><\/p>\n<p>\u00ab\u00a0J\u2019ai une voix plut\u00f4t classique, lyrique, parfois, de com\u00e9die musicale aussi, puisque c\u2019est l\u00e0 d\u2019o\u00f9 je viens, mais quand j\u2019ai fait Mask Singer, Pierre Billon qui \u00e9tait l\u2019acolyte de Johnny Hallyday m\u2019a fait chanter en raclant un peu plus la voix pour me donner un c\u00f4t\u00e9 rock&#8230; Et j\u2019ai gagn\u00e9 l\u2019\u00e9mission! J\u2019avais peur de le faire et maintenant je m\u2019en sers. Ce qui est tr\u00e8s r\u00e9jouissant c\u2019est que, depuis, mon public a consid\u00e9rablement rajeuni: depuis Mask Singer, des enfants viennent \u00e0 mes concerts en m\u2019appelant le husky [le costume qu\u2019il portait durant cette \u00e9mission dans laquelle des personnalit\u00e9s chantent dissimul\u00e9es derri\u00e8res des d\u00e9guisements, ndlr] lorsqu\u2019ils me demandent ensuite des autographes. Trop mignon!\u00a0\u00bb<\/p>\n","protected":false},"excerpt":{"rendered":"Il \u00e9tait d\u00e9but juillet \u00e0 Carqueiranne, d\u00e9but ao\u00fbt \u00e0 Saint-Cyr-sur-Mer, il sera de retour dans la r\u00e9gion, \u00e0&hellip;\n","protected":false},"author":2,"featured_media":329492,"comment_status":"","ping_status":"","sticky":false,"template":"","format":"standard","meta":{"footnotes":""},"categories":[2819],"tags":[1111,11,4156,251,1777,674,1011,27,12,2401,882,25],"class_list":{"0":"post-329491","1":"post","2":"type-post","3":"status-publish","4":"format-standard","5":"has-post-thumbnail","7":"category-nice","8":"tag-actu","9":"tag-actualites","10":"tag-concerts","11":"tag-culture","12":"tag-eu","13":"tag-europe","14":"tag-fr","15":"tag-france","16":"tag-news","17":"tag-nice","18":"tag-provence-alpes-cote-dazur","19":"tag-republique-francaise"},"share_on_mastodon":{"url":"https:\/\/pubeurope.com\/@fr\/115055910466102814","error":""},"_links":{"self":[{"href":"https:\/\/www.europesays.com\/fr\/wp-json\/wp\/v2\/posts\/329491","targetHints":{"allow":["GET"]}}],"collection":[{"href":"https:\/\/www.europesays.com\/fr\/wp-json\/wp\/v2\/posts"}],"about":[{"href":"https:\/\/www.europesays.com\/fr\/wp-json\/wp\/v2\/types\/post"}],"author":[{"embeddable":true,"href":"https:\/\/www.europesays.com\/fr\/wp-json\/wp\/v2\/users\/2"}],"replies":[{"embeddable":true,"href":"https:\/\/www.europesays.com\/fr\/wp-json\/wp\/v2\/comments?post=329491"}],"version-history":[{"count":0,"href":"https:\/\/www.europesays.com\/fr\/wp-json\/wp\/v2\/posts\/329491\/revisions"}],"wp:featuredmedia":[{"embeddable":true,"href":"https:\/\/www.europesays.com\/fr\/wp-json\/wp\/v2\/media\/329492"}],"wp:attachment":[{"href":"https:\/\/www.europesays.com\/fr\/wp-json\/wp\/v2\/media?parent=329491"}],"wp:term":[{"taxonomy":"category","embeddable":true,"href":"https:\/\/www.europesays.com\/fr\/wp-json\/wp\/v2\/categories?post=329491"},{"taxonomy":"post_tag","embeddable":true,"href":"https:\/\/www.europesays.com\/fr\/wp-json\/wp\/v2\/tags?post=329491"}],"curies":[{"name":"wp","href":"https:\/\/api.w.org\/{rel}","templated":true}]}}