{"id":329493,"date":"2025-08-19T14:30:12","date_gmt":"2025-08-19T14:30:12","guid":{"rendered":"https:\/\/www.europesays.com\/fr\/329493\/"},"modified":"2025-08-19T14:30:12","modified_gmt":"2025-08-19T14:30:12","slug":"le-parquet-de-nice-ouvre-une-enquete-suite-a-la-torture-et-la-mort-en-direct-du-streameur-jean-pormanove","status":"publish","type":"post","link":"https:\/\/www.europesays.com\/fr\/329493\/","title":{"rendered":"Le parquet de Nice ouvre une enqu\u00eate suite \u00e0 la torture et la mort en direct du streameur \u00ab\u00a0Jean Pormanove\u00a0\u00bb"},"content":{"rendered":"<p>Le compteur indiquait 298\u00a0heures. Soit l\u2019\u00e9quivalent de douze jours durant lesquels\u00a0Rapha\u00ebl Graven, connu en ligne sous les pseudos \u00ab\u00a0Jean Pormanove\u00a0\u00bb ou \u00ab\u00a0JP\u00a0\u00bb, a subi des coups de gants de boxe, des tirs d\u2019armes con\u00e7ues pour des parties de paintball, des noyades, des strangulations et <a href=\"https:\/\/www.humanite.fr\/feminisme\/extreme-droite\/les-masculinistes-une-porte-dentree-vers-lextreme-droite\" target=\"_blank\" rel=\"noopener\">un harc\u00e8lement moral en direct<\/a> sur la plateforme Kick. Le streameur, membre star du Lokal aux c\u00f4t\u00e9s de ses homologues \u00ab\u00a0Safine\u00a0\u00bb et \u00ab\u00a0Naruto\u00a0\u00bb, est finalement d\u00e9c\u00e9d\u00e9 en direct, dans la nuit du dimanche\u00a017 au lundi 18\u00a0ao\u00fbt, \u00e0 l\u2019\u00e2ge de 46\u00a0ans.<\/p>\n<p>Le parquet de Nice a indiqu\u00e9, dans la journ\u00e9e du mardi 19\u00a0ao\u00fbt, avoir ouvert une enqu\u00eate suite au d\u00e9c\u00e8s de Rapha\u00ebl Graven, confirmant les <a href=\"https:\/\/www.mediapart.fr\/journal\/france\/180825\/victime-de-maltraitance-en-ligne-depuis-des-mois-le-streamer-jean-pormanove-meurt-en-direct\" target=\"_blank\" rel=\"noopener\">r\u00e9v\u00e9lations de Mediapart<\/a>. Le m\u00e9dia d\u2019investigation annon\u00e7ait, dans la soir\u00e9e de lundi, que la brigade de gendarmerie de Nice \u00e9tait intervenue le matin m\u00eame, avec l\u2019aide de la cellule d\u2019identification criminelle, dans le local o\u00f9 \u00e9taient tourn\u00e9es les vid\u00e9os du Lokal, situ\u00e9 dans la commune de Contes (Alpes-Maritimes).<\/p>\n<p>Plus de 160\u00a0000 abonn\u00e9s<\/p>\n<p>Le parquet a indiqu\u00e9 avoir ouvert une enqu\u00eate en \u00ab\u00a0recherche des causes de la mort\u00a0\u00bb et ordonn\u00e9 une autopsie. Les investigations ont \u00e9t\u00e9 confi\u00e9es \u00e0 la police judiciaire de Nice, d\u00e9j\u00e0 saisie le 16\u00a0d\u00e9cembre 2024 d\u2019une enqu\u00eate pour \u00ab\u00a0violences volontaires en r\u00e9union sur personnes vuln\u00e9rables (\u2026) et diffusion d\u2019enregistrement d\u2019images relatives \u00e0 la commission d\u2019infractions d\u2019atteintes volontaires \u00e0 l\u2019int\u00e9grit\u00e9 de la personne\u00a0\u00bb. Cette premi\u00e8re investigation avait \u00e9t\u00e9 lanc\u00e9e suite \u00e0 un pr\u00e9c\u00e9dent article de Mediapart mettant en lumi\u00e8re<a href=\"https:\/\/www.mediapart.fr\/journal\/france\/151224\/bataille-de-cotoreps-sur-la-plateforme-kick-des-humiliations-et-violences-en-direct-pour-des-cartons-d-aud\" target=\"_blank\" rel=\"noopener\"> l\u2019existence de ces vid\u00e9os<\/a> suivies par des milliers de viewers (spectateurs).<\/p>\n<p>Forts de plus de 160\u00a0000 abonn\u00e9s, \u00ab\u00a0Naruto\u00a0\u00bb, \u00ab\u00a0Safine\u00a0\u00bb, \u00ab\u00a0JP\u00a0\u00bb et un quatri\u00e8me membre du collectif, \u00ab\u00a0Coudoux\u00a0\u00bb, rassemblaient alors environ 15\u00a0000 viewers par stream sur la plateforme Kick. Mediapart \u00e9pinglait ainsi d\u00e9j\u00e0 la multiplication des s\u00e9ances de tortures \u00e0 l\u2019encontre des deux derniers cit\u00e9s, respectivement un ancien militaire s\u2019\u00e9tant annonc\u00e9 en d\u00e9tresse sociale \u00e0 plusieurs reprises et un homme atteint d\u2019un handicap l\u2019obligeant \u00e0 \u00eatre sous curatelle.<\/p>\n<p>Le streameur \u00ab\u00a0Naruto\u00a0\u00bb, qui g\u00e8re la cha\u00eene, avait alors r\u00e9pondu aux sollicitations de Mediapart, afin de d\u00e9fendre ses concepts\u00a0: \u00ab\u00a0Les gens sont l\u00e0 pour voir les r\u00e9actions de \u201cP\u201d et \u201cCoudoux\u201d, leurs r\u00e9actions sont beaucoup plus atypiques (\u2026). On sait ce qui fait rire et ne pas rire les gens.\u00a0\u00bb La violence explicite de leurs streams servait de fonds de commerce. Le contrat avec leur communaut\u00e9 \u00e9tait clair\u00a0: plus \u00ab\u00a0Naruto\u00a0\u00bb et \u00ab\u00a0Safine\u00a0\u00bb martyrisaient leurs souffre-douleurs, plus leurs spectateurs contribuaient \u00e0 leur r\u00e9ussite financi\u00e8re. Fut ainsi enclench\u00e9 un rapport morbide \u00e0 la r\u00e9alit\u00e9, o\u00f9 les exc\u00e8s ont pris le pas sur la morale. Le tout a \u00e9t\u00e9 accompagn\u00e9, \u00e0 de nombreuses reprises, <a href=\"https:\/\/www.humanite.fr\/medias\/agressions-sexuelles\/masculiniste-defendu-par-lentourage-de-donald-trump-accuse-dexploitation-sexuelle-et-devasion-fiscale-qui-est-andrew-tate\" target=\"_blank\" rel=\"noopener\">par une r\u00e9thorique masculiniste<\/a>, afin de justifier cette violence constante.  <\/p>\n<p>Leur odyss\u00e9e morbide aura pris fin d\u2019une mani\u00e8re tragique \u2013 et pr\u00e9visible \u2013 avec le d\u00e9c\u00e8s en direct de Jean Pormanove. Mediapart restitue le moment fatidique\u00a0: \u00ab\u00a0On voit ainsi Jean Pormanove allong\u00e9 et immobile, entour\u00e9 d\u2019autres personnes qui semblent endormies (\u2026) On distingue ledit Naruto qui se l\u00e8ve, tente de r\u00e9veiller Jean Pormanove et s\u2019inqui\u00e8te que celui-ci ne r\u00e9ponde pas, avant de mettre fin au direct.\u00a0\u00bb<\/p>\n<p>D\u00e8s les minutes qui suivent la coupure, soit lundi matin, le forum Discord o\u00f9 se rassemblent les <a href=\"https:\/\/www.humanite.fr\/politique\/assemblee-nationale\/le-grand-nimporte-quoi-de-la-commission-denquete-sur-tiktok\" target=\"_blank\" rel=\"noopener\">fans du Lokal<\/a> s\u2019enfonce dans l\u2019incompr\u00e9hension et l\u2019inqui\u00e9tude. \u00ab\u00a0Il y a vraiment un probl\u00e8me, je crois\u00a0\u00bb, alerte l\u2019un d\u2019entre eux. \u00ab\u00a0JP a fait une sorte d\u2019\u00e9touffement dans son sommeil, encha\u00eene un autre viewer. Il est rest\u00e9 une quarantaine de minutes sans bouger du tout.\u00a0\u00bb Les autres membres du collectif, eux, dormaient.<\/p>\n<p>Le canal de discussion est finalement bloqu\u00e9 \u00e0 11\u00a0h\u00a015 par ses administrateurs. Leur seule annonce date de six minutes\u00a0: \u00ab\u00a0Quand Owen a essay\u00e9 de le (\u00abJP\u00a0\u00bb, NDLR) r\u00e9veiller, il ne r\u00e9pondait pas\u00a0\u00bb, avant de demander aux membres de ne pas diffuser de rumeurs sur l\u2019\u00e9tat de sant\u00e9 du streameur. \u00ab\u00a0Naruto\u00a0\u00bb a finalement pris la parole en fin d\u2019apr\u00e8s-midi. Dans un message publi\u00e9 sur son compte Instagram, le streameur annonce le d\u00e9c\u00e8s de sa victime\u00a0: \u00ab\u00a0Malheureusement, cette nuit, JP (Rapha\u00ebl Graven) nous a quitt\u00e9s. Je vous demande \u00e0 tous de respecter sa m\u00e9moire et de ne pas partager la vid\u00e9o de son dernier souffle dans son sommeil.\u00a0\u00bb<\/p>\n<p>L\u2019affaire prend de telles proportions que Clara Chappaz, ministre d\u00e9l\u00e9gu\u00e9e charg\u00e9e du Num\u00e9rique, finit par d\u00e9noncer sur le r\u00e9seau X \u00ab\u00a0une horreur absolue\u00a0\u00bb et par annoncer qu\u2019elle a \u00ab\u00a0saisi l\u2019Arcom et effectu\u00e9 un signalement sur Pharos\u00a0\u00bb, le service de lutte contre la violence en ligne. Interrog\u00e9e par mail par l\u2019Agence France-Presse, la direction de Kick a affirm\u00e9 \u00ab\u00a0ne pouvoir donner aucune information en raison de notre politique de confidentialit\u00e9\u00a0\u00bb.<\/p>\n<p>Plateforme australienne, filiale de la soci\u00e9t\u00e9 de casino en ligne Stake, Kick s\u2019est impos\u00e9 comme la version trash de sa principale concurrente, <a href=\"https:\/\/www.humanite.fr\/culture-et-savoir\/fete-de-lhumanite\/comment-parler-de-politique-sur-internet-ca-ira\" target=\"_blank\" rel=\"noopener\">Twitch<\/a>. Bas\u00e9e sur le syst\u00e8me popularis\u00e9 par son a\u00een\u00e9 \u00e9tats-unien, avec la diffusion en direct de streams anim\u00e9s par des comptes priv\u00e9s, Kick s\u2019est retrouv\u00e9 au centre de la lumi\u00e8re pour son lib\u00e9ralisme assum\u00e9. L\u2019\u00e9mergence de la plateforme, en 2023, s\u2019est ainsi construite sur un laxisme assum\u00e9 en termes de mod\u00e9rations, entre la diffusion de parties de poker, comme de contenus pornographiques et antis\u00e9mites. Kick a aussi tent\u00e9 d\u2019attirer des c\u00e9l\u00e9brit\u00e9s du streaming avec la promesse d\u2019une r\u00e9mun\u00e9ration sup\u00e9rieure \u00e0 celle possible sur Twitch, avec 95\u00a0% des revenus g\u00e9n\u00e9r\u00e9s \u00e0 destination des streameurs, contre entre 50 et 30\u00a0% pour son concurrent \u00e9tats-unien.<\/p>\n<p>Avant de partir, une derni\u00e8re chose\u2026<\/p>\n<p>Contrairement \u00e0 90% des m\u00e9dias fran\u00e7ais aujourd\u2019hui, <strong>l\u2019Humanit\u00e9 ne d\u00e9pend ni de grands groupes ni de milliardaires<\/strong>. Cela signifie que : <\/p>\n<ul class=\"wp-block-list\">\n<li>nous vous apportons des informations impartiales, sans compromis. Mais aussi que <\/li>\n<li>nous n\u2019avons pas les moyens financiers dont b\u00e9n\u00e9ficient les autres m\u00e9dias.<\/li>\n<\/ul>\n<p><strong>L\u2019information ind\u00e9pendante et de qualit\u00e9 a un co\u00fbt<\/strong>. Payez-le.<br \/><a href=\"https:\/\/stage.preprod.humanite.fr\/lhumanite-cest-vous\" data-type=\"link\" data-id=\"https:\/\/stage.preprod.humanite.fr\/lhumanite-cest-vous\" target=\"_blank\" rel=\"noopener\">Je veux en savoir plus<\/a><\/p>\n","protected":false},"excerpt":{"rendered":"Le compteur indiquait 298\u00a0heures. Soit l\u2019\u00e9quivalent de douze jours durant lesquels\u00a0Rapha\u00ebl Graven, connu en ligne sous les pseudos&hellip;\n","protected":false},"author":2,"featured_media":329494,"comment_status":"","ping_status":"","sticky":false,"template":"","format":"standard","meta":{"footnotes":""},"categories":[2819],"tags":[1111,11,1777,674,118,1011,27,3851,46697,12,2401,882,25,128],"class_list":{"0":"post-329493","1":"post","2":"type-post","3":"status-publish","4":"format-standard","5":"has-post-thumbnail","7":"category-nice","8":"tag-actu","9":"tag-actualites","10":"tag-eu","11":"tag-europe","12":"tag-faits-divers","13":"tag-fr","14":"tag-france","15":"tag-masculinisme","16":"tag-mortalitu00e9","17":"tag-news","18":"tag-nice","19":"tag-provence-alpes-cote-dazur","20":"tag-republique-francaise","21":"tag-streaming"},"share_on_mastodon":{"url":"https:\/\/pubeurope.com\/@fr\/115055914061217744","error":""},"_links":{"self":[{"href":"https:\/\/www.europesays.com\/fr\/wp-json\/wp\/v2\/posts\/329493","targetHints":{"allow":["GET"]}}],"collection":[{"href":"https:\/\/www.europesays.com\/fr\/wp-json\/wp\/v2\/posts"}],"about":[{"href":"https:\/\/www.europesays.com\/fr\/wp-json\/wp\/v2\/types\/post"}],"author":[{"embeddable":true,"href":"https:\/\/www.europesays.com\/fr\/wp-json\/wp\/v2\/users\/2"}],"replies":[{"embeddable":true,"href":"https:\/\/www.europesays.com\/fr\/wp-json\/wp\/v2\/comments?post=329493"}],"version-history":[{"count":0,"href":"https:\/\/www.europesays.com\/fr\/wp-json\/wp\/v2\/posts\/329493\/revisions"}],"wp:featuredmedia":[{"embeddable":true,"href":"https:\/\/www.europesays.com\/fr\/wp-json\/wp\/v2\/media\/329494"}],"wp:attachment":[{"href":"https:\/\/www.europesays.com\/fr\/wp-json\/wp\/v2\/media?parent=329493"}],"wp:term":[{"taxonomy":"category","embeddable":true,"href":"https:\/\/www.europesays.com\/fr\/wp-json\/wp\/v2\/categories?post=329493"},{"taxonomy":"post_tag","embeddable":true,"href":"https:\/\/www.europesays.com\/fr\/wp-json\/wp\/v2\/tags?post=329493"}],"curies":[{"name":"wp","href":"https:\/\/api.w.org\/{rel}","templated":true}]}}