{"id":329497,"date":"2025-08-19T14:32:42","date_gmt":"2025-08-19T14:32:42","guid":{"rendered":"https:\/\/www.europesays.com\/fr\/329497\/"},"modified":"2025-08-19T14:32:42","modified_gmt":"2025-08-19T14:32:42","slug":"les-reponses-cinglantes-de-luis-castro-sur-le-cas-matthis-abline","status":"publish","type":"post","link":"https:\/\/www.europesays.com\/fr\/329497\/","title":{"rendered":"les r\u00e9ponses cinglantes de Luis Castro sur le cas Matthis Abline"},"content":{"rendered":"<p>Le cas <a href=\"https:\/\/www.footmercato.net\/joueur\/matthis-abline\/\" rel=\"nofollow noopener\" target=\"_blank\">Matthis Abline<\/a> fait l\u2019actualit\u00e9 du mercato du FC <a href=\"https:\/\/www.footmercato.net\/club\/fc-nantes\/\" rel=\"nofollow noopener\" target=\"_blank\">Nantes<\/a>. Au sortir d\u2019une saison 2024\/2025 r\u00e9ussie (11 buts, 2 passes d\u00e9cisives en 36 matches), l\u2019ancien pensionnaire du Stade Rennais pensait ne pas s\u2019\u00e9terniser sur les bords de l\u2019Erdre. Courtis\u00e9 par l\u2019Olympique de Marseille, Lille, Sunderland et le Paris FC, le buteur de 22 ans sous contrat jusqu\u2019en 2028 a vu le FCN doucher tous ses pr\u00e9tendants en repoussant des offres de 20 M\u20ac et en ne cessant de changer le montant du prix de vente, passant de 30 \u00e0 40 puis \u00e0 50 M\u20ac. De quoi agacer toutes les parties prenantes.<\/p>\n<p>            La suite apr\u00e8s cette publicit\u00e9<\/p>\n<p>Ce dimanche soir, Luis Castro a d\u2019ailleurs fait parler de lui en d\u00e9cidant de ne pas titulariser son joueur <a href=\"https:\/\/www.footmercato.net\/a5693547506357258839-nantes-psg-les-notes-du-match\" rel=\"nofollow noopener\" target=\"_blank\">\u00e0 l\u2019occasion de la r\u00e9ception du Paris Saint-Germain pour la premi\u00e8re journ\u00e9e de Ligue 1<\/a>. A sa place, c\u2019est le jeune Bahereba Guirassy (19 ans) qui a \u00e9t\u00e9 choisi. Au final, Abline a d\u00fb se contenter d\u2019une entr\u00e9e en jeu \u00e0 l\u2019heure de jeu. <a href=\"https:\/\/www.footmercato.net\/a6196768604239378310-nantes-luis-castro-sexprime-sur-le-mercato-et-le-cas-abline\" rel=\"nofollow noopener\" target=\"_blank\">Un choix assum\u00e9 par le Portugais<\/a>. Cependant, ce dernier s\u2019est justifi\u00e9 en laissant penser qu\u2019il devait se pr\u00e9parer \u00e0 toutes les \u00e9ventualit\u00e9s et donc \u00e0 un possible d\u00e9part d\u2019Abline, alimentant ainsi la pol\u00e9mique.<\/p>\n<p>            La suite apr\u00e8s cette publicit\u00e9<\/p>\n<p>        \u00abVous sortez qui pour faire entrer Abline ?\u00bb<\/p>\n<p>\u00abAbline ? Je pr\u00e9pare tout. L\u2019entra\u00eenement de demain avec tous les joueurs de l\u2019effectif. C\u2019est un grand joueur. Si un joueur part, nous sommes oblig\u00e9s de regarder le march\u00e9. Le club est pr\u00e9par\u00e9 pour tous les postes. Si un moment, un joueur part, il faut se pr\u00e9parer. Mais il y a des joueurs capables\u00bb, a-t-il d\u00e9clar\u00e9 au micro de Ligue 1+. Mais quelques minutes plus tard, le technicien nantais a d\u00e9barqu\u00e9 en zone mixte. Et cette fois, il a tenu un discours quelque peu diff\u00e9rent. Apr\u00e8s avoir d\u00e9fendu ses titulaires, le Lusitanien a jur\u00e9 que le choix d\u2019asseoir Abline sur le banc au coup d\u2019envoi n\u2019avait rien \u00e0 voir avec le mercato, <a href=\"https:\/\/www.footmercato.net\/a115892671663914601-fc-nantes-les-raisons-du-malaise-matthis-abline\" rel=\"nofollow noopener\" target=\"_blank\">confirmant notre information selon laquelle c\u2019\u00e9tait surtout li\u00e9 avec un retour de blessure<\/a>.<\/p>\n<p>\u00abNon, c\u2019est un choix sportif. C\u2019est naturel que vous posiez la question. Mais je vous pose une question moi aussi : vous sortez qui pour faire entrer Abline ? Quel joueur qui a jou\u00e9 aujourd\u2019hui, vous sortez pour qu\u2019Abline soit titulaire ? Je pense que Guirassy a fait un tr\u00e8s bon match. Durant tout son match, il n\u2019y a pas eu une occasion (du PSG) sur son c\u00f4t\u00e9. Guirassy m\u00e9rite pour toute la saison qu\u2019il a faite. Mostafa (Mohamed) m\u00e9rite pareil, Yassine (Benhattab) pareil. Abline, on veut le tester lors du dernier match face au Paris FC, il est bless\u00e9, ce n\u2019est pas possible. On voit avec les joueurs qui sont pr\u00eats\u00bb. Relanc\u00e9 sur un choix li\u00e9 \u00e0 un potentiel d\u00e9part, le Portugais a \u00e9t\u00e9 clair. \u00abPas du tout. Coquelin est rempla\u00e7ant aussi. Il est bless\u00e9. Le staff m\u00e9dical nous dit que c\u2019est bon pour 30 minutes. Il a jou\u00e9 dix mais ce n\u2019est pas parce que Coquelin va partir\u00bb. C\u2019est dit.<\/p>\n<p>\n    Pub. le 18\/08\/2025 09:20<br \/>\n            &#8211; MAJ le 19\/08\/2025 08:12\n    <\/p>\n","protected":false},"excerpt":{"rendered":"Le cas Matthis Abline fait l\u2019actualit\u00e9 du mercato du FC Nantes. Au sortir d\u2019une saison 2024\/2025 r\u00e9ussie (11&hellip;\n","protected":false},"author":2,"featured_media":112620,"comment_status":"","ping_status":"","sticky":false,"template":"","format":"standard","meta":{"footnotes":""},"categories":[2818],"tags":[1111,11,1777,674,1011,27,766,12,2636,25],"class_list":{"0":"post-329497","1":"post","2":"type-post","3":"status-publish","4":"format-standard","5":"has-post-thumbnail","7":"category-nantes","8":"tag-actu","9":"tag-actualites","10":"tag-eu","11":"tag-europe","12":"tag-fr","13":"tag-france","14":"tag-nantes","15":"tag-news","16":"tag-pays-de-la-loire","17":"tag-republique-francaise"},"share_on_mastodon":{"url":"https:\/\/pubeurope.com\/@fr\/115055922036783689","error":""},"_links":{"self":[{"href":"https:\/\/www.europesays.com\/fr\/wp-json\/wp\/v2\/posts\/329497","targetHints":{"allow":["GET"]}}],"collection":[{"href":"https:\/\/www.europesays.com\/fr\/wp-json\/wp\/v2\/posts"}],"about":[{"href":"https:\/\/www.europesays.com\/fr\/wp-json\/wp\/v2\/types\/post"}],"author":[{"embeddable":true,"href":"https:\/\/www.europesays.com\/fr\/wp-json\/wp\/v2\/users\/2"}],"replies":[{"embeddable":true,"href":"https:\/\/www.europesays.com\/fr\/wp-json\/wp\/v2\/comments?post=329497"}],"version-history":[{"count":0,"href":"https:\/\/www.europesays.com\/fr\/wp-json\/wp\/v2\/posts\/329497\/revisions"}],"wp:featuredmedia":[{"embeddable":true,"href":"https:\/\/www.europesays.com\/fr\/wp-json\/wp\/v2\/media\/112620"}],"wp:attachment":[{"href":"https:\/\/www.europesays.com\/fr\/wp-json\/wp\/v2\/media?parent=329497"}],"wp:term":[{"taxonomy":"category","embeddable":true,"href":"https:\/\/www.europesays.com\/fr\/wp-json\/wp\/v2\/categories?post=329497"},{"taxonomy":"post_tag","embeddable":true,"href":"https:\/\/www.europesays.com\/fr\/wp-json\/wp\/v2\/tags?post=329497"}],"curies":[{"name":"wp","href":"https:\/\/api.w.org\/{rel}","templated":true}]}}