{"id":329498,"date":"2025-08-19T14:33:26","date_gmt":"2025-08-19T14:33:26","guid":{"rendered":"https:\/\/www.europesays.com\/fr\/329498\/"},"modified":"2025-08-19T14:33:26","modified_gmt":"2025-08-19T14:33:26","slug":"deambule-au-coeur-dun-spectacle-inedit-a-cote-de-bordeaux","status":"publish","type":"post","link":"https:\/\/www.europesays.com\/fr\/329498\/","title":{"rendered":"d\u00e9ambule au c\u0153ur d&rsquo;un spectacle in\u00e9dit \u00e0 c\u00f4t\u00e9 de Bordeaux !"},"content":{"rendered":"<p>Imagine : tu pousses la porte d\u2019une maison. Elle n\u2019est pas la tienne, mais tu y entres seul, en invit\u00e9 secret. \u00c0 l\u2019int\u00e9rieur, tout semble comme suspendu. Des photos sur un buffet, une cigarette encore fumante, une radio qui cr\u00e9pite. Des traces de vies, comme si les habitants venaient tout juste de sortir, laissant derri\u00e8re eux un monde fig\u00e9. C\u2019est l\u00e0 que commence ton aventure.<\/p>\n<p style=\"font-size:16px\">Du <strong>20 au 27 ao\u00fbt<\/strong>, \u00e0 Lormont, la compagnie <strong>De chair et d\u2019os<\/strong> te propose <a href=\"https:\/\/etemetropolitain.bordeaux-metropole.fr\/2025\/07\/03\/reservations-2\/\" target=\"_blank\" rel=\"noreferrer noopener nofollow\">La Maison<\/a>, une exp\u00e9rience immersive et intime, con\u00e7ue par <strong>Caroline Melon<\/strong> et <strong>Camille Duvelleroy<\/strong>. Une plong\u00e9e d\u2019une heure environ dans les souvenirs et les secrets de six personnes \u2013 six g\u00e9n\u00e9rations de femmes \u2013 qui ont habit\u00e9 cette maison, chacune \u00e0 une \u00e9poque diff\u00e9rente.<\/p>\n<p><img fetchpriority=\"high\" decoding=\"async\" width=\"700\" height=\"467\" src=\"https:\/\/www.europesays.com\/fr\/wp-content\/uploads\/2025\/08\/\u00a9I.Mathie.jpg\" alt=\"\" class=\"wp-image-82389\"  \/>La Maison a \u00e9t\u00e9 pens\u00e9e et con\u00e7ue par Caroline Melon et Camille Duvelleroy. \u00a9I.Mathie<\/p>\n<p>Une d\u00e9ambulation solitaire<\/p>\n<p style=\"font-size:16px\">Ici, pas de sc\u00e8ne, pas de fauteuils align\u00e9s. Tu n\u2019assistes pas \u00e0 un spectacle, tu le vis. <strong>Tu d\u00e9ambules seul d\u2019une pi\u00e8ce \u00e0 l\u2019autre<\/strong>. Libre \u00e0 toi de t\u2019arr\u00eater, de t\u2019attarder, de fouiller du regard. Chaque objet raconte une histoire : une lettre oubli\u00e9e, un bibelot insolite, une photo \u00e9corn\u00e9e. Comme un puzzle \u00e9parpill\u00e9, ces indices t\u2019invitent \u00e0 reconstituer les r\u00e9cits intimes de celles qui ont v\u00e9cu entre ces murs.<\/p>\n<p style=\"font-size:16px\">Tu n\u2019entendras pas leur voix directement, mais elles r\u00e9sonneront dans les d\u00e9tails, dans cette atmosph\u00e8re de d\u00e9m\u00e9nagement o\u00f9 l\u2019on trie, o\u00f9 l\u2019on se s\u00e9pare, o\u00f9 l\u2019on laisse parfois remonter ce que l\u2019on avait enfoui. Le temps d\u2019une visite, tu deviens t\u00e9moin de leurs amours, de leurs chagrins, de leurs espoirs. Et peut-\u00eatre que ces fragments r\u00e9veilleront aussi des \u00e9chos de ta propre histoire.<\/p>\n<p>Un r\u00e9cit choral et sensible<\/p>\n<p style=\"font-size:16px\">Pens\u00e9e comme une <strong>exp\u00e9rience sentimentale<\/strong>, La Maison brouille les fronti\u00e8res entre spectacle et mus\u00e9e intime. <strong>Caroline Melon<\/strong>, <strong>metteuse en sc\u00e8ne de la <a href=\"https:\/\/www.dechairetdos.fr\/\" target=\"_blank\" rel=\"noreferrer noopener nofollow\">compagnie De chair et d\u2019os<\/a><\/strong>, et <strong>Camille Duvelleroy<\/strong>, <strong>autrice de s\u00e9ries interactives<\/strong>, ont imagin\u00e9 un r\u00e9cit choral o\u00f9 chaque visiteur devient, en quelque sorte, co-auteur. C\u2019est \u00e0 toi de relier les fils, d\u2019assembler les morceaux, d\u2019interpr\u00e9ter ce qui t\u2019est donn\u00e9 \u00e0 voir.<\/p>\n<p style=\"font-size:16px\">Tu ressors de l\u00e0 avec une impression \u00e9trange : avoir travers\u00e9 une histoire qui n\u2019est pas la tienne mais qui, par instants, aurait pu l\u2019\u00eatre.<\/p>\n<p>Un lieu secret, un rendez-vous unique<\/p>\n<p style=\"font-size:16px\">Le charme de l\u2019exp\u00e9rience r\u00e9side aussi dans le myst\u00e8re : tu ne conna\u00eetras l\u2019adresse exacte qu\u2019<strong>\u00e0 peine 24 heures avant ta r\u00e9servation<\/strong>. On sait seulement que la maison se situe \u00e0 <strong>Lormont, quartier de la mairie<\/strong>. Cette discr\u00e9tion ajoute une part de frisson \u00e0 l\u2019aventure. Tu sais que tu as rendez-vous, mais tu ignores encore o\u00f9.<\/p>\n<p style=\"font-size:16px\">La participation est <strong>gratuite<\/strong>, mais uniquement sur r\u00e9servation via le <a href=\"https:\/\/etemetropolitain.bordeaux-metropole.fr\/2025\/07\/03\/reservations-2\/\" target=\"_blank\" rel=\"noreferrer noopener nofollow\">site<\/a>. Les cr\u00e9neaux se r\u00e9servent tous les quarts d\u2019heure :<\/p>\n<ul class=\"wp-block-list\">\n<li style=\"font-size:16px\"><strong>Mercredi 20 ao\u00fbt<\/strong>, de 10h \u00e0 20h<\/li>\n<li style=\"font-size:16px\"><strong>Jeudi 21 ao\u00fbt<\/strong>, de 16h \u00e0 20h<\/li>\n<li style=\"font-size:16px\"><strong>Vendredi 22 ao\u00fbt<\/strong>, de 16h \u00e0 20h<\/li>\n<li style=\"font-size:16px\"><strong>Samedi 23 ao\u00fbt<\/strong>, de 9h \u00e0 13h<\/li>\n<li style=\"font-size:16px\"><strong>Lundi 25 ao\u00fbt<\/strong>, de 16h \u00e0 20h<\/li>\n<li style=\"font-size:16px\"><strong>Mardi 26 ao\u00fbt<\/strong>, de 10h \u00e0 20h<\/li>\n<li style=\"font-size:16px\"><strong>Mercredi 27 ao\u00fbt<\/strong>, de 10h \u00e0 18h30<\/li>\n<\/ul>\n<p style=\"font-size:16px\">L\u2019exp\u00e9rience est ouverte \u00e0 <strong>tous \u00e0 partir de 16 ans<\/strong> et dure en moyenne une heure, mais tu peux choisir d\u2019y passer plus ou moins de temps, selon ton envie et ton rapport \u00e0 ce lieu habit\u00e9 de m\u00e9moire.<\/p>\n<p><img loading=\"lazy\" decoding=\"async\" width=\"883\" height=\"1024\" src=\"https:\/\/www.europesays.com\/fr\/wp-content\/uploads\/2025\/08\/Ivan-Mathie-883x1024.jpg\" alt=\"\" class=\"wp-image-82390\" style=\"width:654px;height:auto\"  \/>La Maison t\u2019ouvre ses portes du 20 au 27 ao\u00fbt. \u00a9Ivan-Mathie<\/p>\n<p>Pourquoi il faut y aller<\/p>\n<p style=\"font-size:16px\">Parce que <strong>La Maison<\/strong> n\u2019est pas un spectacle comme les autres. C\u2019est une rencontre intime, une immersion dans la m\u00e9moire collective et personnelle, une parenth\u00e8se o\u00f9 tu laisses ta curiosit\u00e9 te guider. Tu n\u2019es pas spectateur, tu es explorateur.<\/p>\n<p style=\"font-size:16px\">Alors, es-tu pr\u00eat \u00e0 ouvrir la porte et \u00e0 entrer ?<\/p>\n<p style=\"font-size:16px\">\u00c0 lire aussi : <a href=\"https:\/\/www.bougerabordeaux.com\/actu\/le-guide-complet-pour-demander-une-place-en-creche-a-bordeaux\/\" target=\"_blank\" rel=\"noreferrer noopener nofollow\">Le guide complet pour demander une place en cr\u00e8che \u00e0 Bordeaux<\/a><\/p>\n","protected":false},"excerpt":{"rendered":"Imagine : tu pousses la porte d\u2019une maison. Elle n\u2019est pas la tienne, mais tu y entres seul,&hellip;\n","protected":false},"author":2,"featured_media":329499,"comment_status":"","ping_status":"","sticky":false,"template":"","format":"standard","meta":{"footnotes":""},"categories":[2817],"tags":[1111,11,1997,1777,674,1011,27,12,2219,25],"class_list":{"0":"post-329498","1":"post","2":"type-post","3":"status-publish","4":"format-standard","5":"has-post-thumbnail","7":"category-bordeaux","8":"tag-actu","9":"tag-actualites","10":"tag-bordeaux","11":"tag-eu","12":"tag-europe","13":"tag-fr","14":"tag-france","15":"tag-news","16":"tag-nouvelle-aquitaine","17":"tag-republique-francaise"},"share_on_mastodon":{"url":"https:\/\/pubeurope.com\/@fr\/115055926648097952","error":""},"_links":{"self":[{"href":"https:\/\/www.europesays.com\/fr\/wp-json\/wp\/v2\/posts\/329498","targetHints":{"allow":["GET"]}}],"collection":[{"href":"https:\/\/www.europesays.com\/fr\/wp-json\/wp\/v2\/posts"}],"about":[{"href":"https:\/\/www.europesays.com\/fr\/wp-json\/wp\/v2\/types\/post"}],"author":[{"embeddable":true,"href":"https:\/\/www.europesays.com\/fr\/wp-json\/wp\/v2\/users\/2"}],"replies":[{"embeddable":true,"href":"https:\/\/www.europesays.com\/fr\/wp-json\/wp\/v2\/comments?post=329498"}],"version-history":[{"count":0,"href":"https:\/\/www.europesays.com\/fr\/wp-json\/wp\/v2\/posts\/329498\/revisions"}],"wp:featuredmedia":[{"embeddable":true,"href":"https:\/\/www.europesays.com\/fr\/wp-json\/wp\/v2\/media\/329499"}],"wp:attachment":[{"href":"https:\/\/www.europesays.com\/fr\/wp-json\/wp\/v2\/media?parent=329498"}],"wp:term":[{"taxonomy":"category","embeddable":true,"href":"https:\/\/www.europesays.com\/fr\/wp-json\/wp\/v2\/categories?post=329498"},{"taxonomy":"post_tag","embeddable":true,"href":"https:\/\/www.europesays.com\/fr\/wp-json\/wp\/v2\/tags?post=329498"}],"curies":[{"name":"wp","href":"https:\/\/api.w.org\/{rel}","templated":true}]}}