{"id":329500,"date":"2025-08-19T14:34:20","date_gmt":"2025-08-19T14:34:20","guid":{"rendered":"https:\/\/www.europesays.com\/fr\/329500\/"},"modified":"2025-08-19T14:34:20","modified_gmt":"2025-08-19T14:34:20","slug":"top-5-des-meilleurs-spectacles-a-bordeaux-a-venir-2025","status":"publish","type":"post","link":"https:\/\/www.europesays.com\/fr\/329500\/","title":{"rendered":"Top 5 des meilleurs spectacles \u00e0 Bordeaux \u00e0 venir 2025"},"content":{"rendered":"<p><strong>Difficile de s\u2019ennuyer quand on parle de spectacles \u00e0 Bordeaux. La ville vit au rythme des concerts, pi\u00e8ces de th\u00e9\u00e2tre, ballets et shows immersifs qui remplissent ses salles tout au long de l\u2019ann\u00e9e. Entre institutions culturelles incontournables et \u00e9v\u00e9nements plus insolites, il y en a pour tous les go\u00fbts et toutes les g\u00e9n\u00e9rations. Pour vous aider \u00e0 choisir, on a rassembl\u00e9 les 10 plus beaux spectacles \u00e0 voir \u00e0 Bordeaux, ceux qui m\u00e9ritent vraiment le d\u00e9tour.<\/strong><\/p>\n<p>Initial : le festival qui fera trembler Bordeaux fin ao\u00fbt<\/p>\n<p>Cette fin d\u2019\u00e9t\u00e9, Bordeaux vibre au rythme d\u2019<strong>Initial Festival<\/strong>, rendez-vous \u00e9lectro qui ne cesse de grandir depuis 2021. Pour sa quatri\u00e8me \u00e9dition, l\u2019\u00e9v\u00e9nement revient avec deux jours de musique non-stop et une affiche qui m\u00e9lange t\u00eates d\u2019affiche internationales et talents fran\u00e7ais. Ben B\u00f6hmer, Purple Disco Machine, KI\/KI, Polo &amp; Pan, Anetha, Myd ou encore The Blessed Madonna viendront enflammer les trois sc\u00e8nes, dont un immense warehouse de 8 000 m\u00b2. Entre sets intenses, sc\u00e9nographie galactique fa\u00e7on \u201cMission Saturne\u201d, food court vari\u00e9, night market et zone chill, le festival propose une exp\u00e9rience compl\u00e8te, pens\u00e9e pour les passionn\u00e9s de musiques \u00e9lectroniques et de culture alternative.<\/p>\n<p><strong>Parc des Expositions de Bordeaux, Cours Jules Ladoum\u00e8gue, 33300 Bordeaux<\/strong><br \/><strong>Vendredi 29 et samedi 30 ao\u00fbt 2025<\/strong><br \/>Vendredi : 17h30 \u2013 03h30 | Samedi : 17h00 \u2013 03h30<\/p>\n<p>Plus d\u2019infos et billetterie <strong><a href=\"https:\/\/quoifaireabordeaux.com\/initial-festival-musique-electro-bordeaux\/\" target=\"_blank\" rel=\"noreferrer noopener nofollow\">ICI<\/a><\/strong><\/p>\n<p>Contenu sponsoris\u00e9 par Initial Festival<\/p>\n<p>Les Quartes Saisons de Vivaldi place Pey Berland<\/p>\n<p><img loading=\"lazy\" decoding=\"async\" width=\"700\" height=\"536\" src=\"https:\/\/www.europesays.com\/fr\/wp-content\/uploads\/2025\/08\/quatre-saisons-vivaldi.jpg\" alt=\"Spectacle \u00e0 Bordeaux les Quatre Saisons de Vivaldi\" class=\"wp-image-18811236\" title=\"Top 5 des meilleurs spectacles \u00e0 venir \u00e0 Bordeaux 1\"  \/><\/p>\n<p>Le mercredi 17 septembre, la cath\u00e9drale Saint-Andr\u00e9 r\u00e9sonnera au son des <strong>Quatre Saisons de Vivaldi<\/strong>. Le violoniste Th\u00e9otime Langlois de Swarte, accompagn\u00e9 de l\u2019ensemble <strong>Le Consort<\/strong> et du claveciniste Justin Taylor, redonne vie \u00e0 ces pages incontournables et propose aussi quelques \u0153uvres moins connues du \u00ab pr\u00eatre roux \u00bb. Un voyage musical \u00e0 travers le baroque, port\u00e9 par des instruments d\u2019\u00e9poque et une interpr\u00e9tation pleine de relief.<\/p>\n<p><strong>Cath\u00e9drale Saint-Andr\u00e9, Bordeaux<\/strong> \u2013 mercredi 17 septembre, 20h30.<\/p>\n<p>Plus d\u2019infos et r\u00e9servations <strong><a href=\"https:\/\/cathedra.fr\/billetterie\/?fbclid=IwY2xjawMRWUhleHRuA2FlbQIxMABicmlkETE3SlRXZGhDRGM5UGtrb1EzAR4kHvID42u1nq7QT_C6J_5oH3LJWpFcbQmVIZuQRclxO4cAr9J8_GZ1kAG-Xw_aem_5-zbakNhG_eHhXWCYKHkzw\" target=\"_blank\" rel=\"noreferrer noopener nofollow\">ICI<\/a><\/strong><\/p>\n<p>Les concerts sur le rooftop du Gina<\/p>\n<p><img loading=\"lazy\" decoding=\"async\" width=\"1024\" height=\"535\" src=\"https:\/\/www.europesays.com\/fr\/wp-content\/uploads\/2025\/08\/sunset-by-gina-1024x535.jpg\" alt=\"Programmation des soir\u00e9es Sunset by Gina\" class=\"wp-image-18805956\" style=\"width:753px;height:auto\" title=\"Top 5 des meilleurs spectacles \u00e0 venir \u00e0 Bordeaux 2\"  \/>\u00a9 Gina Bordeaux<\/p>\n<p>Deux soir\u00e9es vont marquer la fin de l\u2019\u00e9t\u00e9 sur le rooftop de Gina.<br \/>Le <strong>samedi 13 septembre<\/strong>, Emma Peters s\u2019installe au coucher du soleil pour un showcase intimiste. Sa pop d\u00e9licate et ses textes sensibles accompagneront la lumi\u00e8re qui d\u00e9cline sur Bordeaux.<br \/>Puis, le <strong>vendredi 19 septembre<\/strong>, place \u00e0 Leblanc. Ancien pianiste devenu DJ, il viendra faire vibrer le lieu avec ses sets \u00e9lectro teint\u00e9s de m\u00e9lodies orchestrales, offrant une derni\u00e8re danse avant l\u2019automne.<\/p>\n<p>Place des mill\u00e9simes, 33300 Bordeaux, France<\/p>\n<p>Plus d\u2019infos et r\u00e9servations <strong><a href=\"https:\/\/quoifaireabordeaux.com\/programmation-estivale-sunset-by-gina\/\" target=\"_blank\" rel=\"noreferrer noopener nofollow\">ICI<\/a><\/strong><\/p>\n<p>Contenu sponsoris\u00e9 par le Gina<\/p>\n<p>Kery James au Th\u00e9\u00e2tre Femina<\/p>\n<p>Kery James revient sur sc\u00e8ne en 2025 avec <strong>R(r\u00e9sistance)A(amour)P(po\u00e9sie)<\/strong>, une tourn\u00e9e acoustique qui met sa plume et sa voix au premier plan. Entour\u00e9 de musiciens au clavier et aux percussions, il propose un moment intime o\u00f9 ses textes prennent toute leur force. Entre rap, po\u00e9sie et engagement, l\u2019artiste partage une performance sinc\u00e8re qui s\u2019\u00e9coute autant qu\u2019elle se vit.<\/p>\n<p>Th\u00e9\u00e2tre F\u00e9mina \u2013 10 rue de Grassi, 33000 Bordeaux<br \/>Mercredi 24 septembre 2025 \u2013 20h30<\/p>\n<p>Plus d\u2019infos et billetterie <strong><a href=\"https:\/\/theatrefemina.com\/evenement\/kery-james\/\" target=\"_blank\" rel=\"noreferrer noopener nofollow\">ICI<\/a><\/strong><\/p>\n<p>LUMINISCENCE revient \u00e0 la cath\u00e9drale de Bordeaux avec une toute nouvelle cr\u00e9ation<\/p>\n<p><img loading=\"lazy\" decoding=\"async\" width=\"700\" height=\"394\" src=\"https:\/\/www.europesays.com\/fr\/wp-content\/uploads\/2025\/08\/Spectateur-Luminiscence-bordeaux.jpg\" alt=\"Spectacle de lumi\u00e8re \u00e0 la Cath\u00e9drale Saint-Andr\u00e9 de Bordeaux\" class=\"wp-image-18810237\" title=\"Top 5 des meilleurs spectacles \u00e0 venir \u00e0 Bordeaux 3\"  \/><\/p>\n<p>LUMINISCENCE revient \u00e0 Bordeaux en 2025 avec un tout nouveau chapitre : <strong>L\u2019Odyss\u00e9e C\u00e9leste<\/strong>. La cath\u00e9drale Saint-Andr\u00e9 devient l\u2019\u00e9crin d\u2019un spectacle o\u00f9 images, sons et musique live se m\u00ealent pour transformer l\u2019\u00e9difice en v\u00e9ritable exp\u00e9rience sensorielle. Plus qu\u2019un son et lumi\u00e8re, c\u2019est une mise en sc\u00e8ne qui donne vie aux pierres, fait vibrer les vo\u00fbtes et entra\u00eene le public dans un voyage entre cosmos, m\u00e9moire et spiritualit\u00e9. Accessible \u00e0 tous, le spectacle est aussi porteur de sens puisque chaque billet participe \u00e0 la restauration du patrimoine.<\/p>\n<p><strong>Cath\u00e9drale Saint-Andr\u00e9<\/strong> \u2013 8 Place Pey Berland, 33000 Bordeaux<br \/>\u00c0 partir du <strong>20 septembre 2025<\/strong><br \/>Dur\u00e9e : environ 60 minutes<br \/>Plus d\u2019infos et r\u00e9servations <strong><a href=\"https:\/\/quoifaireabordeaux.com\/luminiscence-cathedrale-saint-andre-de-bordeaux\/\" target=\"_blank\" rel=\"noreferrer noopener nofollow\">ICI<\/a><\/strong><\/p>\n<p>Contenu sponsoris\u00e9 par Luminiscence.<\/p>\n<p>La premi\u00e8re \u00e9dition du Paradize Festival<\/p>\n<p><img loading=\"lazy\" decoding=\"async\" width=\"699\" height=\"366\" src=\"https:\/\/www.europesays.com\/fr\/wp-content\/uploads\/2025\/08\/green-paradize-festival.png\" alt=\"Green Paradize festival \u00e0 B\u00e8gles\" class=\"wp-image-18810606\" title=\"Top 5 des meilleurs spectacles \u00e0 venir \u00e0 Bordeaux 4\"  \/><\/p>\n<p>Trois jours de musique, d\u2019\u00e9nergie et de d\u00e9couvertes vous attendent \u00e0 B\u00e8gles. Du 3 au 5 octobre 2025, le Parc de Mussonville devient un terrain de jeu musical avec une programmation qui balance entre t\u00eates d\u2019affiche et artistes locaux. Vendredi ouvre le bal avec <strong>Deluxe<\/strong>, <strong>Mezerg<\/strong>, <strong>Zoufris Maracas<\/strong> et <strong>Kompromat<\/strong>. Samedi encha\u00eene avec un <strong>DJ set de The Blaze<\/strong>, <strong>Keziah Jones<\/strong>, <strong>Altin G\u00fcn<\/strong>, <strong>Ko Ko Mo<\/strong> et <strong>Odezenne<\/strong>. Dimanche, place \u00e0 la sc\u00e8ne locale et \u00e0 une carte blanche donn\u00e9e \u00e0 <strong>Bordeaux Open Air<\/strong>, pour conclure le festival en plein air.<\/p>\n<p><strong>Parc de Mussonville, B\u00e8gles<\/strong><\/p>\n<p>Billetterie <strong><a href=\"https:\/\/billetterie.seetickets.fr\/ext\/billetterie5\/?site=greenparadizefestival&amp;fbclid=IwY2xjawMRYPdleHRuA2FlbQIxMABicmlkETE3SlRXZGhDRGM5UGtrb1EzAR4IjlvyHifozT6rZYSJjAd63ykFXbkZ7c80g3Oj5hwekM6KjXpCvxOK007Ybg_aem_9sF2SL57dt6UX_C-slu2Kg\" target=\"_blank\" rel=\"noreferrer noopener nofollow\">ICI<\/a><\/strong><\/p>\n","protected":false},"excerpt":{"rendered":"Difficile de s\u2019ennuyer quand on parle de spectacles \u00e0 Bordeaux. La ville vit au rythme des concerts, pi\u00e8ces&hellip;\n","protected":false},"author":2,"featured_media":329501,"comment_status":"","ping_status":"","sticky":false,"template":"","format":"standard","meta":{"footnotes":""},"categories":[2817],"tags":[1111,11,1997,1777,674,1011,27,12,2219,25],"class_list":{"0":"post-329500","1":"post","2":"type-post","3":"status-publish","4":"format-standard","5":"has-post-thumbnail","7":"category-bordeaux","8":"tag-actu","9":"tag-actualites","10":"tag-bordeaux","11":"tag-eu","12":"tag-europe","13":"tag-fr","14":"tag-france","15":"tag-news","16":"tag-nouvelle-aquitaine","17":"tag-republique-francaise"},"share_on_mastodon":{"url":"https:\/\/pubeurope.com\/@fr\/115055930117982659","error":""},"_links":{"self":[{"href":"https:\/\/www.europesays.com\/fr\/wp-json\/wp\/v2\/posts\/329500","targetHints":{"allow":["GET"]}}],"collection":[{"href":"https:\/\/www.europesays.com\/fr\/wp-json\/wp\/v2\/posts"}],"about":[{"href":"https:\/\/www.europesays.com\/fr\/wp-json\/wp\/v2\/types\/post"}],"author":[{"embeddable":true,"href":"https:\/\/www.europesays.com\/fr\/wp-json\/wp\/v2\/users\/2"}],"replies":[{"embeddable":true,"href":"https:\/\/www.europesays.com\/fr\/wp-json\/wp\/v2\/comments?post=329500"}],"version-history":[{"count":0,"href":"https:\/\/www.europesays.com\/fr\/wp-json\/wp\/v2\/posts\/329500\/revisions"}],"wp:featuredmedia":[{"embeddable":true,"href":"https:\/\/www.europesays.com\/fr\/wp-json\/wp\/v2\/media\/329501"}],"wp:attachment":[{"href":"https:\/\/www.europesays.com\/fr\/wp-json\/wp\/v2\/media?parent=329500"}],"wp:term":[{"taxonomy":"category","embeddable":true,"href":"https:\/\/www.europesays.com\/fr\/wp-json\/wp\/v2\/categories?post=329500"},{"taxonomy":"post_tag","embeddable":true,"href":"https:\/\/www.europesays.com\/fr\/wp-json\/wp\/v2\/tags?post=329500"}],"curies":[{"name":"wp","href":"https:\/\/api.w.org\/{rel}","templated":true}]}}