{"id":329506,"date":"2025-08-19T14:38:11","date_gmt":"2025-08-19T14:38:11","guid":{"rendered":"https:\/\/www.europesays.com\/fr\/329506\/"},"modified":"2025-08-19T14:38:11","modified_gmt":"2025-08-19T14:38:11","slug":"une-liste-dattente-record-apres-la-fermeture-des-inscriptions-cest-un-tres-bon-cru","status":"publish","type":"post","link":"https:\/\/www.europesays.com\/fr\/329506\/","title":{"rendered":"une liste d&rsquo;attente record apr\u00e8s la fermeture des inscriptions, c&rsquo;est \u00ab\u00a0un tr\u00e8s bon cru\u00a0\u00bb"},"content":{"rendered":"<p class=\"article__intro\">Pr\u00e8s de 6200 r\u00e9servations ont \u00e9t\u00e9 enregistr\u00e9es par la Mairie de Lille avant la traditionnelle Braderie du mois de septembre. Les bureaux d&rsquo;inscription sont d\u00e9sormais ferm\u00e9s et plus de 1400 personnes sont encore en attente.<\/p>\n<p>\n      L\u2019actu des r\u00e9gions\n    <\/p>\n<p>\n      Chaque jour, un tour d\u2019horizon des principales infos de toutes les r\u00e9gions.\n    <\/p>\n<p>    France T\u00e9l\u00e9visions utilise votre adresse e-mail afin de vous envoyer la newsletter \u00ab\u00a0L\u2019actu des r\u00e9gions\u00a0\u00bb. Vous pouvez vous d\u00e9sinscrire \u00e0 tout moment via le lien en bas de cette newsletter. <a target=\"_blank\" href=\"https:\/\/www.francetelevisions.fr\/groupe\/confidentialite\/politique-de-confidentialite\/politique-de-confidentialite-de-france-televisions-6503\" rel=\"nofollow noopener\">Notre politique de confidentialit\u00e9<\/a><\/p>\n<p>Ils ont eu pr\u00e8s de trois mois pour d\u00e9nicher ces pr\u00e9cieux m\u00e8tres. Entre le 12 juin et le 19 ao\u00fbt 2025, 6196 Lillois, Lommois, Hellemmois, brocanteurs, commer\u00e7ants, associations ou bouquinistes ont jet\u00e9 leur d\u00e9volu sur les emplacements r\u00e9serv\u00e9s \u00e0 la future braderie de Lille.<\/p>\n<p>Pr\u00e9vue le premier week-end de septembre de chaque ann\u00e9e dans la capitale des Flandres, elle est le rendez-vous des amoureux de r\u00e9cup et de vide-greniers.<\/p>\n<p><a data-article-figure=\"\" href=\"https:\/\/france3-regions.franceinfo.fr\/image\/g9k2YtzyR1zMGJiWEIgVEbwCs5I\/1920x1080\/regions\/2025\/08\/06\/vlcsnap-2024-09-13-13h39m07s956-68931ceb5da89215560978.jpg\" data-pswp-width=\"1920\" data-pswp-height=\"1080\" target=\"_blank\" rel=\"nofollow noopener\"><\/p>\n<p>          <img width=\"600\" height=\"400\" class=\"article-image lazy\" data-src=\"https:\/\/www.europesays.com\/fr\/wp-content\/uploads\/2025\/08\/vlcsnap-2024-09-13-13h39m07s956-68931ceb5da89215560978.jpg\" alt=\"La Braderie de Lille 2025 se d\u00e9roulera le 6 et 7septembre 2025, des milliers de brocanteurs seront au plus grand vide-grenier d'Europe.\" fetchpriority=\"high\" as=\"image\"\/><\/p>\n<p>\n            La Braderie de Lille 2025 se d\u00e9roulera le 6 et 7septembre 2025, des milliers de brocanteurs seront au plus grand vide-grenier d&rsquo;Europe.<br \/>\n                           \u2022<br \/>\n                                      \u00a9 F.Giltay \/ FTV\n                      <\/p>\n<p><\/a><\/p>\n<p>Au fil des \u00e9ditions, l&rsquo;\u00e9v\u00e9nement attire toujours plus de \u00ab\u00a0bradeux\u00a0\u00bb. L&rsquo;ann\u00e9e derni\u00e8re, seules 5043 personnes avaient r\u00e9serv\u00e9 un emplacement.<\/p>\n<p>Sur les 6169 r\u00e9servations enregistr\u00e9es par la mairie de Lille le 19 ao\u00fbt 2025, un chiffre se d\u00e9marque : le nombre de personnes sur liste d&rsquo;attente. 1473 candidats n&rsquo;ont toujours pas la confirmation qu&rsquo;ils pourront brader.<\/p>\n<p>Un chiffre, signe que cette \u00e9dition sera \u00ab\u00a0un tr\u00e8s bon cru\u00a0\u00bb pour Jacques Richir, deuxi\u00e8me adjoint \u00e0 la mairie de Lille. Mais pas de panique, la municipalit\u00e9 se d\u00e9m\u00e8ne pour leur trouver une solution.<\/p>\n<blockquote class=\"ftvi_content_quote\">\n<p class=\"ftvi_citation_quote\">On voit revenir depuis quelques ann\u00e9es un public de tous les \u00e2ges.<\/p>\n<p>Jacques Richir<\/p>\n<p class=\"ftvi_citation_source\">Deuxi\u00e8me adjoint \u00e0 la mairie de Lille<\/p>\n<\/blockquote>\n<p>\u00ab\u00a0On voit revenir depuis quelques ann\u00e9es un public de tous les \u00e2ges, un public tr\u00e8s familial. On est ravi de cela\u00a0\u00bb, souligne l&rsquo;\u00e9lu au micro de France 3 Hauts-de-France. Et certains viennent de loin. \u00ab\u00a0L&rsquo;autre jour, j&rsquo;\u00e9tais en Champagne-Ardenne ils organisent des cars sp\u00e9ciaux depuis Saint Dizier pour venir \u00e0 la Braderie de Lille.\u00a0\u00bb<\/p>\n<p>                    Braderie de Lille 2025<\/p>\n<p>                        Du 6 septembre<br \/>\n                        au 7 septembre 2025<\/p>\n<p>Un \u00e9v\u00e9nement organis\u00e9 le week-end du 6 et 7 septembre 2025 dans la capitale des Flandres, \u00e0 Lille et totalisant pr\u00e8s de 80 km d&rsquo;\u00e9tals, c&rsquo;est tout simplement la plus grande braderie d&rsquo;Europe. Chineurs, brocanteurs et visiteurs du Nord, de Belgique et d&rsquo;ailleurs seront \u00e0 l&rsquo;affut de bonnes affaires dans ce bric-\u00e0-brac grandeur XXL, \u00e0 la rencontre des brocanteurs, sans oublier l&rsquo;immanquable moules frites toujours au rendez-vous. Photo : Sebastien Courdji \/ Xinhua News Agency\/Newscom\/MaxPPP<\/p>\n<p>                voir plus<\/p>\n<p>\n                Lieu de l\u2019\u00e9v\u00e9nement:<br \/>\n                Lille\n            <\/p>\n<p>\t\t\t\t\t\t\t\t\t\t\t\t\t\t\t\t\t\t\t\t\t\t\t\t\t<a class=\"btn btn--primary btn--large event_redirect btn--on-white\" href=\"https:\/\/france3-regions.franceinfo.fr\/sorties-loisirs\/evenements\/fetes-locales\/braderie-lille\" aria-label=\"Braderie de Lille 2025. Voir la page de l\u2019\u00e9v\u00e9nement\" rel=\"nofollow noopener\" target=\"_blank\"><\/p>\n<p>              Voir la page de l\u2019\u00e9v\u00e9nement<\/p>\n<p>\t<\/a><\/p>\n","protected":false},"excerpt":{"rendered":"Pr\u00e8s de 6200 r\u00e9servations ont \u00e9t\u00e9 enregistr\u00e9es par la Mairie de Lille avant la traditionnelle Braderie du mois&hellip;\n","protected":false},"author":2,"featured_media":329507,"comment_status":"","ping_status":"","sticky":false,"template":"","format":"standard","meta":{"footnotes":""},"categories":[2815],"tags":[1111,11,1777,674,1011,27,811,1307,12,25],"class_list":{"0":"post-329506","1":"post","2":"type-post","3":"status-publish","4":"format-standard","5":"has-post-thumbnail","7":"category-lille","8":"tag-actu","9":"tag-actualites","10":"tag-eu","11":"tag-europe","12":"tag-fr","13":"tag-france","14":"tag-hauts-de-france","15":"tag-lille","16":"tag-news","17":"tag-republique-francaise"},"share_on_mastodon":{"url":"https:\/\/pubeurope.com\/@fr\/115055945526045526","error":""},"_links":{"self":[{"href":"https:\/\/www.europesays.com\/fr\/wp-json\/wp\/v2\/posts\/329506","targetHints":{"allow":["GET"]}}],"collection":[{"href":"https:\/\/www.europesays.com\/fr\/wp-json\/wp\/v2\/posts"}],"about":[{"href":"https:\/\/www.europesays.com\/fr\/wp-json\/wp\/v2\/types\/post"}],"author":[{"embeddable":true,"href":"https:\/\/www.europesays.com\/fr\/wp-json\/wp\/v2\/users\/2"}],"replies":[{"embeddable":true,"href":"https:\/\/www.europesays.com\/fr\/wp-json\/wp\/v2\/comments?post=329506"}],"version-history":[{"count":0,"href":"https:\/\/www.europesays.com\/fr\/wp-json\/wp\/v2\/posts\/329506\/revisions"}],"wp:featuredmedia":[{"embeddable":true,"href":"https:\/\/www.europesays.com\/fr\/wp-json\/wp\/v2\/media\/329507"}],"wp:attachment":[{"href":"https:\/\/www.europesays.com\/fr\/wp-json\/wp\/v2\/media?parent=329506"}],"wp:term":[{"taxonomy":"category","embeddable":true,"href":"https:\/\/www.europesays.com\/fr\/wp-json\/wp\/v2\/categories?post=329506"},{"taxonomy":"post_tag","embeddable":true,"href":"https:\/\/www.europesays.com\/fr\/wp-json\/wp\/v2\/tags?post=329506"}],"curies":[{"name":"wp","href":"https:\/\/api.w.org\/{rel}","templated":true}]}}