{"id":329508,"date":"2025-08-19T14:39:12","date_gmt":"2025-08-19T14:39:12","guid":{"rendered":"https:\/\/www.europesays.com\/fr\/329508\/"},"modified":"2025-08-19T14:39:12","modified_gmt":"2025-08-19T14:39:12","slug":"mises-a-pied-lom-ne-confirme-pas","status":"publish","type":"post","link":"https:\/\/www.europesays.com\/fr\/329508\/","title":{"rendered":"Mises \u00e0 pied : l\u2019OM ne confirme pas"},"content":{"rendered":"\n<p>Que s\u2019est-il vraiment pass\u00e9 dans le vestiaire marseillais au Roazhon Park, vendredi, apr\u00e8s la d\u00e9faite de l\u2019OM \u00e0 Rennes (0 &#8211; 1)? Seuls ceux qui \u00e9taient pr\u00e9sents dans la salle pourront r\u00e9pondre. Quant \u00e0 savoir s\u2019il y aura des cons\u00e9quences pour certains joueurs, qui auraient \u00e9t\u00e9 impliqu\u00e9s dans des tensions qui seraient all\u00e9es jusqu\u2019\u00e0 des \u00e9changes de claques, du c\u00f4t\u00e9 du club, la r\u00e9action a \u00e9t\u00e9 d\u2019infirmer aupr\u00e8s de La Marseillaise les faits relat\u00e9s.<\/p>\n","protected":false},"excerpt":{"rendered":"Que s\u2019est-il vraiment pass\u00e9 dans le vestiaire marseillais au Roazhon Park, vendredi, apr\u00e8s la d\u00e9faite de l\u2019OM \u00e0&hellip;\n","protected":false},"author":2,"featured_media":329509,"comment_status":"","ping_status":"","sticky":false,"template":"","format":"standard","meta":{"footnotes":""},"categories":[2814],"tags":[1111,11,885,1777,674,1011,27,884,12,882,25],"class_list":{"0":"post-329508","1":"post","2":"type-post","3":"status-publish","4":"format-standard","5":"has-post-thumbnail","7":"category-marseille","8":"tag-actu","9":"tag-actualites","10":"tag-bouches-du-rhone","11":"tag-eu","12":"tag-europe","13":"tag-fr","14":"tag-france","15":"tag-marseille","16":"tag-news","17":"tag-provence-alpes-cote-dazur","18":"tag-republique-francaise"},"share_on_mastodon":{"url":"https:\/\/pubeurope.com\/@fr\/115055949511990977","error":""},"_links":{"self":[{"href":"https:\/\/www.europesays.com\/fr\/wp-json\/wp\/v2\/posts\/329508","targetHints":{"allow":["GET"]}}],"collection":[{"href":"https:\/\/www.europesays.com\/fr\/wp-json\/wp\/v2\/posts"}],"about":[{"href":"https:\/\/www.europesays.com\/fr\/wp-json\/wp\/v2\/types\/post"}],"author":[{"embeddable":true,"href":"https:\/\/www.europesays.com\/fr\/wp-json\/wp\/v2\/users\/2"}],"replies":[{"embeddable":true,"href":"https:\/\/www.europesays.com\/fr\/wp-json\/wp\/v2\/comments?post=329508"}],"version-history":[{"count":0,"href":"https:\/\/www.europesays.com\/fr\/wp-json\/wp\/v2\/posts\/329508\/revisions"}],"wp:featuredmedia":[{"embeddable":true,"href":"https:\/\/www.europesays.com\/fr\/wp-json\/wp\/v2\/media\/329509"}],"wp:attachment":[{"href":"https:\/\/www.europesays.com\/fr\/wp-json\/wp\/v2\/media?parent=329508"}],"wp:term":[{"taxonomy":"category","embeddable":true,"href":"https:\/\/www.europesays.com\/fr\/wp-json\/wp\/v2\/categories?post=329508"},{"taxonomy":"post_tag","embeddable":true,"href":"https:\/\/www.europesays.com\/fr\/wp-json\/wp\/v2\/tags?post=329508"}],"curies":[{"name":"wp","href":"https:\/\/api.w.org\/{rel}","templated":true}]}}