{"id":329510,"date":"2025-08-19T14:40:20","date_gmt":"2025-08-19T14:40:20","guid":{"rendered":"https:\/\/www.europesays.com\/fr\/329510\/"},"modified":"2025-08-19T14:40:20","modified_gmt":"2025-08-19T14:40:20","slug":"marseille-veut-vendre-adrien-rabiot","status":"publish","type":"post","link":"https:\/\/www.europesays.com\/fr\/329510\/","title":{"rendered":"Marseille veut vendre Adrien Rabiot"},"content":{"rendered":"<p style=\"text-align: justify;\"><strong>LIGUE 1 2025-2026 \u2013 Selon RTL, la m\u00e8re d\u2019Adrien Rabiot aurait confi\u00e9 que Roberto De Zerbi ne comptait plus sur Adrien Rabiot.\u00a0<\/strong><\/p>\n<p style=\"text-align: justify;\">Seulement une journ\u00e9e et une d\u00e9faite et tout part d\u00e9j\u00e0 \u00e0 vau-l\u2019eau \u00e0 <strong>Marseille<\/strong>. <strong>Adrien<\/strong> <strong>Rabiot<\/strong> et <strong>Jonathan<\/strong> <strong>Rowe<\/strong> en sont venus aux mains dans le vestiaire apr\u00e8s le revers sur la pelouse du <strong>Stade<\/strong> <strong>Rennais<\/strong>. Les deux joueurs ont \u00e9t\u00e9 \u00e9cart\u00e9s du groupe de <b>Roberto De Zerbi<\/b>\u00a0et n\u2019ont pas pris part aux s\u00e9ances collectives de lundi et mardi.<\/p>\n<p><a href=\"https:\/\/dicodusport.fr\/blog\/om-adrien-rabiot-et-jonathan-rowe-ecartes-apres-leur-altercation\/\" class=\"vlp-link\" title=\"OM : Adrien Rabiot et Jonathan Rowe \u00e9cart\u00e9s apr\u00e8s leur altercation\" target=\"_blank\" rel=\"noopener\"><img loading=\"lazy\" decoding=\"async\" style=\"max-width: 792px;\" width=\"792\" height=\"445\" class=\"attachment-800x445 size-800x445 perfmatters-lazy\" alt=\"\" src=\"https:\/\/www.europesays.com\/fr\/wp-content\/uploads\/2025\/08\/OM-Adrien-Rabiot-et-Jonathan-Rowe-ecartes-apres-leur-altercation.png\"  data-\/><\/p>\n<p>OM : Adrien Rabiot et Jonathan Rowe \u00e9cart\u00e9s apr\u00e8s leur altercation<\/p>\n<p>LIGUE 1 2025-2026 &#8211; Selon RMC Sport, Adrien Rabiot et Jonathan Rowe ont \u00e9t\u00e9 \u00e9cart\u00e9s du groupe suite \u00e0 leur altercation \u00e0 l&rsquo;issue du match perdu \u00e0 Rennes.\u00a0<\/p>\n<p>Lire l&rsquo;article<\/p>\n<p>dicodusport.fr<\/p>\n<p>Adrien Rabiot pouss\u00e9 vers la sortie ?<\/p>\n<p style=\"text-align: justify;\">Alors que La Provence annon\u00e7ait que les deux joueurs allaient \u00eatre r\u00e9int\u00e9gr\u00e9s dans le groupe d\u2019ici au deuxi\u00e8me match face au Paris FC, <strong>V\u00e9ronique<\/strong> <strong>Rabiot<\/strong> a fait des confidences \u00e0 nos confr\u00e8res. Selon elle, <strong>Roberto<\/strong> <strong>De<\/strong> <strong>Zerbi<\/strong> n\u2019aurait pas appr\u00e9ci\u00e9 l\u2019attitude <strong>d\u2019Adrien<\/strong> <strong>Rabiot<\/strong> et ne compterait plus sur lui. Autrement dit, l\u2019international fran\u00e7ais est \u00e0 vendre.<\/p>\n<p style=\"text-align: justify;\">Arriv\u00e9 l\u2019\u00e9t\u00e9 dernier, <strong>Adrien<\/strong> <strong>Rabiot<\/strong> s\u2019est rapidement impos\u00e9 comme un cadre de l\u2019effectif et avait confirm\u00e9 sa volont\u00e9 de poursuivre avec l\u2019<strong>OM<\/strong> malgr\u00e9 des propositions de l\u2019\u00e9tranger. Alors que la presse expliquait que <strong>Jonathan<\/strong> <strong>Rowe<\/strong> avait gifl\u00e9 le Fran\u00e7ais, une partie de l\u2019histoire pourrait manquer et expliquerait la nouvelle position de l\u2019entra\u00eeneur italien, qui serait m\u00e9content de l\u2019investissement de l\u2019international fran\u00e7ais.<\/p>\n<p>Le Milan AC sur le coup<\/p>\n<p style=\"text-align: justify;\">Quelle porte de sortie pour <strong>Adrien<\/strong> <strong>Rabiot<\/strong> alors que le mercato se termine dans une dizaine de jours ? La <strong>Juventus<\/strong> a longtemps fait les yeux doux au milieu fran\u00e7ais, mais semble \u00eatre pass\u00e9 \u00e0 autre chose. Le <strong>Milan<\/strong> <strong>AC<\/strong> se serait r\u00e9cemment positionn\u00e9 pour recruter l\u2019ancien joueur du <strong>Paris Saint-Germain<\/strong>. <strong>Massimiliano<\/strong> <strong>Allegri<\/strong> en aurait fait une priorit\u00e9 pour la fin de ce march\u00e9 estival. Affaire \u00e0 suivre donc !<\/p>\n<p>\u00c0 ce sujet<br \/>\n<a href=\"https:\/\/dicodusport.fr\/blog\/mercato-om-2025-2026-le-tableau-complet-des-transferts-arrivees-et-departs\/\" class=\"vlp-link\" title=\"Mercato OM 2025-2026 : Le tableau complet des transferts, arriv\u00e9es et d\u00e9parts\" target=\"_blank\" rel=\"noopener\"><img loading=\"lazy\" decoding=\"async\" style=\"max-width: 792px;\" width=\"792\" height=\"445\" class=\"attachment-800x445 size-800x445 perfmatters-lazy\" alt=\"Mercato OM 2025-2026 Le tableau complet des transferts, arriv\u00e9es et d\u00e9parts\" src=\"https:\/\/www.europesays.com\/fr\/wp-content\/uploads\/2025\/08\/Mercato-OM-2025-2026-Le-tableau-complet-des-transferts-arrivees-et-departs.png\"  data-\/><\/p>\n<p>Mercato OM 2025-2026 : Le tableau complet des transferts, arriv\u00e9es et d\u00e9parts<\/p>\n<p>TRANSFERTS OM &#8211; Retrouvez tous les mouvements de l&rsquo;Olympique de Marseille pour l&rsquo;intersaison 2025 en Ligue 1. Arriv\u00e9es, d\u00e9part, pr\u00eats, transferts d\u00e9finitifs, ne ratez rien du mercato estival.\u00a0<\/p>\n<p>Lire l&rsquo;article<\/p>\n<p>dicodusport.fr<\/p>\n","protected":false},"excerpt":{"rendered":"LIGUE 1 2025-2026 \u2013 Selon RTL, la m\u00e8re d\u2019Adrien Rabiot aurait confi\u00e9 que Roberto De Zerbi ne comptait&hellip;\n","protected":false},"author":2,"featured_media":329511,"comment_status":"","ping_status":"","sticky":false,"template":"","format":"standard","meta":{"footnotes":""},"categories":[2814],"tags":[1111,11,2113,1777,674,1011,27,884,12,149,882,25],"class_list":{"0":"post-329510","1":"post","2":"type-post","3":"status-publish","4":"format-standard","5":"has-post-thumbnail","7":"category-marseille","8":"tag-actu","9":"tag-actualites","10":"tag-breve","11":"tag-eu","12":"tag-europe","13":"tag-fr","14":"tag-france","15":"tag-marseille","16":"tag-news","17":"tag-om","18":"tag-provence-alpes-cote-dazur","19":"tag-republique-francaise"},"share_on_mastodon":{"url":"https:\/\/pubeurope.com\/@fr\/115055953541979283","error":""},"_links":{"self":[{"href":"https:\/\/www.europesays.com\/fr\/wp-json\/wp\/v2\/posts\/329510","targetHints":{"allow":["GET"]}}],"collection":[{"href":"https:\/\/www.europesays.com\/fr\/wp-json\/wp\/v2\/posts"}],"about":[{"href":"https:\/\/www.europesays.com\/fr\/wp-json\/wp\/v2\/types\/post"}],"author":[{"embeddable":true,"href":"https:\/\/www.europesays.com\/fr\/wp-json\/wp\/v2\/users\/2"}],"replies":[{"embeddable":true,"href":"https:\/\/www.europesays.com\/fr\/wp-json\/wp\/v2\/comments?post=329510"}],"version-history":[{"count":0,"href":"https:\/\/www.europesays.com\/fr\/wp-json\/wp\/v2\/posts\/329510\/revisions"}],"wp:featuredmedia":[{"embeddable":true,"href":"https:\/\/www.europesays.com\/fr\/wp-json\/wp\/v2\/media\/329511"}],"wp:attachment":[{"href":"https:\/\/www.europesays.com\/fr\/wp-json\/wp\/v2\/media?parent=329510"}],"wp:term":[{"taxonomy":"category","embeddable":true,"href":"https:\/\/www.europesays.com\/fr\/wp-json\/wp\/v2\/categories?post=329510"},{"taxonomy":"post_tag","embeddable":true,"href":"https:\/\/www.europesays.com\/fr\/wp-json\/wp\/v2\/tags?post=329510"}],"curies":[{"name":"wp","href":"https:\/\/api.w.org\/{rel}","templated":true}]}}