{"id":329512,"date":"2025-08-19T14:41:11","date_gmt":"2025-08-19T14:41:11","guid":{"rendered":"https:\/\/www.europesays.com\/fr\/329512\/"},"modified":"2025-08-19T14:41:11","modified_gmt":"2025-08-19T14:41:11","slug":"la-ville-nous-laisse-dans-cet-enfer","status":"publish","type":"post","link":"https:\/\/www.europesays.com\/fr\/329512\/","title":{"rendered":"La Ville nous laisse dans cet enfer"},"content":{"rendered":"<p>            Par<br \/>\n        <strong><br \/>\n            <a href=\"https:\/\/actu.fr\/auteur\/anthony-soudani\" title=\"Consulter tous les articles de Anthony Soudani\" target=\"_blank\" rel=\"noopener\">Anthony Soudani<\/a><br \/>\n        <\/strong><\/p>\n<p>        Publi\u00e9 le<\/p>\n<p>            19 ao\u00fbt 2025 \u00e0 16h17        <\/p>\n<p>Les nuits sont de nouveau infernales pour <a href=\"https:\/\/actu.fr\/auvergne-rhone-alpes\/lyon_69123\/lyon-mael-est-le-voisin-d-une-epicerie-de-nuit-infernale-je-n-en-dors-plus_61922147.html\" target=\"_blank\" rel=\"noopener\">les voisins de l\u2019\u00c9picerie du 8e<\/a> de la rue Pierre-Delore \u00e0 <a href=\"https:\/\/actu.fr\/lyon\/\" target=\"_blank\" rel=\"noopener\">Lyon<\/a>. <strong>Le commerce de nuit g\u00e9n\u00e8re des nuisances sonores<\/strong> excessives et des incivilit\u00e9s\u2026 des d\u00e9chets sont retrouv\u00e9s sur la voie publique chaque matin par les habitants.<br \/><a href=\"https:\/\/actu.fr\/auvergne-rhone-alpes\/lyon_69123\/lyon-une-epicerie-de-nuit-forcee-de-fermer-un-mois-elle-rendait-fou-les-voisins_62859698.html\" target=\"_blank\" rel=\"noopener\">Ferm\u00e9 administrativement par la pr\u00e9fecture du Rh\u00f4ne<\/a> pendant un mois en juillet\u00a02025 pour avoir vendu des boissons alcoolis\u00e9es apr\u00e8s 21h, le magasin fait de nouveau parler de lui.<br \/>Le voisinage t\u00e9moigne.<\/p>\n<p>Des voisins \u00ab\u2009plus que d\u00e9sempar\u00e9s\u2009\u00bb face aux nuisances nocturnes<\/p>\n<p class=\" wall-content\">Anciennement Sari Market et <a href=\"https:\/\/actu.fr\/auvergne-rhone-alpes\/lyon_69123\/lyon-cette-epicerie-fermee-d-urgence-elle-faisait-vivre-l-enfer-aux-riverains-la-nuit_61888386.html\" target=\"_blank\" rel=\"noopener\">ferm\u00e9e quatre fois depuis mars\u00a02024<\/a>, l\u2019\u00e9picerie est accus\u00e9e par le voisinage de g\u00e9n\u00e9rer une activit\u00e9 nocturne bruyante avec une client\u00e8le qui vient se \u00ab\u2009ravitailler\u2009\u00bb sur le chemin de la bo\u00eete de nuit (le NH Club \u00e9tant \u00e0 proximit\u00e9), notamment le week-end.<\/p>\n<p class=\" wall-content\">\u00ab\u2009\u00c0 peine rouverte que la rue est d\u00e9j\u00e0 une porcherie\u2009\u00bb, t\u00e9moigne un voisin aupr\u00e8s d\u2019actu Lyon. \u00ab\u2009On repasse des nuits d\u2019enfer. <strong>On est plus que d\u00e9sempar\u00e9s.<\/strong> On ne sait vraiment plus vers qui se tourner.\u2009\u00bb<\/p>\n<p class=\" wall-content\">L\u2019impuissance est palpable dans les propos de cet habitant du 8\u1d49 arrondissement et pour cause. Des promesses ont \u00e9t\u00e9 faites par le maire de l\u2019arrondissement, Olivier Berzane. \u00ab\u2009Les contr\u00f4les se poursuivront d\u00e8s sa r\u00e9ouverture tant que son propri\u00e9taire persistera \u00e0 ne pas respecter la loi\u2009\u00bb, avait affirm\u00e9 l\u2019\u00e9lu \u00e9cologiste au moment de la fermeture du commerce.<\/p>\n<p>\u00ab\u2009La Ville de Lyon nous laisse dans cet enfer\u2009\u00bb<\/p>\n<p class=\" wall-content\">\u00ab\u2009La Ville de Lyon nous laisse dans cet enfer\u2009\u00bb, l\u00e2che le voisin de l\u2019\u00e9picerie. D\u2019autres riverains sont \u00e9galement en col\u00e8re sur les r\u00e9seaux sociaux et r\u00e9agissent.<\/p>\n<p class=\" wall-content\">Sollicit\u00e9, le maire du 8e arrondissement, Olivier Berzane, a refus\u00e9 de r\u00e9agir aupr\u00e8s d\u2019actu Lyon. \u00ab\u2009Un <strong>maire malheureusement absent, qui ne r\u00e9pond plus \u00e0 nos demandes<\/strong>, \u00e0 part l\u2019installation d\u2019une cam\u00e9ra\u2009\u00bb, d\u00e9noncent les habitants du secteur.<\/p>\n<p class=\" wall-content\">Le week-end dernier a \u00e9t\u00e9 particuli\u00e8rement \u00e9prouvant pour les riverains avec deux soir\u00e9es cons\u00e9cutives de<strong> nuisances nocturnes<\/strong>. \u00ab\u2009On appelle la police, mais quand les agents viennent, ils passent seulement sans rien dire, assure le voisin. Le propri\u00e9taire de l\u2019\u00e9picerie ne dit rien \u00e0 la client\u00e8le. C\u2019est un calvaire.\u2009\u00bb<\/p>\n<p>Votre r\u00e9gion, votre actu !<\/p>\n<p>Recevez chaque jour les infos qui comptent pour vous.<\/p>\n<p>\t<a href=\"https:\/\/actu.fr\/newsletter\" class=\"ac-btn ac-btn--corner ac-btn--medium ac-btn--blue800\" target=\"_blank\" rel=\"noopener\">S&rsquo;incrire<\/a><br \/>\nPlusieurs interventions de police<\/p>\n<p class=\" wall-content\">La r\u00e9daction a par ailleurs tent\u00e9 de contacter le patron des lieux. Une nouvelle fois, sans succ\u00e8s\u2026<\/p>\n<p class=\" wall-content\">De son c\u00f4t\u00e9, la police nationale de Lyon nous confirme que plusieurs interventions ont \u00e9t\u00e9 men\u00e9es \u00e0 proximit\u00e9 de cette \u00e9picerie apr\u00e8s des appels 17 durant le mois d\u2019ao\u00fbt. \u00ab\u2009Nos effectifs ont \u00e9t\u00e9 sensibilis\u00e9s et <strong>patrouillent pour faire cesser les troubles lorsqu\u2019il y en a<\/strong>. Des v\u00e9hicules en stationnement g\u00eanant sont r\u00e9guli\u00e8rement verbalis\u00e9s sur ce secteur.\u2009\u00bb<\/p>\n<p class=\" wall-content\">Personnalisez votre actualit\u00e9 en ajoutant vos villes et m\u00e9dias en favori avec <a href=\"https:\/\/moncompte.actu.fr\" title=\"D\u00e9couvez Mon Actu\" rel=\"nofollow noopener\" data-trk=\"{&quot;cta&quot;:{&quot;action&quot;:&quot;https:\\\/\\\/moncompte.actu.fr&quot;,&quot;category&quot;:&quot;mon compte&quot;,&quot;from&quot;:&quot;article footer&quot;,&quot;name&quot;:&quot;Mon actu&quot;,&quot;type&quot;:&quot;cta&quot;}}\" target=\"_blank\">Mon Actu<\/a>.<\/p>\n","protected":false},"excerpt":{"rendered":"Par Anthony Soudani Publi\u00e9 le 19 ao\u00fbt 2025 \u00e0 16h17 Les nuits sont de nouveau infernales pour les&hellip;\n","protected":false},"author":2,"featured_media":329513,"comment_status":"","ping_status":"","sticky":false,"template":"","format":"standard","meta":{"footnotes":""},"categories":[1889],"tags":[1111,11,2430,215,1777,674,1011,27,2428,12,1072,9450,25,104],"class_list":{"0":"post-329512","1":"post","2":"type-post","3":"status-publish","4":"format-standard","5":"has-post-thumbnail","7":"category-lyon","8":"tag-actu","9":"tag-actualites","10":"tag-auvergne-rhone-alpes","11":"tag-commerce","12":"tag-eu","13":"tag-europe","14":"tag-fr","15":"tag-france","16":"tag-lyon","17":"tag-news","18":"tag-police","19":"tag-prefecture-du-rhone","20":"tag-republique-francaise","21":"tag-societe"},"share_on_mastodon":{"url":"https:\/\/pubeurope.com\/@fr\/115055957389239270","error":""},"_links":{"self":[{"href":"https:\/\/www.europesays.com\/fr\/wp-json\/wp\/v2\/posts\/329512","targetHints":{"allow":["GET"]}}],"collection":[{"href":"https:\/\/www.europesays.com\/fr\/wp-json\/wp\/v2\/posts"}],"about":[{"href":"https:\/\/www.europesays.com\/fr\/wp-json\/wp\/v2\/types\/post"}],"author":[{"embeddable":true,"href":"https:\/\/www.europesays.com\/fr\/wp-json\/wp\/v2\/users\/2"}],"replies":[{"embeddable":true,"href":"https:\/\/www.europesays.com\/fr\/wp-json\/wp\/v2\/comments?post=329512"}],"version-history":[{"count":0,"href":"https:\/\/www.europesays.com\/fr\/wp-json\/wp\/v2\/posts\/329512\/revisions"}],"wp:featuredmedia":[{"embeddable":true,"href":"https:\/\/www.europesays.com\/fr\/wp-json\/wp\/v2\/media\/329513"}],"wp:attachment":[{"href":"https:\/\/www.europesays.com\/fr\/wp-json\/wp\/v2\/media?parent=329512"}],"wp:term":[{"taxonomy":"category","embeddable":true,"href":"https:\/\/www.europesays.com\/fr\/wp-json\/wp\/v2\/categories?post=329512"},{"taxonomy":"post_tag","embeddable":true,"href":"https:\/\/www.europesays.com\/fr\/wp-json\/wp\/v2\/tags?post=329512"}],"curies":[{"name":"wp","href":"https:\/\/api.w.org\/{rel}","templated":true}]}}