{"id":329514,"date":"2025-08-19T14:42:10","date_gmt":"2025-08-19T14:42:10","guid":{"rendered":"https:\/\/www.europesays.com\/fr\/329514\/"},"modified":"2025-08-19T14:42:10","modified_gmt":"2025-08-19T14:42:10","slug":"deux-jeunes-hommes-percutes-par-un-train-en-gare-dans-des-circonstances-mysterieuses","status":"publish","type":"post","link":"https:\/\/www.europesays.com\/fr\/329514\/","title":{"rendered":"deux jeunes hommes percut\u00e9s par un train en gare dans des circonstances myst\u00e9rieuses"},"content":{"rendered":"<p>Deux jeunes hommes, qui se trouvaient sur la voie pour une raison qui reste \u00e0 \u00e9lucider, ont \u00e9t\u00e9 tu\u00e9s vendredi, percut\u00e9 en gare de Meximieux par un train TER qui ne s\u2019y arr\u00eatait pas.<\/p>\n<p class=\"fig-paragraph\">Quatre jours apr\u00e8s que la mort les a fauch\u00e9s, m\u00eame leur identit\u00e9 reste inconnue. Deux jeunes hommes ont \u00e9t\u00e9 mortellement percut\u00e9s vendredi 15 ao\u00fbt \u00e0\u00a0<a href=\"http:\/\/www.lefigaro.fr\/lyon\/un-chauffard-flashe-a-pres-de-300-km-h-a-l-est-de-lyon-un-potentiel-record-d-exces-de-vitesse-20250818\" data-fig-type=\"NewsFlash\" data-gtm-custom-categorie=\"navigation\" data-gtm-custom-action=\"crossclick\" data-gtm-custom-label=\"Contextuel\" data-gtm-event=\"customEventSPE\" data-fig-domain=\"LEFIGARO\" target=\"_blank\" rel=\"noopener\">Meximieux<\/a>\u00a0(<a href=\"http:\/\/www.lefigaro.fr\/lyon\/ils-se-sont-foutus-de-nous-un-maire-de-l-ain-veut-retirer-les-panneaux-de-la-region-de-sa-commune-et-attaque-laurent-wauquiez-20250612\" data-fig-type=\"NewsFlash\" data-gtm-custom-categorie=\"navigation\" data-gtm-custom-action=\"crossclick\" data-gtm-custom-label=\"Contextuel\" data-gtm-event=\"customEventSPE\" data-fig-domain=\"LEFIGARO\" target=\"_blank\" rel=\"noopener\">Ain<\/a>) par un train qui ne s\u2019y arr\u00eatait pas. Les victimes se trouvaient sur les voies, pour raison qui restent elles aussi \u00e0 \u00e9claircir.<\/p>\n<p class=\"fig-paragraph\">Il est un peu plus de 22 heures quand le conducteur du TER reliant Belfort \u00e0 Lyon aper\u00e7oit deux silhouettes sur les voies \u00e0 hauteur de la gare de Meximieux-P\u00e9rouges. Ce dernier utilise ses avertisseurs sonores et engage un freinage d\u2019urgence. Mais avec son \u00e9lan, il ne parvient \u00e9videmment pas \u00e0 s\u2019arr\u00eater \u00e0 temps et percute les deux jeunes hommes de plein fouet.<\/p>\n<p>                                    <a class=\"fig-a11y-skip a11y-hidden\" href=\"#fig-a11y-skip-main-inarticle\"><br \/>\n        Passer la publicit\u00e9<br \/>\n    <\/a><\/p>\n<p>Les circonstances du drame \u00e0 \u00e9lucider<\/p>\n<p class=\"fig-paragraph\">Tu\u00e9es sur le coup, les deux victimes n\u2019\u00e9taient pas identifiables dans l\u2019imm\u00e9diat. L\u2019une d\u2019elles l\u2019a \u00e9t\u00e9 depuis, dans le cadre de l\u2019enqu\u00eate ouverte en recherche des causes de la mort par le parquet de Bourg-en-Bresse, indique ce dernier au Figaro. Son identit\u00e9 doit n\u00e9anmoins \u00eatre confirm\u00e9e. Une autopsie des deux victimes a \u00e9t\u00e9 diligent\u00e9e, pr\u00e9cise-t-on de m\u00eame source.<\/p>\n<p class=\"fig-paragraph\">D\u2019apr\u00e8s le quotidien r\u00e9gional\u00a0<a href=\"https:\/\/c.leprogres.fr\/faits-divers-justice\/2025\/08\/16\/deux-morts-en-gare-de-meximieux-une-bagarre-a-l-origine-du-drame\" target=\"_blank\" rel=\"sponsored noopener\" data-gtm-custom-categorie=\"navigation\" data-gtm-custom-action=\"crossclick\" data-gtm-custom-label=\"Contextuel\" data-gtm-event=\"customEventSPE\">Le Progr\u00e8s<\/a>, les deux jeunes seraient \u00e2g\u00e9s de 16 \u00e0 19 ans. L\u2019enqu\u00eate devrait permettre de comprendre comment ils se sont retrouv\u00e9s sur les voies sans pouvoir s\u2019en extirper \u00e0 temps. Rien n\u2019a filtr\u00e9 sur les circonstances de ce drame pour l\u2019heure. Le conducteur a quant \u00e0 lui \u00e9t\u00e9 pris en charge psychologiquement, indique la SNCF au Figaro.<\/p>\n<p class=\"fig-body-link\">\n            \u00c0 lire aussi<br \/>\n        <a class=\"fig-body-link__link\" href=\"http:\/\/www.lefigaro.fr\/lyon\/une-automobiliste-meurt-percutee-par-un-train-a-un-passage-a-niveau-au-nord-de-lyon-20240808\" data-fig-type=\"NewsFlash\" data-gtm-custom-categorie=\"navigation\" data-gtm-custom-action=\"crossclick\" data-gtm-custom-label=\"Contextuel\" data-gtm-event=\"customEventSPE\" data-fig-domain=\"LEFIGARO\" target=\"_blank\" rel=\"noopener\">Une automobiliste meurt percut\u00e9e par un train \u00e0 un passage \u00e0 niveau au nord de Lyon<br \/>\n    <\/a>\n<\/p>\n<p class=\"fig-paragraph\">Les 90 passagers du TER n\u2019ont, pour leur part, pas \u00e9t\u00e9 bless\u00e9s. Le train a fini par s\u2019arr\u00eater en lisi\u00e8re d\u2019un stade de rugby, o\u00f9 les voyageurs ont pu \u00eatre \u00e9vacu\u00e9s et transbord\u00e9s dans un autocar ayant r\u00e9alis\u00e9 ensuite deux liaisons vers Lyon, Les derniers passagers sont arriv\u00e9s \u00e0 destination au milieu de la nuit.<\/p>\n","protected":false},"excerpt":{"rendered":"Deux jeunes hommes, qui se trouvaient sur la voie pour une raison qui reste \u00e0 \u00e9lucider, ont \u00e9t\u00e9&hellip;\n","protected":false},"author":2,"featured_media":329515,"comment_status":"","ping_status":"","sticky":false,"template":"","format":"standard","meta":{"footnotes":""},"categories":[1889],"tags":[119,1111,11,2430,1777,674,1011,27,2428,12,25,5811],"class_list":{"0":"post-329514","1":"post","2":"type-post","3":"status-publish","4":"format-standard","5":"has-post-thumbnail","7":"category-lyon","8":"tag-accident","9":"tag-actu","10":"tag-actualites","11":"tag-auvergne-rhone-alpes","12":"tag-eu","13":"tag-europe","14":"tag-fr","15":"tag-france","16":"tag-lyon","17":"tag-news","18":"tag-republique-francaise","19":"tag-trains"},"share_on_mastodon":{"url":"https:\/\/pubeurope.com\/@fr\/115055961207381593","error":""},"_links":{"self":[{"href":"https:\/\/www.europesays.com\/fr\/wp-json\/wp\/v2\/posts\/329514","targetHints":{"allow":["GET"]}}],"collection":[{"href":"https:\/\/www.europesays.com\/fr\/wp-json\/wp\/v2\/posts"}],"about":[{"href":"https:\/\/www.europesays.com\/fr\/wp-json\/wp\/v2\/types\/post"}],"author":[{"embeddable":true,"href":"https:\/\/www.europesays.com\/fr\/wp-json\/wp\/v2\/users\/2"}],"replies":[{"embeddable":true,"href":"https:\/\/www.europesays.com\/fr\/wp-json\/wp\/v2\/comments?post=329514"}],"version-history":[{"count":0,"href":"https:\/\/www.europesays.com\/fr\/wp-json\/wp\/v2\/posts\/329514\/revisions"}],"wp:featuredmedia":[{"embeddable":true,"href":"https:\/\/www.europesays.com\/fr\/wp-json\/wp\/v2\/media\/329515"}],"wp:attachment":[{"href":"https:\/\/www.europesays.com\/fr\/wp-json\/wp\/v2\/media?parent=329514"}],"wp:term":[{"taxonomy":"category","embeddable":true,"href":"https:\/\/www.europesays.com\/fr\/wp-json\/wp\/v2\/categories?post=329514"},{"taxonomy":"post_tag","embeddable":true,"href":"https:\/\/www.europesays.com\/fr\/wp-json\/wp\/v2\/tags?post=329514"}],"curies":[{"name":"wp","href":"https:\/\/api.w.org\/{rel}","templated":true}]}}