{"id":329516,"date":"2025-08-19T14:44:09","date_gmt":"2025-08-19T14:44:09","guid":{"rendered":"https:\/\/www.europesays.com\/fr\/329516\/"},"modified":"2025-08-19T14:44:09","modified_gmt":"2025-08-19T14:44:09","slug":"meteo-france-appelle-a-la-vigilance-en-ile-de-france","status":"publish","type":"post","link":"https:\/\/www.europesays.com\/fr\/329516\/","title":{"rendered":"M\u00e9t\u00e9o France appelle \u00e0 la vigilance en \u00cele-de-France"},"content":{"rendered":"<p>            Par<br \/>\n        <strong><br \/>\n            <a href=\"https:\/\/actu.fr\/auteur\/redaction-paris\" title=\"Consulter tous les articles de R\u00e9daction Paris\" rel=\"nofollow noopener\" target=\"_blank\">R\u00e9daction Paris<\/a><br \/>\n        <\/strong><\/p>\n<p>        Publi\u00e9 le<\/p>\n<p>            19 ao\u00fbt 2025 \u00e0 16h31        <\/p>\n<p>Quand une vigilance est lev\u00e9e, une autre s\u2019ensuit rapidement. <a href=\"https:\/\/actu.fr\/ile-de-france\/paris_75056\/meteo-apres-une-accalmie-de-la-canicule-les-temperatures-vont-remonter-en-fleche-a-paris-et-ile-de-france_63035989.html\" rel=\"nofollow noopener\" target=\"_blank\">Apr\u00e8s la vague caniculaire<\/a> qui s\u2019est abattue sur l\u2019\u00cele-de-France la semaine derni\u00e8re, <strong>les orages et la pluie<\/strong> devraient prendre le relais d\u00e8s ce mardi 19\u00a0ao\u00fbt 2025 en d\u00e9but de soir\u00e9e. <a href=\"https:\/\/vigilance.meteofrance.fr\/fr\" rel=\"nofollow noopener\" target=\"_blank\">M\u00e9t\u00e9o France<\/a> vient de placer la r\u00e9gion en <strong>vigilance m\u00e9t\u00e9orologique jaune<\/strong> pour des risques d\u2019orage et l\u2019\u00e9tendra aux risques de pluie inondation mercredi 20\u00a0ao\u00fbt.<\/p>\n<p>Plusieurs jours d\u2019instabilit\u00e9<\/p>\n<p class=\" wall-content\">Apr\u00e8s avoir \u00e9t\u00e9 au-dessus des normales de saison, <strong>les temp\u00e9ratures vont radicalement baisser<\/strong> en \u00cele-de-France pour la seconde partie de la semaine. <a href=\"https:\/\/actu.fr\/meteo\/orages-violents-ce-mardi-meteo-france-place-68-departements-en-vigilance-a-quoi-s-attendre_63047445.html\" rel=\"nofollow noopener\" target=\"_blank\">Une soixantaine de d\u00e9partements<\/a> sont \u00e9galement plac\u00e9s en vigilance jaune par M\u00e9t\u00e9o France et quatre sont en orange pour des risques de ph\u00e9nom\u00e8nes violents. L\u2019instabilit\u00e9 devrait se poursuivre mercredi\u00a020 et jeudi 21\u00a0ao\u00fbt.<\/p>\n<p class=\" wall-content\">\n<p class=\" wall-content\">Mercredi 20\u00a0ao\u00fbt, cette bande pluvio-orageuse devrait <strong>stagner du nord-est jusqu\u2019\u00e0 l\u2019\u00cele-de-France<\/strong> pouvant donner des cumuls de pluie localement importants.<\/p>\n<p class=\" wall-content\">Sur les r\u00e9seaux sociaux, la pr\u00e9fecture du Val-de-Marne a \u00e9galement publi\u00e9 un message pour appeler \u00e0 la vigilance des habitants du d\u00e9partement. Elle demande une attention particuli\u00e8re \u00e0 toutes les personnes qui \u00ab\u2009pratiquent des activit\u00e9s sensibles au risque m\u00e9t\u00e9orologique\u2009\u00bb.<\/p>\n<p class=\" wall-content\">\n<p class=\" wall-content\">.<\/p>\n<p class=\" wall-content\">Personnalisez votre actualit\u00e9 en ajoutant vos villes et m\u00e9dias en favori avec <a href=\"https:\/\/moncompte.actu.fr\" title=\"D\u00e9couvez Mon Actu\" rel=\"nofollow noopener\" data-trk=\"{&quot;cta&quot;:{&quot;action&quot;:&quot;https:\\\/\\\/moncompte.actu.fr&quot;,&quot;category&quot;:&quot;mon compte&quot;,&quot;from&quot;:&quot;article footer&quot;,&quot;name&quot;:&quot;Mon actu&quot;,&quot;type&quot;:&quot;cta&quot;}}\" target=\"_blank\">Mon Actu<\/a>.<\/p>\n","protected":false},"excerpt":{"rendered":"Par R\u00e9daction Paris Publi\u00e9 le 19 ao\u00fbt 2025 \u00e0 16h31 Quand une vigilance est lev\u00e9e, une autre s\u2019ensuit&hellip;\n","protected":false},"author":2,"featured_media":329517,"comment_status":"","ping_status":"","sticky":false,"template":"","format":"standard","meta":{"footnotes":""},"categories":[1592],"tags":[1111,11,1777,674,1011,27,662,2839,2487,2357,12,4594,626,25],"class_list":{"0":"post-329516","1":"post","2":"type-post","3":"status-publish","4":"format-standard","5":"has-post-thumbnail","7":"category-ile-de-france","8":"tag-actu","9":"tag-actualites","10":"tag-eu","11":"tag-europe","12":"tag-fr","13":"tag-france","14":"tag-ile-de-france","15":"tag-inondations","16":"tag-meteo","17":"tag-meteo-france","18":"tag-news","19":"tag-orages","20":"tag-paris","21":"tag-republique-francaise"},"share_on_mastodon":{"url":"https:\/\/pubeurope.com\/@fr\/115055969183481530","error":""},"_links":{"self":[{"href":"https:\/\/www.europesays.com\/fr\/wp-json\/wp\/v2\/posts\/329516","targetHints":{"allow":["GET"]}}],"collection":[{"href":"https:\/\/www.europesays.com\/fr\/wp-json\/wp\/v2\/posts"}],"about":[{"href":"https:\/\/www.europesays.com\/fr\/wp-json\/wp\/v2\/types\/post"}],"author":[{"embeddable":true,"href":"https:\/\/www.europesays.com\/fr\/wp-json\/wp\/v2\/users\/2"}],"replies":[{"embeddable":true,"href":"https:\/\/www.europesays.com\/fr\/wp-json\/wp\/v2\/comments?post=329516"}],"version-history":[{"count":0,"href":"https:\/\/www.europesays.com\/fr\/wp-json\/wp\/v2\/posts\/329516\/revisions"}],"wp:featuredmedia":[{"embeddable":true,"href":"https:\/\/www.europesays.com\/fr\/wp-json\/wp\/v2\/media\/329517"}],"wp:attachment":[{"href":"https:\/\/www.europesays.com\/fr\/wp-json\/wp\/v2\/media?parent=329516"}],"wp:term":[{"taxonomy":"category","embeddable":true,"href":"https:\/\/www.europesays.com\/fr\/wp-json\/wp\/v2\/categories?post=329516"},{"taxonomy":"post_tag","embeddable":true,"href":"https:\/\/www.europesays.com\/fr\/wp-json\/wp\/v2\/tags?post=329516"}],"curies":[{"name":"wp","href":"https:\/\/api.w.org\/{rel}","templated":true}]}}