{"id":329518,"date":"2025-08-19T14:45:15","date_gmt":"2025-08-19T14:45:15","guid":{"rendered":"https:\/\/www.europesays.com\/fr\/329518\/"},"modified":"2025-08-19T14:45:15","modified_gmt":"2025-08-19T14:45:15","slug":"lallocation-de-rentree-scolaire-est-versee-a-partir-de-mardi","status":"publish","type":"post","link":"https:\/\/www.europesays.com\/fr\/329518\/","title":{"rendered":"L&rsquo;allocation de rentr\u00e9e scolaire est vers\u00e9e \u00e0 partir de mardi"},"content":{"rendered":"\n<p class=\"c-chapo \">\n  Cette aide, qui concerne quelque trois millions de foyers modestes, profite \u00e0 cinq millions d&rsquo;enfants de 6 \u00e0 18 ans.\n<\/p>\n<p>            lire plus tard<\/p>\n<p id=\"dialog__title\" class=\"dialog__title\">Pour sauvegarder cet article, connectez-vous ou cr\u00e9ez un compte franceinfo<\/p>\n<p class=\"dialog__description\">Sans paiement. Sans abonnement.<\/p>\n<p>        Fermer la fen\u00eatre d\u2019activation des notifications France Info<\/p>\n<p>            cr\u00e9er votre compte<\/p>\n<p>            se connecter<\/p>\n<p>        Fermer la fen\u00eatre de pr\u00e9sentation<\/p>\n<p>    <img loading=\"lazy\" decoding=\"async\" class=\"signature__image lazyload\" width=\"100\" height=\"100\" data- alt=\"\" src=\"https:\/\/www.europesays.com\/fr\/wp-content\/uploads\/2025\/06\/64a55fd777de4_placeholder-36b69ec8.png\"\/><\/p>\n<p>    Publi\u00e9 le 19\/08\/2025 14:48<\/p>\n<p>      Mis \u00e0 jour le 19\/08\/2025 15:06<\/p>\n<p>        Temps de lecture : 1min<\/p>\n<p>    <img decoding=\"async\"  alt=\"Une femme devant un rayon de fournitures scolaires, le 29 juillet 2025 \u00e0 Paris. (QUENTIN DE GROEVE \/ HANS LUCAS \/ AFP)\" width=\"432\" height=\"243\" src=\"https:\/\/www.europesays.com\/fr\/wp-content\/uploads\/2025\/08\/080-hl-quentindegroeve-2842216-68a46dd513746241496638.jpg\" fetchpriority=\"high\"\/><\/p>\n<p>      Une femme devant un rayon de fournitures scolaires, le 29 juillet 2025 \u00e0 Paris. (QUENTIN DE GROEVE \/ HANS LUCAS \/ AFP)<\/p>\n<p>Une bonne nouvelle pour de nombreuses familles. L&rsquo;allocation de rentr\u00e9e scolaire (ARS), qui permet de financer le co\u00fbt de la rentr\u00e9e et l&rsquo;achat de fournitures, est vers\u00e9e \u00e0 partir de mardi 19 ao\u00fbt, fait savoir le site service-public.fr.<strong> <\/strong>Dans les d\u00e9partements de Mayotte et de La\u00a0R\u00e9union, le versement a eu lieu le 5 ao\u00fbt.<\/p>\n<p>L&rsquo;allocation de rentr\u00e9e scolaire, qui concerne quelque trois millions de foyers modestes, profite \u00e0 cinq millions d&rsquo;enfants de 6 \u00e0 18\u00a0ans. Vers\u00e9e automatiquement en fonction des revenus des parents, elle est comprise entre 423 et 462\u00a0euros, selon l&rsquo;\u00e2ge de l&rsquo;enfant. Elle est vers\u00e9e par les caisses d&rsquo;allocations familiales (CAF) ou la Mutualit\u00e9 sociale agricole (MSA). Le plafond de revenus est de 28\u00a0444\u00a0euros pour les m\u00e9nages avec un enfant, 35\u00a0008\u00a0euros pour deux, 41\u00a0572\u00a0euros pour trois, 48\u00a0136\u00a0euros pour quatre, puis 6\u00a0564\u00a0euros par enfant suppl\u00e9mentaire, d\u00e9taille <a href=\"https:\/\/www.education.gouv.fr\/l-allocation-de-rentree-scolaire-305463\" target=\"_blank\" rel=\"noopener nofollow\">le minist\u00e8re de l&rsquo;Education<\/a>.<\/p>\n<p>La pr\u00e9sidente de l&rsquo;UFC-Que Choisir a regrett\u00e9 mardi que la hausse de cette allocation cette ann\u00e9e ne compense pas l&rsquo;augmentation des prix des fournitures, accusant la grande distribution d&rsquo;avoir relev\u00e9 ses tarifs. Elle a \u00e9t\u00e9 revaloris\u00e9e de 1,7%, une hausse \u00ab\u00a0en dessous du relev\u00e9 de prix\u00a0\u00bb sur les fournitures, qui \u00ab\u00a0ont pris 2% entre 2024 et 2025\u00a0\u00bb, a d\u00e9clar\u00e9 Marie-Amandine St\u00e9venin sur <a href=\"https:\/\/rmc.bfmtv.com\/actualites\/economie\/allocation-de-rentree-scolaire-c-est-en-dessous-du-releve-des-prix-realise-par-l-ufc-que-choisir_AV-202508190164.html\" target=\"_blank\" rel=\"noopener nofollow\">RMC<\/a>.<\/p>\n","protected":false},"excerpt":{"rendered":"Cette aide, qui concerne quelque trois millions de foyers modestes, profite \u00e0 cinq millions d&rsquo;enfants de 6 \u00e0&hellip;\n","protected":false},"author":2,"featured_media":329519,"comment_status":"","ping_status":"","sticky":false,"template":"","format":"standard","meta":{"footnotes":""},"categories":[1888],"tags":[1111,1928,11,1927,1777,674,1011,27,12,1926,626,1925,25],"class_list":{"0":"post-329518","1":"post","2":"type-post","3":"status-publish","4":"format-standard","5":"has-post-thumbnail","7":"category-paris","8":"tag-actu","9":"tag-actu-paris","10":"tag-actualites","11":"tag-actualites-paris","12":"tag-eu","13":"tag-europe","14":"tag-fr","15":"tag-france","16":"tag-news","17":"tag-news-paris","18":"tag-paris","19":"tag-paris-news","20":"tag-republique-francaise"},"share_on_mastodon":{"url":"https:\/\/pubeurope.com\/@fr\/115055973109897312","error":""},"_links":{"self":[{"href":"https:\/\/www.europesays.com\/fr\/wp-json\/wp\/v2\/posts\/329518","targetHints":{"allow":["GET"]}}],"collection":[{"href":"https:\/\/www.europesays.com\/fr\/wp-json\/wp\/v2\/posts"}],"about":[{"href":"https:\/\/www.europesays.com\/fr\/wp-json\/wp\/v2\/types\/post"}],"author":[{"embeddable":true,"href":"https:\/\/www.europesays.com\/fr\/wp-json\/wp\/v2\/users\/2"}],"replies":[{"embeddable":true,"href":"https:\/\/www.europesays.com\/fr\/wp-json\/wp\/v2\/comments?post=329518"}],"version-history":[{"count":0,"href":"https:\/\/www.europesays.com\/fr\/wp-json\/wp\/v2\/posts\/329518\/revisions"}],"wp:featuredmedia":[{"embeddable":true,"href":"https:\/\/www.europesays.com\/fr\/wp-json\/wp\/v2\/media\/329519"}],"wp:attachment":[{"href":"https:\/\/www.europesays.com\/fr\/wp-json\/wp\/v2\/media?parent=329518"}],"wp:term":[{"taxonomy":"category","embeddable":true,"href":"https:\/\/www.europesays.com\/fr\/wp-json\/wp\/v2\/categories?post=329518"},{"taxonomy":"post_tag","embeddable":true,"href":"https:\/\/www.europesays.com\/fr\/wp-json\/wp\/v2\/tags?post=329518"}],"curies":[{"name":"wp","href":"https:\/\/api.w.org\/{rel}","templated":true}]}}