{"id":329530,"date":"2025-08-19T14:51:10","date_gmt":"2025-08-19T14:51:10","guid":{"rendered":"https:\/\/www.europesays.com\/fr\/329530\/"},"modified":"2025-08-19T14:51:10","modified_gmt":"2025-08-19T14:51:10","slug":"un-pecheur-du-minnesota-decouvre-une-voiture-engloutie-et-resout-un-mystere-vieux-de-58-ans","status":"publish","type":"post","link":"https:\/\/www.europesays.com\/fr\/329530\/","title":{"rendered":"un p\u00eacheur du Minnesota d\u00e9couvre une voiture engloutie et r\u00e9sout un myst\u00e8re vieux de 58 ans"},"content":{"rendered":"<p class=\"intro \">En sortie de p\u00eache sur le Mississippi, un habitant du Minnesota a d\u00e9couvert une voiture engloutie depuis 1967. \u00c0 l\u2019int\u00e9rieur : des restes humains et des objets appartenant \u00e0 Roy Benn, disparu il y a presque six d\u00e9cennies. Une avanc\u00e9e inattendue dans l\u2019un des plus anciens cold cases de l\u2019\u00c9tat.<\/p>\n<p>Ce qui devait \u00eatre une journ\u00e9e banale s\u2019est transform\u00e9 en d\u00e9couverte surprenante. Le 9 ao\u00fbt dernier, Brody Loch, un p\u00eacheur amateur du <a href=\"https:\/\/www.europe1.fr\/dossiers\/amerique\" target=\"_blank\" rel=\"nofollow noopener\">Minnesota<\/a>, a rep\u00e9r\u00e9 gr\u00e2ce \u00e0 son sonar une voiture immerg\u00e9e dans le <a href=\"https:\/\/www.europe1.fr\/dossiers\/amerique\" target=\"_blank\" rel=\"nofollow noopener\">Mississippi<\/a>, pr\u00e8s de la commune de Sartell. Alert\u00e9es, les autorit\u00e9s ont d\u00e9p\u00each\u00e9 plongeurs pour extraire le v\u00e9hicule, une Buick des ann\u00e9es 60, ab\u00eem\u00e9e mais reconnaissable.\u00a0<\/p>\n<p>    La suite apr\u00e8s cette publicit\u00e9<\/p>\n<p>    La suite apr\u00e8s cette publicit\u00e9<\/p>\n<p>\u00ab\u00a0La voiture semblait \u00eatre une Buick des ann\u00e9es 1960 et a \u00e9t\u00e9 retir\u00e9e de l\u2019eau presque intacte. Le v\u00e9hicule a \u00e9t\u00e9 amen\u00e9 au service de police de Sartell pour une enqu\u00eate plus approfondie\u00a0\u00bb, peut-on lire dans un communiqu\u00e9 publi\u00e9 par les autorit\u00e9s du comt\u00e9 de Stearns.<\/p>\n<p>Disparu alors qu&rsquo;il d\u00e9tenait une somme d&rsquo;argent importante<\/p>\n<p>Les enqu\u00eateurs ont rapidement confirm\u00e9 que la voiture appartenait \u00e0 Roy Benn, disparu en septembre 1967. L&rsquo;homme, patron d\u2019un service de d\u00e9pannage \u00e0 St Cloud, n\u2019avait plus donn\u00e9 signe de vie apr\u00e8s avoir pris le volant de sa Buick bleue, alors qu\u2019il d\u00e9tenait une somme d\u2019argent importante. \u00c0 l\u2019\u00e9poque, malgr\u00e9 la mobilisation de son fr\u00e8re et des recherches intensives, aucune piste n\u2019avait abouti. Il avait \u00e9t\u00e9 d\u00e9clar\u00e9 l\u00e9galement d\u00e9c\u00e9d\u00e9 en 1975.<\/p>\n<p>    La suite apr\u00e8s cette publicit\u00e9<\/p>\n<p>    La suite apr\u00e8s cette publicit\u00e9<\/p>\n<p>La d\u00e9couverte du v\u00e9hicule, rempli de s\u00e9diments mais rest\u00e9 intact, relance donc une affaire rest\u00e9e sans r\u00e9ponse depuis pr\u00e8s de soixante ans. Les restes retrouv\u00e9s ont \u00e9t\u00e9 confi\u00e9s \u00e0 un m\u00e9decin l\u00e9giste, tandis que la famille Benn, qui avait d\u00e9j\u00e0 fourni des \u00e9chantillons ADN, attend enfin une confirmation.<\/p>\n","protected":false},"excerpt":{"rendered":"En sortie de p\u00eache sur le Mississippi, un habitant du Minnesota a d\u00e9couvert une voiture engloutie depuis 1967.&hellip;\n","protected":false},"author":2,"featured_media":329531,"comment_status":"","ping_status":"","sticky":false,"template":"","format":"standard","meta":{"footnotes":""},"categories":[1589],"tags":[11,73,1866,12,1864,1865,1863,308],"class_list":{"0":"post-329530","1":"post","2":"type-post","3":"status-publish","4":"format-standard","5":"has-post-thumbnail","7":"category-etats-unis","8":"tag-actualites","9":"tag-etats-unis","10":"tag-etats-unis-damerique","11":"tag-news","12":"tag-united-states","13":"tag-united-states-of-america","14":"tag-us","15":"tag-usa"},"share_on_mastodon":{"url":"https:\/\/pubeurope.com\/@fr\/115055996663499895","error":""},"_links":{"self":[{"href":"https:\/\/www.europesays.com\/fr\/wp-json\/wp\/v2\/posts\/329530","targetHints":{"allow":["GET"]}}],"collection":[{"href":"https:\/\/www.europesays.com\/fr\/wp-json\/wp\/v2\/posts"}],"about":[{"href":"https:\/\/www.europesays.com\/fr\/wp-json\/wp\/v2\/types\/post"}],"author":[{"embeddable":true,"href":"https:\/\/www.europesays.com\/fr\/wp-json\/wp\/v2\/users\/2"}],"replies":[{"embeddable":true,"href":"https:\/\/www.europesays.com\/fr\/wp-json\/wp\/v2\/comments?post=329530"}],"version-history":[{"count":0,"href":"https:\/\/www.europesays.com\/fr\/wp-json\/wp\/v2\/posts\/329530\/revisions"}],"wp:featuredmedia":[{"embeddable":true,"href":"https:\/\/www.europesays.com\/fr\/wp-json\/wp\/v2\/media\/329531"}],"wp:attachment":[{"href":"https:\/\/www.europesays.com\/fr\/wp-json\/wp\/v2\/media?parent=329530"}],"wp:term":[{"taxonomy":"category","embeddable":true,"href":"https:\/\/www.europesays.com\/fr\/wp-json\/wp\/v2\/categories?post=329530"},{"taxonomy":"post_tag","embeddable":true,"href":"https:\/\/www.europesays.com\/fr\/wp-json\/wp\/v2\/tags?post=329530"}],"curies":[{"name":"wp","href":"https:\/\/api.w.org\/{rel}","templated":true}]}}