{"id":329535,"date":"2025-08-19T14:54:25","date_gmt":"2025-08-19T14:54:25","guid":{"rendered":"https:\/\/www.europesays.com\/fr\/329535\/"},"modified":"2025-08-19T14:54:25","modified_gmt":"2025-08-19T14:54:25","slug":"lunite-inesperee-de-leurope-peut-elle-changer-la-donne","status":"publish","type":"post","link":"https:\/\/www.europesays.com\/fr\/329535\/","title":{"rendered":"\u201cl\u2019unit\u00e9 inesp\u00e9r\u00e9e de l\u2019Europe\u201d peut-elle changer la donne ?"},"content":{"rendered":"<p>L\u2019image, in\u00e9dite, porte une charge symbolique tr\u00e8s forte. Les quatre leaders des plus grandes puissances europ\u00e9ennes \u2013 le Fran\u00e7ais Emmanuel Macron, l\u2019Allemand Friedrich Merz, le Britannique Keir Starmer et l\u2019Italienne Giorgia Meloni \u2013, assis \u00e0 la m\u00eame table que Donald Trump, \u00e0 la Maison-Blanche. Comme \u201cune garde rapproch\u00e9e europ\u00e9enne autour de Zelensky\u201d,<a href=\"https:\/\/www.lesoir.be\/693810\/article\/2025-08-18\/autour-de-zelensky-une-garde-rapprochee-europeenne-soigneusement-reflechie-face\" rel=\"nofollow noopener\" target=\"_blank\" data-ylk=\"slk:glisse le m\u00e9dia belge Le Soir;elm:context_link;itc:0;sec:content-canvas\" class=\"link \"> glisse le m\u00e9dia belge <strong>Le Soir<\/strong><\/a><strong>.<\/strong><\/p>\n<p>Lundi 18 ao\u00fbt, en effet, \u00e0 la suite du <a href=\"https:\/\/www.courrierinternational.com\/article\/recit-c-est-quoi-ce-bordel-dans-les-coulisses-du-fiasco-d-anchorage_234061\" rel=\"nofollow noopener\" target=\"_blank\" data-ylk=\"slk:sommet historique d\u2019Anchorage entre Donald Trump et Vladimir Poutine;elm:context_link;itc:0;sec:content-canvas\" class=\"link \">sommet historique d\u2019Anchorage entre Donald Trump et Vladimir Poutine<\/a> sur la paix en Ukraine, une dizaine de dirigeants du Vieux Continent, accompagn\u00e9s de la pr\u00e9sidente de la Commission europ\u00e9enne, Ursula von der Leyen et du secr\u00e9taire g\u00e9n\u00e9ral de l\u2019Otan, Mark Rutte, se sont rendus dans la capitale am\u00e9ricaine aux c\u00f4t\u00e9s de Volodymyr Zelensky. Leur objectif : demander \u00e0 Donald Trump davantage de garanties sur la paix en Ukraine.<\/p>\n<p>La volont\u00e9 \u00e9vidente de ce voyage \u00e9tait d\u2019afficher une unit\u00e9 europ\u00e9enne sur la question, et visiblement <a href=\"https:\/\/www.lastampa.it\/editoriali\/lettere-e-idee\/2025\/08\/19\/news\/cosi_l_ue_alle_strette_ha_ritrovato_vigore-15275018\/?ref=LSHAE-BH-P1-S1-T1\" rel=\"nofollow noopener\" target=\"_blank\" data-ylk=\"slk:l\u2019initiative a impressionn\u00e9 La Stampa;elm:context_link;itc:0;sec:content-canvas\" class=\"link \">l\u2019initiative a impressionn\u00e9 <strong>La Stampa<\/strong><\/a><strong>,<\/strong> qui sur sa premi\u00e8re page \u00e9voque une Europe \u201cqui a prolong\u00e9 la vie de Zelensky\u201d. \u201cIl y a quelque chose de d\u00e9sesp\u00e9r\u00e9 dans l\u2019initiative des leaders europ\u00e9ens qui se sont pr\u00e9cipit\u00e9s hier \u00e0 Washington, mais ils ont fait de n\u00e9cessit\u00e9 vertu, argumente ce quotidien lib\u00e9ral italien. Si le pr\u00e9sident ukrainien avait \u00e9t\u00e9 laiss\u00e9 seul, il aurait \u00e9t\u00e9 point\u00e9 du doigt par le pr\u00e9sident am\u00e9ricain comme l\u2019obstacle principal \u00e0 la paix, et c\u2019est pour \u00e9viter ce sc\u00e9nario, que les sept leaders l\u2019ont accompagn\u00e9 dans cette procession \u00e0 la Maison-Blanche.\u201d Mission accomplie du point de vue symbolique, mais concr\u00e8tement quelles concessions ont obtenu Zelensky et les Europ\u00e9ens de la part du pr\u00e9sident am\u00e9ricain ?<\/p>\n<p>\u201cPour de nombreux observateurs, Trump vient de radicalement changer la donne en \u00e9voquant une garantie de s\u00e9curit\u00e9 am\u00e9ricaine apparemment cons\u00e9quente pour l\u2019Ukraine comme partie int\u00e9grante \u00e0 tout accord de paix avec la Russie\u201d, <a href=\"https:\/\/www.politico.eu\/article\/the-transatlantic-alliance-holds-as-trump-warms-to-security-guarantees-for-kyiv\/\" rel=\"nofollow noopener\" target=\"_blank\" data-ylk=\"slk:analyse le m\u00e9dia europ\u00e9en Politico;elm:context_link;itc:0;sec:content-canvas\" class=\"link \">analyse le m\u00e9dia europ\u00e9en <strong>Politico<\/strong><\/a><strong>,<\/strong> qui rappelle que le locataire de la Maison-Blanche a parl\u00e9 de \u201cbeaucoup d\u2019aide en mati\u00e8re de s\u00e9curit\u00e9\u201d. Ainsi, bien que les pays europ\u00e9ens doivent \u00eatre \u201cen premi\u00e8re ligne\u201d sur le terrain, a rappel\u00e9 Trump, cela ne signifie pas qu\u2019ils seront seuls. \u201cNous allons les aider et nous allons rendre tout cela tr\u00e8s s\u00fbr\u201d, a d\u00e9clar\u00e9 Trump.<\/p>\n<p>[&#8230;] <strong><a href=\"https:\/\/www.courrierinternational.com\/article\/conflit-sommet-de-washington-sur-l-ukraine-l-unite-inesperee-de-l-europe-peut-elle-changer-la-donne_234095\" rel=\"nofollow noopener\" target=\"_blank\" data-ylk=\"slk:Lire la suite sur Courrier international;elm:context_link;itc:0;sec:content-canvas\" class=\"link \">Lire la suite sur Courrier international<\/a><\/strong><\/p>\n<p>Sur le m\u00eame sujet :<\/p>\n","protected":false},"excerpt":{"rendered":"L\u2019image, in\u00e9dite, porte une charge symbolique tr\u00e8s forte. Les quatre leaders des plus grandes puissances europ\u00e9ennes \u2013 le&hellip;\n","protected":false},"author":2,"featured_media":329536,"comment_status":"","ping_status":"","sticky":false,"template":"","format":"standard","meta":{"footnotes":""},"categories":[1586],"tags":[11,75,1777,674,1011,27,4710,2287,12,25,2289,220,2544,135,134],"class_list":{"0":"post-329535","1":"post","2":"type-post","3":"status-publish","4":"format-standard","5":"has-post-thumbnail","7":"category-europe","8":"tag-actualites","9":"tag-donald-trump","10":"tag-eu","11":"tag-europe","12":"tag-fr","13":"tag-france","14":"tag-friedrich-merz","15":"tag-mark-rutte","16":"tag-news","17":"tag-republique-francaise","18":"tag-secretaire-general-de-lotan","19":"tag-ukraine","20":"tag-ursula-von-der-leyen","21":"tag-vladimir-poutine","22":"tag-volodymyr-zelensky"},"share_on_mastodon":{"url":"https:\/\/pubeurope.com\/@fr\/115056008490033696","error":""},"_links":{"self":[{"href":"https:\/\/www.europesays.com\/fr\/wp-json\/wp\/v2\/posts\/329535","targetHints":{"allow":["GET"]}}],"collection":[{"href":"https:\/\/www.europesays.com\/fr\/wp-json\/wp\/v2\/posts"}],"about":[{"href":"https:\/\/www.europesays.com\/fr\/wp-json\/wp\/v2\/types\/post"}],"author":[{"embeddable":true,"href":"https:\/\/www.europesays.com\/fr\/wp-json\/wp\/v2\/users\/2"}],"replies":[{"embeddable":true,"href":"https:\/\/www.europesays.com\/fr\/wp-json\/wp\/v2\/comments?post=329535"}],"version-history":[{"count":0,"href":"https:\/\/www.europesays.com\/fr\/wp-json\/wp\/v2\/posts\/329535\/revisions"}],"wp:featuredmedia":[{"embeddable":true,"href":"https:\/\/www.europesays.com\/fr\/wp-json\/wp\/v2\/media\/329536"}],"wp:attachment":[{"href":"https:\/\/www.europesays.com\/fr\/wp-json\/wp\/v2\/media?parent=329535"}],"wp:term":[{"taxonomy":"category","embeddable":true,"href":"https:\/\/www.europesays.com\/fr\/wp-json\/wp\/v2\/categories?post=329535"},{"taxonomy":"post_tag","embeddable":true,"href":"https:\/\/www.europesays.com\/fr\/wp-json\/wp\/v2\/tags?post=329535"}],"curies":[{"name":"wp","href":"https:\/\/api.w.org\/{rel}","templated":true}]}}