{"id":329540,"date":"2025-08-19T14:57:11","date_gmt":"2025-08-19T14:57:11","guid":{"rendered":"https:\/\/www.europesays.com\/fr\/329540\/"},"modified":"2025-08-19T14:57:11","modified_gmt":"2025-08-19T14:57:11","slug":"info-rtl-om-lentraineur-roberto-de-zerbi-ne-veut-plus-dadrien-rabiot","status":"publish","type":"post","link":"https:\/\/www.europesays.com\/fr\/329540\/","title":{"rendered":"INFO RTL &#8211; OM : l\u2019entra\u00eeneur Roberto De Zerbi ne veut plus d\u2019Adrien Rabiot"},"content":{"rendered":"<p class=\"article-p mdl\">Comme un go\u00fbt de fin de parcours.\u00a0La m\u00e8re et agent d\u2019Adrien Rabiot, V\u00e9ronique Rabiot, a confi\u00e9 \u00e0 RTL avoir \u00e9t\u00e9 inform\u00e9e de la volont\u00e9 de l&rsquo;entra\u00eeneur de l&rsquo;Olympique de Marseille, <strong>Roberto De Zerbi<\/strong>, de se s\u00e9parer de l\u2019international fran\u00e7ais.\u00a0Elle a \u00e9t\u00e9 avertie le 18 ao\u00fbt 2025 de la mise \u00e0 pied de son fils et a souhait\u00e9 en savoir sur cette sanction et si elle allait prochainement \u00eatre lev\u00e9e, a-t-elle indiqu\u00e9 \u00e0 RTL.\u00a0<\/p>\n<p class=\"article-p mdl\">Depuis cette annonce de la sanction, elle n\u2019avait pas de r\u00e9ponse du club et notamment de son directeur sportif Medhi Benatia sur la question. Ce mardi 19 ao\u00fbt au matin, l\u2019avocat d&rsquo;Adrien Rabiot a \u00e9t\u00e9 contact\u00e9 par Benjamin Arnaud, le secr\u00e9taire g\u00e9n\u00e9ral de l&rsquo;OM, pour lui signifier que Roberto De Zerbi <strong>ne souhaitait plus avoir Adrien Rabiot dans son effectif<\/strong>.\u00a0<\/p>\n<p class=\"article-p mdl\">Le technicien italien invoque <strong>\u00ab\u00a0un manque d\u2019investissement\u00a0\u00bb <\/strong>du joueur compar\u00e9 \u00e0 la saison derni\u00e8re pour justifier sa d\u00e9cision. Pour Adrien Rabiot et son entourage, cet argument n&rsquo;est pas audible.<\/p>\n<p class=\"article-p mdl\">Cette d\u00e9cision intervient apr\u00e8s la d\u00e9faite du club marseillais sur la pelouse de Rennes le 15 ao\u00fbt (1-0). L&rsquo;Anglais\u00a0<a class=\"link\" href=\"https:\/\/www.rtl.fr\/sport\/football\/om-adrien-rabiot-et-l-anglais-jonathan-rowe-ecartes-de-l-equipe-premiere-apres-une-vive-altercation-7900531676\" title=\"OM : Adrien Rabiot et l&#039;Anglais Jonathan Rowe \u00e9cart\u00e9s de l&#039;\u00e9quipe premi\u00e8re apr\u00e8s une vive altercation\" target=\"_blank\" rel=\"noopener\">Jonathan Rowe anglais et Adrien Rabiot en sont venus aux mains dans les vestiaires<\/a>. Deux altercations m\u00ealant injures et altercations physiques. Les deux joueurs \u00e2g\u00e9s de 22 et 30 ans ont \u00e9t\u00e9 interdits d&rsquo;entra\u00eenement avec l&rsquo;\u00e9quipe professionnelle, jusqu&rsquo;\u00e0 nouvel ordre.<\/p>\n<p class=\"article-p mdl\">V\u00e9ronique Rabiot a souhait\u00e9 rappeler que ce genre d\u2019incidents de vestiaires \u00e9tait monnaie courante et que ces conflits devraient rester dans l\u2019intimit\u00e9 du vestiaire. Adrien Rabiot est en contrat avec l\u2019OM jusqu\u2019en fin de saison.&#13;<\/p>\n<p>    La r\u00e9daction vous recommande<\/p>\n<p class=\"s-newsletter__title\">\n                L\u2019actualit\u00e9 par la r\u00e9daction de RTL dans votre bo\u00eete mail.\n            <\/p>\n<p class=\"s-newsletter__subtitle\">\n                Gr\u00e2ce \u00e0 votre compte RTL abonnez-vous \u00e0 la newsletter RTL info pour suivre toute l&rsquo;actualit\u00e9 au quotidien\n            <\/p>\n<p>\n                                    Lire la suite\n                                <\/p>\n","protected":false},"excerpt":{"rendered":"Comme un go\u00fbt de fin de parcours.\u00a0La m\u00e8re et agent d\u2019Adrien Rabiot, V\u00e9ronique Rabiot, a confi\u00e9 \u00e0 RTL&hellip;\n","protected":false},"author":2,"featured_media":329541,"comment_status":"","ping_status":"","sticky":false,"template":"","format":"standard","meta":{"footnotes":""},"categories":[2],"tags":[11,107,2619,63,1011,27,11534,12,1176,25],"class_list":{"0":"post-329540","1":"post","2":"type-post","3":"status-publish","4":"format-standard","5":"has-post-thumbnail","7":"category-actualites","8":"tag-actualites","9":"tag-fil-info","10":"tag-fil-sport","11":"tag-football","12":"tag-fr","13":"tag-france","14":"tag-info-rtl","15":"tag-news","16":"tag-olympique-de-marseille","17":"tag-republique-francaise"},"share_on_mastodon":{"url":"https:\/\/pubeurope.com\/@fr\/115056020407612745","error":""},"_links":{"self":[{"href":"https:\/\/www.europesays.com\/fr\/wp-json\/wp\/v2\/posts\/329540","targetHints":{"allow":["GET"]}}],"collection":[{"href":"https:\/\/www.europesays.com\/fr\/wp-json\/wp\/v2\/posts"}],"about":[{"href":"https:\/\/www.europesays.com\/fr\/wp-json\/wp\/v2\/types\/post"}],"author":[{"embeddable":true,"href":"https:\/\/www.europesays.com\/fr\/wp-json\/wp\/v2\/users\/2"}],"replies":[{"embeddable":true,"href":"https:\/\/www.europesays.com\/fr\/wp-json\/wp\/v2\/comments?post=329540"}],"version-history":[{"count":0,"href":"https:\/\/www.europesays.com\/fr\/wp-json\/wp\/v2\/posts\/329540\/revisions"}],"wp:featuredmedia":[{"embeddable":true,"href":"https:\/\/www.europesays.com\/fr\/wp-json\/wp\/v2\/media\/329541"}],"wp:attachment":[{"href":"https:\/\/www.europesays.com\/fr\/wp-json\/wp\/v2\/media?parent=329540"}],"wp:term":[{"taxonomy":"category","embeddable":true,"href":"https:\/\/www.europesays.com\/fr\/wp-json\/wp\/v2\/categories?post=329540"},{"taxonomy":"post_tag","embeddable":true,"href":"https:\/\/www.europesays.com\/fr\/wp-json\/wp\/v2\/tags?post=329540"}],"curies":[{"name":"wp","href":"https:\/\/api.w.org\/{rel}","templated":true}]}}