{"id":329544,"date":"2025-08-19T15:01:10","date_gmt":"2025-08-19T15:01:10","guid":{"rendered":"https:\/\/www.europesays.com\/fr\/329544\/"},"modified":"2025-08-19T15:01:10","modified_gmt":"2025-08-19T15:01:10","slug":"gros-coup-dur-pour-le-championnat-de-nationale","status":"publish","type":"post","link":"https:\/\/www.europesays.com\/fr\/329544\/","title":{"rendered":"Gros coup dur pour le championnat de Nationale !"},"content":{"rendered":"<p>L\u2019information est sign\u00e9e <a href=\"https:\/\/actu.fr\/sports\/rugby\/pro\/gros-couac-pour-debuter-la-saison-les-matchs-de-nationale-ne-seront-pas-diffuses_63050142.html\" rel=\"nofollow noopener\" target=\"_blank\">Actu Rugby<\/a> \u2013<\/p>\n<p>La FFR avait annonc\u00e9 en grande pompe le retour de la diffusion de la Nationale pour la saison 2025-2026. Mais alors que le championnat red\u00e9marre ce week-end, les supporters devront patienter : aucun match de la 1\u02b3\u1d49 journ\u00e9e ne sera retransmis.<\/p>\n<p>Le 15 juillet, Xabi Etcheverry, vice-pr\u00e9sident de la FFR charg\u00e9 des comp\u00e9titions, avait confirm\u00e9 que quatre entit\u00e9s \u2013 Vivapp, Eventeam Live, Le SportMag et Midi Olympique \u2013 allaient se partager la diffusion. Une avanc\u00e9e attendue, puisque la division n\u2019avait plus de diffuseur depuis deux ans.<\/p>\n<p>Mais \u00e0 quelques jours du lancement, rien n\u2019est en place. \u00ab C\u2019est le flou le plus complet \u00bb, reconna\u00eet un pr\u00e9sident de club.<\/p>\n<p>Vivapp, qui devait assurer la production, confirme l\u2019impasse : \u00ab C\u2019est s\u00fbr et certain, rien ne se fera ce week-end \u00bb. Le calendrier technique et contractuel bloque le dispositif, sans qu\u2019aucune date de d\u00e9marrage ne soit pr\u00e9cis\u00e9e.<\/p>\n<p>Pour les clubs, c\u2019est une d\u00e9ception.<\/p>\n<p>Les commentateurs pressentis sont eux aussi laiss\u00e9s dans l\u2019incertitude. Vivapp promet des r\u00e9ponses \u00ab en temps et en heure \u00bb, mais l\u2019absence de diffusion fragilise une comp\u00e9tition d\u00e9j\u00e0 en qu\u00eate de visibilit\u00e9.<\/p>\n<p>Difficile de savoir si cette situation ne concerne que la premi\u00e8re journ\u00e9e ou si la panne s\u2019\u00e9ternisera.<\/p>\n<p><strong>Affaire \u00e0 suivre\u2026<\/strong><\/p>\n","protected":false},"excerpt":{"rendered":"L\u2019information est sign\u00e9e Actu Rugby \u2013 La FFR avait annonc\u00e9 en grande pompe le retour de la diffusion&hellip;\n","protected":false},"author":2,"featured_media":211654,"comment_status":"","ping_status":"","sticky":false,"template":"","format":"standard","meta":{"footnotes":""},"categories":[1416],"tags":[1011,27,479,1468,60],"class_list":{"0":"post-329544","1":"post","2":"type-post","3":"status-publish","4":"format-standard","5":"has-post-thumbnail","7":"category-rugby","8":"tag-fr","9":"tag-france","10":"tag-rugby","11":"tag-rugby-football","12":"tag-sports"},"share_on_mastodon":{"url":"https:\/\/pubeurope.com\/@fr\/115056036028867223","error":""},"_links":{"self":[{"href":"https:\/\/www.europesays.com\/fr\/wp-json\/wp\/v2\/posts\/329544","targetHints":{"allow":["GET"]}}],"collection":[{"href":"https:\/\/www.europesays.com\/fr\/wp-json\/wp\/v2\/posts"}],"about":[{"href":"https:\/\/www.europesays.com\/fr\/wp-json\/wp\/v2\/types\/post"}],"author":[{"embeddable":true,"href":"https:\/\/www.europesays.com\/fr\/wp-json\/wp\/v2\/users\/2"}],"replies":[{"embeddable":true,"href":"https:\/\/www.europesays.com\/fr\/wp-json\/wp\/v2\/comments?post=329544"}],"version-history":[{"count":0,"href":"https:\/\/www.europesays.com\/fr\/wp-json\/wp\/v2\/posts\/329544\/revisions"}],"wp:featuredmedia":[{"embeddable":true,"href":"https:\/\/www.europesays.com\/fr\/wp-json\/wp\/v2\/media\/211654"}],"wp:attachment":[{"href":"https:\/\/www.europesays.com\/fr\/wp-json\/wp\/v2\/media?parent=329544"}],"wp:term":[{"taxonomy":"category","embeddable":true,"href":"https:\/\/www.europesays.com\/fr\/wp-json\/wp\/v2\/categories?post=329544"},{"taxonomy":"post_tag","embeddable":true,"href":"https:\/\/www.europesays.com\/fr\/wp-json\/wp\/v2\/tags?post=329544"}],"curies":[{"name":"wp","href":"https:\/\/api.w.org\/{rel}","templated":true}]}}