{"id":329545,"date":"2025-08-19T15:02:10","date_gmt":"2025-08-19T15:02:10","guid":{"rendered":"https:\/\/www.europesays.com\/fr\/329545\/"},"modified":"2025-08-19T15:02:10","modified_gmt":"2025-08-19T15:02:10","slug":"us-open-h-fils-declare-forfait","status":"publish","type":"post","link":"https:\/\/www.europesays.com\/fr\/329545\/","title":{"rendered":"US Open (H) : Fils d\u00e9clare forfait"},"content":{"rendered":"<p class=\"date\">\n                                                            Aur\u00e9lie Sacchelli, Media365, publi\u00e9 le mardi 19 ao\u00fbt 2025 \u00e0 15h58\n                                                    <\/p>\n<p>A six jours du coup d&rsquo;envoi de l&rsquo;US Open, Arthur Fils a annonc\u00e9 ce mardi son forfait pour le dernier Grand Chelem de l&rsquo;ann\u00e9e. Le n\u00b01 fran\u00e7ais a ressenti une nouvelle alerte au niveau de son dos et pr\u00e9f\u00e8re renoncer, afin de ne prendre aucun risque en vue de la fin de saison.<\/p>\n<p>Les mauvaises nouvelles s&rsquo;encha\u00eenent pour le tennis masculin fran\u00e7ais. <a href=\"https:\/\/sports.orange.fr\/tennis\/us-open\/article\/us-open-q-atmane-contraint-de-renoncer-CNT000002keXvo.html\" rel=\"nofollow noopener\" target=\"_blank\">Moins de vingt-quatre heures apr\u00e8s l&rsquo;annonce du forfait de Terence Atmane<\/a>, bless\u00e9 au pied et \u00e0 la hanche, pour les qualifications de l&rsquo;US Open, alors qu&rsquo;il restait sur une formidable demi-finale au Masters 1000 de Cincinnati, c&rsquo;est Arthur Fils qui rejoint l&rsquo;infirmerie et ne jouera pas \u00e0 New York ! Le n\u00b01 fran\u00e7ais souffre toujours de son dos et ne souhaite pas mettre en p\u00e9ril sa fin de saison. \u00ab <strong>Apr\u00e8s une blessure qui m&rsquo;avait tenu \u00e9loign\u00e9 des courts, une alerte ressentie \u00e0 la reprise, d&rsquo;abord \u00e0 Toronto puis \u00e0 Cincinnati, m&rsquo;a conduit \u00e0 prendre la d\u00e9cision difficile mais raisonnable de renoncer \u00e0 l&rsquo;US Open.<\/strong> Cette d\u00e9cision a \u00e9t\u00e9 prise pour permettre une r\u00e9cup\u00e9ration compl\u00e8te. Je travaille dur chaque jour avec mon \u00e9quipe pour revenir en pleine forme et \u00eatre pr\u00eat pour cette fin de saison \u00bb, \u00e9crit le joueur de 21 ans sur son compte Instagram. Contraint de d\u00e9clarer forfait pour son troisi\u00e8me tour de Roland-Garros face \u00e0 Andrey Rublev, Arthur Fils avait r\u00e9v\u00e9l\u00e9 souffrir d&rsquo;une fracture de fatigue au niveau du dos. Il avait esp\u00e9r\u00e9 un miracle pour pouvoir disputer Wimbledon, mais le miracle n&rsquo;avait pas eu lieu, et c&rsquo;est finalement \u00e0 Toronto, apr\u00e8s deux mois d&rsquo;absence, qu&rsquo;il avait repris la comp\u00e9tition. Vainqueur de Pablo Carreno Busta pour son entr\u00e9e en lice, il s&rsquo;\u00e9tait ensuite inclin\u00e9 face \u00e0 Jiri Lehecka en trois sets. Il avait par la suite d\u00e9clar\u00e9 forfait pour son quart de finale en double car il souffrait toujours du dos, puis avait renonc\u00e9 au Masters 1000 de Cincinnati et au tournoi ATP 250 de Winston Salem pour la m\u00eame raison.<\/p>\n<p>Rendez-vous en Asie pour Fils ?<\/p>\n<p>Arthur Fils n&rsquo;aura donc gagn\u00e9 que quatre matchs en Grand Chelem cette saison (il avait perdu au 3e tour en Australie) et va perdre 50 points au prochain classement ATP, lui qui avait atteint le deuxi\u00e8me tour \u00e0 New York l&rsquo;an pass\u00e9 (d\u00e9faite contre Gabriel Diallo). Ugo Humbert (23e) pourrait donc redevenir le n\u00b01 fran\u00e7ais \u00e0 l&rsquo;issue du tournoi. Non retenu par Paul-Henri Mathieu pour le deuxi\u00e8me tour de la Coupe Davis mi-septembre en Croatie en raison de son \u00e9tat physique<strong>, Arthur Fils esp\u00e8re \u00eatre remis pour le d\u00e9but de la tourn\u00e9e asiatique, o\u00f9 il devra notamment d\u00e9fendre son titre \u00e0 Tokyo fin septembre.<\/strong> En tout cas, son forfait fera le bonheur d&rsquo;un joueur \u00e9limin\u00e9 au troisi\u00e8me tour des qualifications qui deviendra lucky-loser pour int\u00e9grer le tableau principal, et de Luciano Darderi, qui sera t\u00eate de s\u00e9rie lors du tirage au sort dans quelques jours.<\/p>\n","protected":false},"excerpt":{"rendered":"Aur\u00e9lie Sacchelli, Media365, publi\u00e9 le mardi 19 ao\u00fbt 2025 \u00e0 15h58 A six jours du coup d&rsquo;envoi de&hellip;\n","protected":false},"author":2,"featured_media":329546,"comment_status":"","ping_status":"","sticky":false,"template":"","format":"standard","meta":{"footnotes":""},"categories":[1415],"tags":[1011,27,60,1467],"class_list":{"0":"post-329545","1":"post","2":"type-post","3":"status-publish","4":"format-standard","5":"has-post-thumbnail","7":"category-tennis","8":"tag-fr","9":"tag-france","10":"tag-sports","11":"tag-tennis"},"share_on_mastodon":{"url":"https:\/\/pubeurope.com\/@fr\/115056039857853412","error":""},"_links":{"self":[{"href":"https:\/\/www.europesays.com\/fr\/wp-json\/wp\/v2\/posts\/329545","targetHints":{"allow":["GET"]}}],"collection":[{"href":"https:\/\/www.europesays.com\/fr\/wp-json\/wp\/v2\/posts"}],"about":[{"href":"https:\/\/www.europesays.com\/fr\/wp-json\/wp\/v2\/types\/post"}],"author":[{"embeddable":true,"href":"https:\/\/www.europesays.com\/fr\/wp-json\/wp\/v2\/users\/2"}],"replies":[{"embeddable":true,"href":"https:\/\/www.europesays.com\/fr\/wp-json\/wp\/v2\/comments?post=329545"}],"version-history":[{"count":0,"href":"https:\/\/www.europesays.com\/fr\/wp-json\/wp\/v2\/posts\/329545\/revisions"}],"wp:featuredmedia":[{"embeddable":true,"href":"https:\/\/www.europesays.com\/fr\/wp-json\/wp\/v2\/media\/329546"}],"wp:attachment":[{"href":"https:\/\/www.europesays.com\/fr\/wp-json\/wp\/v2\/media?parent=329545"}],"wp:term":[{"taxonomy":"category","embeddable":true,"href":"https:\/\/www.europesays.com\/fr\/wp-json\/wp\/v2\/categories?post=329545"},{"taxonomy":"post_tag","embeddable":true,"href":"https:\/\/www.europesays.com\/fr\/wp-json\/wp\/v2\/tags?post=329545"}],"curies":[{"name":"wp","href":"https:\/\/api.w.org\/{rel}","templated":true}]}}