{"id":329547,"date":"2025-08-19T15:04:12","date_gmt":"2025-08-19T15:04:12","guid":{"rendered":"https:\/\/www.europesays.com\/fr\/329547\/"},"modified":"2025-08-19T15:04:12","modified_gmt":"2025-08-19T15:04:12","slug":"on-a-enfin-fini-une-course","status":"publish","type":"post","link":"https:\/\/www.europesays.com\/fr\/329547\/","title":{"rendered":"On a enfin fini une course\u00a0!"},"content":{"rendered":"<p><a href=\"https:\/\/fr.motorsport.com\/driver\/joan-mir\/289392\/\" target=\"_blank\" rel=\"noopener nofollow\">Joan Mir<\/a> a enfin vu l&rsquo;arriv\u00e9e d&rsquo;une course principale\u00a0! Depuis le Grand Prix d&rsquo;Italie, au tout d\u00e9but de l&rsquo;\u00e9t\u00e9, le Majorquin \u00e9tait victime de plusieurs incidents dont il n&rsquo;\u00e9tait pas responsable. Il n&rsquo;a pas pu \u00e9viter la moto de <a href=\"https:\/\/fr.motorsport.com\/driver\/fermin-aldeguer\/945314\/\" target=\"_blank\" rel=\"noopener nofollow\">Ferm\u00edn Aldeguer<\/a>, tomb\u00e9 devant lui \u00e0 Assen, il a \u00e9t\u00e9 fauch\u00e9 par <a href=\"https:\/\/fr.motorsport.com\/driver\/ai-ogura\/471489\/\" target=\"_blank\" rel=\"noopener nofollow\">Ai Ogura<\/a> au Sachsenring, et il a enfin \u00e9t\u00e9 percut\u00e9 par <a href=\"https:\/\/fr.motorsport.com\/driver\/alex-marquez\/96324\/\" target=\"_blank\" rel=\"noopener nofollow\">\u00c1lex M\u00e1rquez<\/a> \u00e0 Brno.<\/p>\n<p>Dimanche au Red Bull Ring, Mir a \u00e9t\u00e9 \u00e9pargn\u00e9 par les incidents et a au contraire pu profiter des soucis de plusieurs pilotes pour remonter au sixi\u00e8me rang, apr\u00e8s avoir d\u00e9j\u00e0 \u00e9t\u00e9 le meilleur pilote Honda sur la grille, en dixi\u00e8me position.<\/p>\n<p>\u00ab\u00a0On a enfin fini une course !\u00a0\u00bb, a ironis\u00e9 Mir en souriant lorsqu&rsquo;il a \u00e9t\u00e9 interrog\u00e9 par le site officiel du MotoGP. \u00ab\u00a0J&rsquo;ai donn\u00e9 100%. Je pense que \u00e7a fait quelques courses qu&rsquo;on avait ce potentiel mais pour une raison ou une autre, on ne pouvait pas obtenir le r\u00e9sultat. On a r\u00e9ussi \u00e0 le faire ici donc je suis content.\u00a0\u00bb<\/p>\n<p>\u00ab\u00a0Merci \u00e0 l&rsquo;\u00e9quipe pour le travail qu&rsquo;ils ont fait ce week-end. Il a \u00e9t\u00e9 tr\u00e8s positif. J&rsquo;esp\u00e8re qu&rsquo;on aura rapidement des nouveaut\u00e9s et que l&rsquo;on pourra franchir ce cap qui nous manque.\u00a0\u00bb<\/p>\n<p>Devant la presse, Mir a estim\u00e9 avoir enfin pu exprimer son vrai potentiel, en esp\u00e9rant pouvoir enclencher une dynamique positive\u00a0: \u00ab\u00a0Sinc\u00e8rement, je suis tr\u00e8s content parce que je pense que c&rsquo;est ma position r\u00e9aliste ce week-end.\u00a0\u00bb<\/p>\n<p>   <img decoding=\"async\" draggable=\"false\" src=\"https:\/\/www.europesays.com\/fr\/wp-content\/uploads\/2025\/08\/joan-mir-honda-hrc.jpg\" alt=\"Joan Mir, Honda HRC\" width=\"1200\" height=\"800\" loading=\"lazy\"\/> <\/p>\n<p class=\"title\">Joan Mir<\/p>\n<p class=\"photographer\">Photo de: Gold and Goose Photography \/ LAT Images \/ via Getty Images<\/p>\n<p>\u00ab\u00a0On a pu le voir pendant les essais libres, en qualifications aussi, quand je peux rouler comme je le veux, je peux faire \u00e7a, la [sixi\u00e8me] place. Plus, c&rsquo;\u00e9tait sinc\u00e8rement impossible. Je me suis beaucoup battu. On voit nos limites mais je pense qu&rsquo;il faut qu&rsquo;on soit satisfaits du r\u00e9sultat.\u00a0\u00bb<\/p>\n<p>\u00ab\u00a0Je pense que la derni\u00e8re course que j&rsquo;ai pu faire comme \u00e7a, c&rsquo;\u00e9tait en Arag\u00f3n\u00a0\u00bb, a rappel\u00e9 Mir, en r\u00e9f\u00e9rence \u00e0 ce qui est d\u00e9sormais son deuxi\u00e8me meilleur r\u00e9sultat de l&rsquo;ann\u00e9e, la septi\u00e8me place au Grand Prix d&rsquo;Arag\u00f3n&#8230; week-end lors duquel il avait d\u00e9j\u00e0 \u00e9t\u00e9 envoy\u00e9 hors de la piste par un rival, <a href=\"https:\/\/fr.motorsport.com\/driver\/jack-miller\/96423\/\" target=\"_blank\" rel=\"noopener nofollow\">Jack Miller<\/a>, <a href=\"https:\/\/fr.motorsport.com\/motogp\/news\/mir-surpris-decu-long-lap-miller\/10730539\/\" rel=\"nofollow noopener\" target=\"_blank\">pendant le sprint<\/a>.<\/p>\n<p>\u00ab\u00a0Dans les autres [week-end], j&rsquo;avais le potentiel pour le faire mais pour une raison ou une autre, ce n&rsquo;\u00e9tait pas possible. C&rsquo;est une chose dont j&rsquo;avais besoin pour ma confiance. Ce sera important pour les prochaines courses, ce boost de confiance est toujours bienvenu. Je suis tr\u00e8s heureux. Il faut profiter du moment et travailler pour le prochain. \u00c7a veut dire que l&rsquo;on n&rsquo;est pas si loin.\u00a0\u00bb<\/p>\n<p>Ce premier top 6 de la saison pour Joan Mir est-il un signe que Honda est d\u00e9sormais sur la bonne voie\u00a0? Le champion du monde 2020 pr\u00e9f\u00e8re rester prudent\u00a0: \u00ab\u00a0Il est tr\u00e8s t\u00f4t pour en parler parce qu&rsquo;on progresse, on a beaucoup progress\u00e9 en d\u00e9but d&rsquo;ann\u00e9e, mais pas tant pendant la saison. Avec le package que l&rsquo;on avait en d\u00e9but de saison, quand on assemblait tout, on pouvait \u00eatre sixi\u00e8me ou septi\u00e8me. Ce qui est dur, c&rsquo;est de consolider \u00e7a.\u00a0\u00bb<\/p>\n<p>\u00ab\u00a0Je pense que les autres ont progress\u00e9, KTM a progress\u00e9, Aprilia aussi, ils \u00e9taient un peu perdus en d\u00e9but de saison mais ils sont tout le temps l\u00e0 maintenant, les motos sont super rapides. On a fait de petits progr\u00e8s, mais pas assez pour passer devant les autres, parce qu&rsquo;ils avancent probablement un peu plus vite que nous en ce moment.\u00a0\u00bb<\/p>\n<p>Lire aussi :<\/p>\n<p>Dans cet article<\/p>\n<p>Soyez le premier inform\u00e9 et souscrivez aux alertes mails pour recevoir les infos en temps r\u00e9el<\/p>\n<p>    S&rsquo;abonner aux alertes de news<\/p>\n","protected":false},"excerpt":{"rendered":"Joan Mir a enfin vu l&rsquo;arriv\u00e9e d&rsquo;une course principale\u00a0! Depuis le Grand Prix d&rsquo;Italie, au tout d\u00e9but de&hellip;\n","protected":false},"author":2,"featured_media":329548,"comment_status":"","ping_status":"","sticky":false,"template":"","format":"standard","meta":{"footnotes":""},"categories":[1413],"tags":[1011,27,34489,3345,3346,46699,1457,1456,1458,34490,60],"class_list":{"0":"post-329547","1":"post","2":"type-post","3":"status-publish","4":"format-standard","5":"has-post-thumbnail","7":"category-moto","8":"tag-fr","9":"tag-france","10":"tag-gp-dautriche","11":"tag-honda-hrc","12":"tag-joan-mir","13":"tag-mir-retrouve-le-top-6u00a0-on-a-enfin-fini-une-courseu00a0","14":"tag-moto","15":"tag-motocycle","16":"tag-motogp","17":"tag-red-bull-ring","18":"tag-sports"},"share_on_mastodon":{"url":"https:\/\/pubeurope.com\/@fr\/115056048162808809","error":""},"_links":{"self":[{"href":"https:\/\/www.europesays.com\/fr\/wp-json\/wp\/v2\/posts\/329547","targetHints":{"allow":["GET"]}}],"collection":[{"href":"https:\/\/www.europesays.com\/fr\/wp-json\/wp\/v2\/posts"}],"about":[{"href":"https:\/\/www.europesays.com\/fr\/wp-json\/wp\/v2\/types\/post"}],"author":[{"embeddable":true,"href":"https:\/\/www.europesays.com\/fr\/wp-json\/wp\/v2\/users\/2"}],"replies":[{"embeddable":true,"href":"https:\/\/www.europesays.com\/fr\/wp-json\/wp\/v2\/comments?post=329547"}],"version-history":[{"count":0,"href":"https:\/\/www.europesays.com\/fr\/wp-json\/wp\/v2\/posts\/329547\/revisions"}],"wp:featuredmedia":[{"embeddable":true,"href":"https:\/\/www.europesays.com\/fr\/wp-json\/wp\/v2\/media\/329548"}],"wp:attachment":[{"href":"https:\/\/www.europesays.com\/fr\/wp-json\/wp\/v2\/media?parent=329547"}],"wp:term":[{"taxonomy":"category","embeddable":true,"href":"https:\/\/www.europesays.com\/fr\/wp-json\/wp\/v2\/categories?post=329547"},{"taxonomy":"post_tag","embeddable":true,"href":"https:\/\/www.europesays.com\/fr\/wp-json\/wp\/v2\/tags?post=329547"}],"curies":[{"name":"wp","href":"https:\/\/api.w.org\/{rel}","templated":true}]}}