{"id":329549,"date":"2025-08-19T15:05:10","date_gmt":"2025-08-19T15:05:10","guid":{"rendered":"https:\/\/www.europesays.com\/fr\/329549\/"},"modified":"2025-08-19T15:05:10","modified_gmt":"2025-08-19T15:05:10","slug":"debouches-2026-vers-un-cul-de-sac-en-formule-2","status":"publish","type":"post","link":"https:\/\/www.europesays.com\/fr\/329549\/","title":{"rendered":"D\u00e9bouch\u00e9s 2026 : Vers un cul-de-sac en Formule 2 ?"},"content":{"rendered":"<p class=\"field_LQ1162C\">Cons\u00e9quence directe de l\u2019arriv\u00e9e de six nouveaux pilotes sur la grille 2025 de <a href=\"https:\/\/www.autohebdo.fr\/actualites\/f1\" data-internallinksmanager029f6b8e52c=\"1\" title=\"F1\" rel=\"nofollow noopener\" target=\"_blank\">Formule 1<\/a>, le plateau de <a href=\"https:\/\/www.autohebdo.fr\/actualites\/monoplace\/formule-2\" data-internallinksmanager029f6b8e52c=\"14\" title=\"Formule 2\" rel=\"nofollow noopener\" target=\"_blank\">Formule 2<\/a> a grandement \u00e9volu\u00e9 cette ann\u00e9e. Sur les vingt-deux concurrents au d\u00e9part, neuf d\u00e9couvrent la cat\u00e9gorie, soit 41 % de l\u2019effectif. Parmi eux, trois occupent une place dans le top 7 du championnat avant la rentr\u00e9e \u00e0 Monza (Italie, 5-7 septembre). Depuis le d<\/p>\n","protected":false},"excerpt":{"rendered":"Cons\u00e9quence directe de l\u2019arriv\u00e9e de six nouveaux pilotes sur la grille 2025 de Formule 1, le plateau de&hellip;\n","protected":false},"author":2,"featured_media":329550,"comment_status":"","ping_status":"","sticky":false,"template":"","format":"standard","meta":{"footnotes":""},"categories":[1412],"tags":[1451,1452,1453,1454,1455,1011,27,60],"class_list":{"0":"post-329549","1":"post","2":"type-post","3":"status-publish","4":"format-standard","5":"has-post-thumbnail","7":"category-f1","8":"tag-f1","9":"tag-formula-1","10":"tag-formula1","11":"tag-formule-1","12":"tag-formule1","13":"tag-fr","14":"tag-france","15":"tag-sports"},"share_on_mastodon":{"url":"https:\/\/pubeurope.com\/@fr\/115056051746133826","error":""},"_links":{"self":[{"href":"https:\/\/www.europesays.com\/fr\/wp-json\/wp\/v2\/posts\/329549","targetHints":{"allow":["GET"]}}],"collection":[{"href":"https:\/\/www.europesays.com\/fr\/wp-json\/wp\/v2\/posts"}],"about":[{"href":"https:\/\/www.europesays.com\/fr\/wp-json\/wp\/v2\/types\/post"}],"author":[{"embeddable":true,"href":"https:\/\/www.europesays.com\/fr\/wp-json\/wp\/v2\/users\/2"}],"replies":[{"embeddable":true,"href":"https:\/\/www.europesays.com\/fr\/wp-json\/wp\/v2\/comments?post=329549"}],"version-history":[{"count":0,"href":"https:\/\/www.europesays.com\/fr\/wp-json\/wp\/v2\/posts\/329549\/revisions"}],"wp:featuredmedia":[{"embeddable":true,"href":"https:\/\/www.europesays.com\/fr\/wp-json\/wp\/v2\/media\/329550"}],"wp:attachment":[{"href":"https:\/\/www.europesays.com\/fr\/wp-json\/wp\/v2\/media?parent=329549"}],"wp:term":[{"taxonomy":"category","embeddable":true,"href":"https:\/\/www.europesays.com\/fr\/wp-json\/wp\/v2\/categories?post=329549"},{"taxonomy":"post_tag","embeddable":true,"href":"https:\/\/www.europesays.com\/fr\/wp-json\/wp\/v2\/tags?post=329549"}],"curies":[{"name":"wp","href":"https:\/\/api.w.org\/{rel}","templated":true}]}}