{"id":329551,"date":"2025-08-19T15:06:18","date_gmt":"2025-08-19T15:06:18","guid":{"rendered":"https:\/\/www.europesays.com\/fr\/329551\/"},"modified":"2025-08-19T15:06:18","modified_gmt":"2025-08-19T15:06:18","slug":"cyclisme-renewi-tour-parcours-profils-favoris-le-renewi-tour-2025-avec-van-der-poel","status":"publish","type":"post","link":"https:\/\/www.europesays.com\/fr\/329551\/","title":{"rendered":"Cyclisme. Renewi Tour &#8211; Parcours, profils, favoris&#8230; le Renewi Tour 2025 avec Van der Poel"},"content":{"rendered":"<p> Lire la suite de l&rsquo;article&#13;<\/p>\n<p>\u00a0<\/p>\n<p>&#13;<br \/>\nVan der Poel, Wellens, Merlier&#8230; une grosse startlist&#13;<\/p>\n<p>Le double champion en titre et recordman de victoires sur l&rsquo;\u00e9preuve, <strong>Tim Wellens<\/strong>, sera bien pr\u00e9sent pour d\u00e9fendre son titre. Mais le Belge de la formation U<strong>AE Team Emirates XRG<\/strong> fera face \u00e0 une rude concurrence. A commencer par <strong>Mathieu van der Poel <\/strong>(Alpecin-Deceuninck), qui fera son retour \u00e0 la comp\u00e9tition apr\u00e8s son abandon sur le <strong>Tour de France<\/strong> et qui fait office de grand favori. Attention \u00e9galement \u00e0 <strong>Mathias Vacek<\/strong>,<strong> Jasper Stuyven<\/strong>, <strong>Thibau Nys<\/strong> (Lidl-Trek), <strong>Maxim Van Gils<\/strong>, <strong>Roger Adria <\/strong>(Red Bull-BORA-hansgrohe), <strong>Axel Laurance<\/strong>,<strong> Ben Turner<\/strong> (INEOS Grenadiers), <strong>Valentin Madouas<\/strong> (Groupama-FDJ), <strong>Lukas Kubis<\/strong> (Unibet Tietema Rockets), <strong>Fred Wright<\/strong>, <strong>Matej Mohoric <\/strong>(Bahrain Victorious) ou encore <strong>Florian Vermeersch<\/strong> (UAE Team Emirates XRG), qui viseront tous un bon classement g\u00e9n\u00e9ral.<\/p>\n<p>&#13;<\/p>\n<p>Du c\u00f4t\u00e9 des sprinteurs, la startlist est l\u00e0 aussi tr\u00e8s all\u00e9chante. Le duo <strong>Tim Merlier<\/strong>&#8211;<strong>Paul Magnier<\/strong> (Soudal Quick-Step)pourrait faire de gros d\u00e9gats. Mais d&rsquo;autres esp\u00e8rent aussi briller, \u00e0 l&rsquo;image d<strong>&lsquo;Olav Kooij <\/strong>(Visma | Lease a Bike),<strong> Biniam Girmay <\/strong>(Intermarch\u00e9-Wanty), <strong>Dylan Groenewegen<\/strong> (Jayco AlUla), <strong>Arnaud De Lie <\/strong>(Lotto)<strong>, Juan Sebastian Molano<\/strong> (UAE Team Emirates XRG)&#8230;<\/p>\n<p>&#13;<\/p>\n<p>\u00a0<\/p>\n<p>&#13;<br \/>\nLe parcours&#13;<\/p>\n<p>Mercredi 20 ao\u00fbt \u2013 <strong>Etape 1<\/strong> : Terneuzen &gt; Breskens \/ 182.7 km<\/p>\n<p>&#13;<\/p>\n<p><img decoding=\"async\" src=\"https:\/\/www.europesays.com\/fr\/wp-content\/uploads\/2025\/08\/profile-renewitour2025stage1-689b1b1e55a70.png@webp.webp\" style=\"max-width:100%;max-height:100%;\" alt=\"image\" loading=\"lazy\"\/><\/p>\n<p>&#13;<\/p>\n<p>Jeudi 21 ao\u00fbt \u2013 <strong>Etape 2<\/strong> : Blankenberge &gt; Ardooie \/ 169.4 km<\/p>\n<p>&#13;<\/p>\n<p><img decoding=\"async\" src=\"https:\/\/www.europesays.com\/fr\/wp-content\/uploads\/2025\/08\/profile-renewitour2025stage2-689b1b27124e8.png@webp.webp\" style=\"max-width:100%;max-height:100%;\" alt=\"image\" loading=\"lazy\"\/><\/p>\n<p>&#13;<\/p>\n<p>Vendredi 22 ao\u00fbt \u2013 <strong>Etape 3<\/strong> : Aalter &gt; Geraardsbergen \/ 178.2 km<\/p>\n<p>&#13;<\/p>\n<p><img decoding=\"async\" src=\"https:\/\/www.europesays.com\/fr\/wp-content\/uploads\/2025\/08\/profile-renewitour2025stage3-689b1b2f21c16.png@webp.webp\" style=\"max-width:100%;max-height:100%;\" alt=\"image\" loading=\"lazy\"\/><\/p>\n<p>&#13;<\/p>\n<p>Samedi 23 ao\u00fbt \u2013 <strong>Etape 4 \u2013<\/strong> Riemst &gt; Bilzen \/ 196 km<\/p>\n<p>&#13;<\/p>\n<p><img decoding=\"async\" src=\"https:\/\/www.europesays.com\/fr\/wp-content\/uploads\/2025\/08\/profile-renewitour2025stage4-689b1b354dfd8.png@webp.webp\" style=\"max-width:100%;max-height:100%;\" alt=\"image\" loading=\"lazy\"\/><\/p>\n<p>&#13;<\/p>\n<p>Dimanche 24 ao\u00fbt \u2013<strong> Etape 5 <\/strong>\u2013 Leuven &gt; Leuven \/ 185 km<\/p>\n<p>&#13;<\/p>\n<p>\u00a0<\/p>\n<p>&#13;<\/p>\n<p>\u00a0<\/p>\n<p>&#13;<\/p>\n<p><img decoding=\"async\" src=\"https:\/\/www.europesays.com\/fr\/wp-content\/uploads\/2025\/08\/profile-renewitour2025stage5-689b1b3c3c977.png@webp.webp\" style=\"max-width:100%;max-height:100%;\" alt=\"image\" loading=\"lazy\"\/><\/p>\n<p>&#13;<\/p>\n<p>\u00a0<\/p>\n<p>&#13;<br \/>\nLa liste de d\u00e9part&#13;<\/p>\n<p><strong>UAE TEAM EMIRATES-XRG<\/strong><br \/>1 WELLENS Tim<br \/>2 VERMEERSCH Florian<br \/>3 ARRIETA Igor<br \/>4 JOHANSEN Julius<br \/>5 MORGADO Ant\u00f3nio<br \/>6 MOLANO Sebastian<br \/>7 OLIVEIRA Rui<\/p>\n<p>&#13;<\/p>\n<p><strong>ALPECIN-DECEUNINCK<\/strong><br \/>11 VAN DER POEL Mathieu<br \/>12 DEL GROSSO Tibor<br \/>13 DEHAIRS Simon<br \/>14 DILLIER Silvan<br \/>15 PLOWRIGHT Jensen<br \/>16 PRICE-PEJTERSEN Johan<br \/>17 VERMEERSCH Gianni<\/p>\n<p>&#13;<\/p>\n<p><strong>SOUDAL QUICK-STEP<\/strong><br \/>21 MERLIER Tim<br \/>22 BASTIAENS Ayco<br \/>23 LAMPAERT Yves<br \/>24 MAGNIER Paul<br \/>25 VAN GESTEL Dries<br \/>26 VAN LERBERGHE Bert<br \/>27 VANGHELUWE Warre<\/p>\n<p>&#13;<\/p>\n<p><strong>TEAM VISMA | LEASE A BIKE<\/strong><br \/>31 KOOIJ Olav<br \/>32 AFFINI Edoardo<br \/>33 LAPORTE Christophe<br \/>34 MCLAY Daniel<br \/>35 VALTER Attila<br \/>36 HUISING Menno<br \/>37 VERMOTE Julien<\/p>\n<p>&#13;<\/p>\n<p><strong>INTERMARCH\u00c9-WANTY<\/strong><br \/>41 GIRMAY Biniam<br \/>42 BRAET Vito<br \/>43 KUYPERS Gerben<br \/>44 VAN HOECKE Gijs<br \/>45 REX Laurenz<br \/>46 VAN DER HOORN Taco<br \/>47 VAN SINTMAARTENSDIJK Roel<\/p>\n<p>&#13;<\/p>\n<p><strong>LIDL-TREK<\/strong><br \/>51 NYS Thibau<br \/>52 DECLERCQ Tim<br \/>53 KIRSCH Alex<br \/>54 SKUJINS Toms<br \/>55 STUYVEN Jasper<br \/>56 TEUTENBERG Tim Torn<br \/>57 VACEK Mathias<\/p>\n<p>&#13;<\/p>\n<p><strong>BAHRAIN VICTORIOUS<\/strong><br \/>61 MOHORIC Matej<br \/>62 GOVEKAR Matevz<br \/>63 GRADEK Kamil<br \/>64 MIHOLJEVIC Fran<br \/>65 SKERL Daniel<br \/>66 STANNARD Robert<br \/>67 WRIGHT Fred<\/p>\n<p>&#13;<\/p>\n<p><strong>DECATHLON AG2R LA MONDIALE<\/strong><br \/>71 GUDMESTAD Tord<br \/>72 GAUTHERAT Pierre<br \/>73 DE BONDT Dries<br \/>74 DEWULF Stan<br \/>75 TRONCHON Bastien<br \/>76 NAESEN Oliver<br \/>77 POLLEFLIET Gianluca<\/p>\n<p>&#13;<\/p>\n<p><strong>EF EDUCATION-EASYPOST<\/strong><br \/>81 ALBANESE Vincenzo<br \/>82 ASGREEN Kasper<br \/>83 DOULL Owain<br \/>84 ROOTKIN-GRAY Jack<br \/>85 SIMMONS Colby<br \/>86 VAN DEN BERG Marijn<br \/>87 WALKER Max<\/p>\n<p>&#13;<\/p>\n<p><strong>RED BULL-BORA-HANSGROHE<\/strong><br \/>91 VAN GILS Maxim<br \/>92 ADRI\u00c0 Roger<br \/>93 MACIEJUK Filip<br \/>94 MULLEN Ryan<br \/>95 MOSCON Gianni<br \/>96 VAN DIJKE Mick<br \/>97 WELSFORD Sam<\/p>\n<p>&#13;<\/p>\n<p><strong>INEOS GRENADIERS<\/strong><br \/>101 FOSS Tobias<br \/>102 LAURANCE Axel<br \/>103 PUCCIO Salvatore<br \/>104 LEONARD Michael<br \/>105 SWIFT Ben<br \/>106 SWIFT Connor<br \/>107 TURNER Ben<\/p>\n<p>&#13;<\/p>\n<p><strong>TEAM PICNIC POSTNL<\/strong><br \/>111 BITTNER Pavel<br \/>112 EEKHOFF Nils<br \/>113 FLYNN Sean<br \/>114 NABERMAN Tim<br \/>115 DHONDT Robbe<br \/>116 VAN DEN BROEK Frank<br \/>117 EDMONDSON Alex<\/p>\n<p>&#13;<\/p>\n<p><strong>ARKEA-B&amp;B HOTELS<\/strong><br \/>121 HUYS Laurens<br \/>122 GRONDIN Donavan<br \/>123 CAPIOT Amaury<br \/>124 EPIS Giosue<br \/>125 RIES Michel<br \/>126 SCOTSON Miles<br \/>127 S\u00c9N\u00c9CHAL Florian<\/p>\n<p>&#13;<\/p>\n<p><strong>GROUPAMA-FDJ<\/strong><br \/>131 ASKEY Lewis<br \/>132 BYSTR\u00d8M Sven Erik<br \/>133 GENIETS Kevin<br \/>134 JACOBS Johan<br \/>135 MADOUAS Valentin<br \/>136 PENHO\u00cbT Paul<br \/>137 RUSSO Cl\u00e9ment<\/p>\n<p>&#13;<\/p>\n<p><strong>MOVISTAR TEAM<\/strong><br \/>141 CIMOLAI Davide<br \/>142 GAVIRIA Fernando<br \/>143 MILESI Lorenzo<br \/>144 MORO Manlio<br \/>145 NORSGAARD Mathias Sunek\u00e6r<br \/>146 TESFAZION Natnael<br \/>147 TORRES Albert<\/p>\n<p>&#13;<\/p>\n<p><strong>TEAM JAYCO-ALULA<\/strong><br \/>151 GROENEWEGEN Dylan<br \/>152 DONALDSON Robert<br \/>153 DURBRIDGE Luke<br \/>154 GAMPER Patrick<br \/>155 MEZGEC Luka<br \/>156 O&rsquo;BRIEN Kelland<br \/>157 REINDERS Elmar<\/p>\n<p>&#13;<\/p>\n<p><strong>XDS ASTANA TEAM<\/strong><br \/>161 BALLERINI Davide<br \/>162 BETTIOL Alberto<br \/>163 BOL Cees<br \/>164 FEDOROV Yevgeniy<br \/>165 GATE Aaron<br \/>166 KANTER Max<br \/>167 TEUNISSEN Mike<\/p>\n<p>&#13;<\/p>\n<p><strong>COFIDIS<\/strong><br \/>171 ALLEGAERT Piet<br \/>172 DE GENDT Aim\u00e9<br \/>173 FRETIN Milan<br \/>174 MAAS Jan<br \/>175 ROBEET Ludovic<br \/>176 RENARD Alexis<br \/>177 TOUZ\u00c9 Damien<\/p>\n<p>&#13;<\/p>\n<p><strong>LOTTO<\/strong><br \/>181 DE LIE Arnaud<br \/>182 BERCKMOES Jenno<br \/>183 BEULLENS C\u00e9dric<br \/>184 AERTS Toon<br \/>185 DRIZNERS Jarrad<br \/>186 TAMINIAUX Lionel<br \/>187 VAN MOER Brent<\/p>\n<p>&#13;<\/p>\n<p><strong>TEAM FLANDERS-BALOISE<\/strong><br \/>191 DEWEIRDT Siebe<br \/>192 GEENS Jonas<br \/>193 HESTERS Jules<br \/>194 LANHOVE Milan<br \/>195 VAN HEMELEN Vincent<br \/>196 VANDENSTORME Dylan<br \/>197 VANHOOF Ward<\/p>\n<p>&#13;<\/p>\n<p><strong>WAGNER BAZIN WB<\/strong><br \/>201 DESAL C\u00e9riel<br \/>202 LAMBRECHT Michiel<br \/>203 PORTSMOUTH Tom<br \/>204 VAN HAUTEGEM Leander<br \/>205 VAN ROOY Kenneth<br \/>206 BARBIER Pierre<br \/>207 VAN PETEGEM Axandre<\/p>\n<p>&#13;<\/p>\n<p><strong>TUDOR PRO CYCLING TEAM<\/strong><br \/>212 DE KLEIJN Arvid<br \/>213 FROIDEVAUX Robin<br \/>214 KELEMEN Petr<br \/>215 KOLZE CHANGIZI Sebastian<br \/>216 KRIEGER Alexander<br \/>217 PLUIMERS Rick<\/p>\n<p>&#13;<\/p>\n<p><strong>UNIBET TIETEMA ROCKETS<\/strong><br \/>221 KUBIS Lukas<br \/>222 HUENS Axel<br \/>223 KOPECKY Tomas<br \/>224 BOMBOI Davide<br \/>225 STOKBRO NIELSEN Andreas<br \/>226 STOCKMAN Abram<br \/>227 TOUPALIK Adam<\/p>\n","protected":false},"excerpt":{"rendered":"Lire la suite de l&rsquo;article&#13; \u00a0 &#13; Van der Poel, Wellens, Merlier&#8230; une grosse startlist&#13; Le double champion&hellip;\n","protected":false},"author":2,"featured_media":329552,"comment_status":"","ping_status":"","sticky":false,"template":"","format":"standard","meta":{"footnotes":""},"categories":[1411],"tags":[1154,207,211,1011,27,46700,209,60,210,212,208,213],"class_list":{"0":"post-329551","1":"post","2":"type-post","3":"status-publish","4":"format-standard","5":"has-post-thumbnail","7":"category-cyclisme","8":"tag-cycling","9":"tag-cyclisme","10":"tag-ffc","11":"tag-fr","12":"tag-france","13":"tag-renewi-tour","14":"tag-route","15":"tag-sports","16":"tag-tour-de-france","17":"tag-uci","18":"tag-velo","19":"tag-world-tour"},"share_on_mastodon":{"url":"https:\/\/pubeurope.com\/@fr\/115056055852099388","error":""},"_links":{"self":[{"href":"https:\/\/www.europesays.com\/fr\/wp-json\/wp\/v2\/posts\/329551","targetHints":{"allow":["GET"]}}],"collection":[{"href":"https:\/\/www.europesays.com\/fr\/wp-json\/wp\/v2\/posts"}],"about":[{"href":"https:\/\/www.europesays.com\/fr\/wp-json\/wp\/v2\/types\/post"}],"author":[{"embeddable":true,"href":"https:\/\/www.europesays.com\/fr\/wp-json\/wp\/v2\/users\/2"}],"replies":[{"embeddable":true,"href":"https:\/\/www.europesays.com\/fr\/wp-json\/wp\/v2\/comments?post=329551"}],"version-history":[{"count":0,"href":"https:\/\/www.europesays.com\/fr\/wp-json\/wp\/v2\/posts\/329551\/revisions"}],"wp:featuredmedia":[{"embeddable":true,"href":"https:\/\/www.europesays.com\/fr\/wp-json\/wp\/v2\/media\/329552"}],"wp:attachment":[{"href":"https:\/\/www.europesays.com\/fr\/wp-json\/wp\/v2\/media?parent=329551"}],"wp:term":[{"taxonomy":"category","embeddable":true,"href":"https:\/\/www.europesays.com\/fr\/wp-json\/wp\/v2\/categories?post=329551"},{"taxonomy":"post_tag","embeddable":true,"href":"https:\/\/www.europesays.com\/fr\/wp-json\/wp\/v2\/tags?post=329551"}],"curies":[{"name":"wp","href":"https:\/\/api.w.org\/{rel}","templated":true}]}}