{"id":329553,"date":"2025-08-19T15:07:25","date_gmt":"2025-08-19T15:07:25","guid":{"rendered":"https:\/\/www.europesays.com\/fr\/329553\/"},"modified":"2025-08-19T15:07:25","modified_gmt":"2025-08-19T15:07:25","slug":"girondins-cest-encore-le-cirque-en-coulisses-sur-la-situation-detienne-beugre","status":"publish","type":"post","link":"https:\/\/www.europesays.com\/fr\/329553\/","title":{"rendered":"Girondins : \u00ab\u00a0C&rsquo;est encore le cirque en coulisses\u00a0\u00bb sur la situation d&rsquo;\u00c9tienne Beugre"},"content":{"rendered":"<p><img decoding=\"async\" src=\"https:\/\/www.europesays.com\/fr\/wp-content\/uploads\/2025\/08\/671_aa6f5733d1b2730ed0f12f52af4daa87.jpg\" alt=\"Girondins : &quot;C'est encore le cirque en coulisses&quot; sur la situation d'\u00c9tienne Beugre\" class=\"img-responsive mt-3\"\/><\/p>\n<p class=\"text-center mb-3\" style=\"font-size: 14px\">\u00a9 Iconsport<\/p>\n<p style=\"text-align: justify;\">\u00c9coutez ses propos ou lisez-les :<\/p>\n<p style=\"text-align: justify;\">\u00a0<\/p>\n<p><strong>\u00ab\u00a0Quand tu es directeur sportif d&rsquo;un club de National 2, faire des deals sur des accords verbaux, c&rsquo;est \u00eatre chez les fous ou chez les incomp\u00e9tents\u00a0\u00bb<\/strong><\/p>\n<p style=\"text-align: justify;\">\u00a0<\/p>\n<p style=\"text-align: justify;\">Samuel Vaslin dans le <a href=\"https:\/\/www.youtube.com\/watch?v=E6ZHAWBnueg&amp;t=6030s\" target=\"_blank\" rel=\"noopener\">Talk sur WebGirondins<\/a> : \u00ab\u00a0La saison commence bien \u00e0 Bordeaux. \u00c0 peine le coup de sifflet final du match donn\u00e9, on a d\u00e9j\u00e0 une situation en coulisse qui est un cirque. On a deux parties qui s&rsquo;affrontent, la partie Girondins de Bordeaux et G\u00e9rard Lopez, face \u00e0 des personnes qui sont venues travailler au club. On peut \u00e9couter les deux versions et se faire un avis. On peut aussi se souvenir du passif de cette direction avec les gestions de Koscielny, Costil, Kwateng, Poussin, Niang, Merdji et Beugr\u00e9&#8230; Ce n&rsquo;est pas la premi\u00e8re fois que l&rsquo;on voit ce genre de m\u00e9thode. Les accords verbaux n&rsquo;ont aucune valeur \u00e0 part pour ceux qui y croient. Quand tu es directeur sportif d&rsquo;un club m\u00eame de National 2, faire des deals sur des accords verbaux, c&rsquo;est \u00eatre chez les fous ou chez les incomp\u00e9tents. Qui a donn\u00e9 cette situation (contractuelle \u00e0 10 000\u20ac par mois) \u00e0 \u00c9tienne Beugre ? C&rsquo;est le club. \u00c0 lui d&rsquo;assumer aujourd&rsquo;hui.\u00a0\u00bb<\/p>\n<p style=\"text-align: justify;\">\u00a0<\/p>\n<p style=\"text-align: justify;\">\u00c0 suivre aussi &gt;&gt; <strong><a href=\"https:\/\/www.webgirondins.com\/actualite-girondins-girondins-l-affaire-etienne-beugre-est-ubuesque-130109\" target=\"_blank\" rel=\"noopener\">Girondins : \u00ab\u00a0L&rsquo;affaire \u00c9tienne Beugre est ubuesque\u00a0\u00bb<\/a><\/strong><\/p>\n<p>En savoir plus ici &gt;&gt;\u00a0<strong><a href=\"https:\/\/www.webgirondins.com\/actualite-girondins-girondins-l-affaire-etienne-beugre-s-envenime-bordeaux-accuse-de-bloquer-son-retour-130090\" target=\"_blank\" rel=\"noopener\">L&rsquo;affaire \u00c9tienne Beugr\u00e9 s&rsquo;envenime, Bordeaux accus\u00e9 de bloquer son retour<\/a><\/strong><\/p>\n<p style=\"text-align: justify;\">\u00a0<\/p>\n","protected":false},"excerpt":{"rendered":"\u00a9 Iconsport \u00c9coutez ses propos ou lisez-les : \u00a0 \u00ab\u00a0Quand tu es directeur sportif d&rsquo;un club de National&hellip;\n","protected":false},"author":2,"featured_media":326461,"comment_status":"","ping_status":"","sticky":false,"template":"","format":"standard","meta":{"footnotes":""},"categories":[1410],"tags":[11754,1997,3738,5398,5244,6410,3934,1440,11753,21,63,1011,27,2861,1987,955,6191,7910,11806,46701,5970,1447,60,46702,17770],"class_list":{"0":"post-329553","1":"post","2":"type-post","3":"status-publish","4":"format-standard","5":"has-post-thumbnail","7":"category-football","8":"tag-beugre","9":"tag-bordeaux","10":"tag-cause","11":"tag-cirque","12":"tag-club","13":"tag-concernant","14":"tag-coulisses","15":"tag-encore","16":"tag-etienne","17":"tag-fait","18":"tag-football","19":"tag-fr","20":"tag-france","21":"tag-gestion","22":"tag-girondins","23":"tag-match","24":"tag-peine","25":"tag-premier","26":"tag-reagir","27":"tag-refont","28":"tag-remet","29":"tag-situation","30":"tag-sports","31":"tag-surface","32":"tag-termine"},"share_on_mastodon":{"url":"https:\/\/pubeurope.com\/@fr\/115056059644483267","error":""},"_links":{"self":[{"href":"https:\/\/www.europesays.com\/fr\/wp-json\/wp\/v2\/posts\/329553","targetHints":{"allow":["GET"]}}],"collection":[{"href":"https:\/\/www.europesays.com\/fr\/wp-json\/wp\/v2\/posts"}],"about":[{"href":"https:\/\/www.europesays.com\/fr\/wp-json\/wp\/v2\/types\/post"}],"author":[{"embeddable":true,"href":"https:\/\/www.europesays.com\/fr\/wp-json\/wp\/v2\/users\/2"}],"replies":[{"embeddable":true,"href":"https:\/\/www.europesays.com\/fr\/wp-json\/wp\/v2\/comments?post=329553"}],"version-history":[{"count":0,"href":"https:\/\/www.europesays.com\/fr\/wp-json\/wp\/v2\/posts\/329553\/revisions"}],"wp:featuredmedia":[{"embeddable":true,"href":"https:\/\/www.europesays.com\/fr\/wp-json\/wp\/v2\/media\/326461"}],"wp:attachment":[{"href":"https:\/\/www.europesays.com\/fr\/wp-json\/wp\/v2\/media?parent=329553"}],"wp:term":[{"taxonomy":"category","embeddable":true,"href":"https:\/\/www.europesays.com\/fr\/wp-json\/wp\/v2\/categories?post=329553"},{"taxonomy":"post_tag","embeddable":true,"href":"https:\/\/www.europesays.com\/fr\/wp-json\/wp\/v2\/tags?post=329553"}],"curies":[{"name":"wp","href":"https:\/\/api.w.org\/{rel}","templated":true}]}}