{"id":329556,"date":"2025-08-19T15:09:28","date_gmt":"2025-08-19T15:09:28","guid":{"rendered":"https:\/\/www.europesays.com\/fr\/329556\/"},"modified":"2025-08-19T15:09:28","modified_gmt":"2025-08-19T15:09:28","slug":"une-expo-photo-fait-revivre-royan-du-temps-de-la-dolce-vita","status":"publish","type":"post","link":"https:\/\/www.europesays.com\/fr\/329556\/","title":{"rendered":"une expo photo fait revivre Royan du temps de la dolce vita"},"content":{"rendered":"<p>Johnny Hallyday, chemise vichy, manches retrouss\u00e9es jusqu\u2019aux biceps et regard fatigu\u00e9, se laisse regarder par les curieux, assis \u00e0 la terrasse de l\u2019H\u00f4tel de France \u00e0 Royan. C\u2019est l\u2019\u00e9t\u00e9, un parasol est plant\u00e9, on est \u00e0 la fin du repas, la table n\u2019est pas d\u00e9barrass\u00e9e. Des enfants \u00e0 l\u2019arri\u00e8re-plan prennent la pose, autant fascin\u00e9s par la vedette que par le photographe en train d\u2019op\u00e9rer. Johnny solaire et m\u00e9lancolique, c\u2019est l\u2019un des clich\u00e9s d\u2019une exposition visible tout l\u2019\u00e9t\u00e9 et jusqu\u2019en mars\u00a02026, qui nous replonge dans le Royan des ann\u00e9es 60. Une ville et une \u00e9poque vues \u00e0 travers l\u2019objectif de Jean-Pierre Boudon\u00a0: de 1959 \u00e0 1964, mitrailler les vedettes \u00e9tait son job d\u2019\u00e9t\u00e9 pour le quotidien Sud Ouest, avant qu\u2019il int\u00e8gre \u00e0 Paris l\u2019univers de la t\u00e9l\u00e9, le Studio des Buttes-Chaumont et les actualit\u00e9s t\u00e9l\u00e9vis\u00e9es de la rue Cognacq-Jay.<\/p>\n<p>Longtemps, ses n\u00e9gatifs ont dormi au fond d\u2019un garage dans des pochettes en papier cristal. \u00ab\u00a0Royan dans les ann\u00e9es 60, incarne l\u2019insouciance et la joie de vivre. Jean-Pierre Boudon capture l\u2019essence de cette \u00e9poque \u00e0 travers ses clich\u00e9s\u00a0\u00bb, expliquent les organisateurs de l\u2019exposition au mus\u00e9e de Royan&#8230;. <\/p>\n<p>    Cet article a \u00e9t\u00e9 tronqu\u00e9. Abonnez-vous pour lire l&rsquo;article complet sur notre site.<\/p>\n<p style=\"margin: 0 !important; padding: 0 !important; font-size: 12px !important;\">Cet article a \u00e9t\u00e9 tronqu\u00e9. Abonnez-vous pour lire l&rsquo;article complet.<\/p>\n<p>    <a href=\"https:\/\/www.lanouvellerepublique.fr\/abonnements\" style=\"display: inline-block; margin-top: 5px !important; padding: 6px 12px !important; background: #cb1c27; color: white; text-decoration: none; border-radius: 4px; font-size: 12px !important;\" target=\"_blank\" rel=\"noopener\"><br \/>\n      S&rsquo;abonner<br \/>\n    <\/a><\/p>\n","protected":false},"excerpt":{"rendered":"Johnny Hallyday, chemise vichy, manches retrouss\u00e9es jusqu\u2019aux biceps et regard fatigu\u00e9, se laisse regarder par les curieux, assis&hellip;\n","protected":false},"author":2,"featured_media":329557,"comment_status":"","ping_status":"","sticky":false,"template":"","format":"standard","meta":{"footnotes":""},"categories":[1358],"tags":[1392,1348,1384,1385,2218,1386,2545,58,59,1349,1011,27,1393,2551,1584],"class_list":{"0":"post-329556","1":"post","2":"type-post","3":"status-publish","4":"format-standard","5":"has-post-thumbnail","7":"category-arts-et-design","8":"tag-a-la-une-local","9":"tag-arts","10":"tag-arts-and-design","11":"tag-arts-et-design","12":"tag-charente-maritime","13":"tag-design","14":"tag-deux-sevres","15":"tag-divertissement","16":"tag-entertainment","17":"tag-expositions","18":"tag-fr","19":"tag-france","20":"tag-loisirs","21":"tag-patrimoine","22":"tag-vienne"},"share_on_mastodon":{"url":"https:\/\/pubeurope.com\/@fr\/115056067471913795","error":""},"_links":{"self":[{"href":"https:\/\/www.europesays.com\/fr\/wp-json\/wp\/v2\/posts\/329556","targetHints":{"allow":["GET"]}}],"collection":[{"href":"https:\/\/www.europesays.com\/fr\/wp-json\/wp\/v2\/posts"}],"about":[{"href":"https:\/\/www.europesays.com\/fr\/wp-json\/wp\/v2\/types\/post"}],"author":[{"embeddable":true,"href":"https:\/\/www.europesays.com\/fr\/wp-json\/wp\/v2\/users\/2"}],"replies":[{"embeddable":true,"href":"https:\/\/www.europesays.com\/fr\/wp-json\/wp\/v2\/comments?post=329556"}],"version-history":[{"count":0,"href":"https:\/\/www.europesays.com\/fr\/wp-json\/wp\/v2\/posts\/329556\/revisions"}],"wp:featuredmedia":[{"embeddable":true,"href":"https:\/\/www.europesays.com\/fr\/wp-json\/wp\/v2\/media\/329557"}],"wp:attachment":[{"href":"https:\/\/www.europesays.com\/fr\/wp-json\/wp\/v2\/media?parent=329556"}],"wp:term":[{"taxonomy":"category","embeddable":true,"href":"https:\/\/www.europesays.com\/fr\/wp-json\/wp\/v2\/categories?post=329556"},{"taxonomy":"post_tag","embeddable":true,"href":"https:\/\/www.europesays.com\/fr\/wp-json\/wp\/v2\/tags?post=329556"}],"curies":[{"name":"wp","href":"https:\/\/api.w.org\/{rel}","templated":true}]}}