{"id":32956,"date":"2025-04-18T02:23:17","date_gmt":"2025-04-18T02:23:17","guid":{"rendered":"https:\/\/www.europesays.com\/fr\/32956\/"},"modified":"2025-04-18T02:23:17","modified_gmt":"2025-04-18T02:23:17","slug":"on-vous-dit-ou-et-quand","status":"publish","type":"post","link":"https:\/\/www.europesays.com\/fr\/32956\/","title":{"rendered":"on vous dit o\u00f9 et quand"},"content":{"rendered":"<p>            Par<br \/>\n        <strong><br \/>\n            <a href=\"https:\/\/actu.fr\/auteur\/adrien-filoche\" title=\"Consulter tous les articles de Adrien Filoche\" target=\"_blank\" rel=\"noopener\">Adrien Filoche<\/a><br \/>\n        <\/strong><\/p>\n<p>        Publi\u00e9 le<\/p>\n<p>            17 avr. 2025 \u00e0 20h16        <\/p>\n<p>Selon nos informations, l\u2019enseigne de fast-food <strong>Burger King<\/strong> s\u2019appr\u00eate \u00e0 ouvrir un nouvel \u00e9tablissement dans la ville de <a href=\"https:\/\/actu.fr\/normandie\/maromme_76410\" target=\"_blank\" rel=\"noopener\">Maromme (Seine-Maritime)<\/a>, pr\u00e8s de <a href=\"https:\/\/actu.fr\/normandie\/rouen_76540\" target=\"_blank\" rel=\"noopener\">Rouen.<\/a> L\u2019\u00e9tablissement va prendre place au pied de l\u2019avenue du Val-aux-Dames, au croisement avec la rue Garstedt. Le b\u00e2timent, qui a d\u00e9j\u00e0 bien avanc\u00e9 sa construction, entame sa phase finale de chantier.<\/p>\n<p>\u00ab\u2009Une bonne nouvelle pour l\u2019emploi\u2009\u00bb<\/p>\n<p class=\" wall-content\">Sous r\u00e9serve de l\u2019avanc\u00e9e des travaux, l\u2019ouverture du Burger King \u00e0 Maromme est pour l\u2019heure pr\u00e9vue<strong> pour l\u2019automne 2025.<\/strong> \u00ab\u2009J\u2019attends encore des pr\u00e9cisions de Burger King France\u2009\u00bb, compl\u00e8te Karine Berg, la future g\u00e9rante, interrog\u00e9e par 76actu.<\/p>\n<p>    <a href=\"https:\/\/www.google.com\/maps\/embed?pb=!1m18!1m12!1m3!1d1576.3268907482031!2d1.0357142603563076!3d49.481327414831355!2m3!1f0!2f0!3f0!3m2!1i1024!2i768!4f13.1!3m3!1m2!1s0x47e0e70b8a9a4de7%3A0xdf86c6a22ceaeb02!2sAv.%20du%20Val%20aux%20Dames%2C%2076150%20Maromme!5e0!3m2!1sfr!2sfr!4v1744895972909!5m2!1sfr!2sfr\" title=\"Ouvrie le lien\" target=\"_blank\" rel=\"noopener\">Cliquez ici pour visualiser le contenu<\/a><\/p>\n<p class=\" wall-content\">Concernant le terrain repris par l\u2019enseigne, <strong>David Lamiray<\/strong>, le maire de Maromme, rappelle que \u00ab\u2009ce sont d\u2019anciens terrains qui ont \u00e9t\u00e9 d\u00e9pollu\u00e9s. Avant, il y avait des garages \u00e0 l\u2019abandon\u2009\u00bb.<\/p>\n<p class=\" wall-content\">Pour l\u2019\u00e9lu, l\u2019arriv\u00e9e de cette cha\u00eene de fast-food tr\u00e8s populaire en France est per\u00e7ue d\u2019un bon \u0153il. \u00ab\u2009C\u2019est une bonne nouvelle pour l\u2019emploi. On nous a annonc\u00e9 60 CDI\u2009\u00bb, souligne-t-il. Et de compl\u00e9ter\u2009: \u00ab\u2009Cela fait une nouvelle enseigne de restauration dans la ville.\u2009\u00bb<\/p>\n<p>Vid\u00e9os : en ce moment sur ActuSuivez l\u2019actualit\u00e9 de Rouen sur <a href=\"https:\/\/www.whatsapp.com\/channel\/0029VaKfnf99hXF2ddApFB1D\" target=\"_blank\" rel=\"noopener\">notre cha\u00eene WhatsApp<\/a> et sur <a href=\"https:\/\/www.tiktok.com\/@76actu.fr?lang=fr\" target=\"_blank\" rel=\"noopener\">notre compte TikTok<\/a><\/p>\n<p class=\" wall-content\">Suivez toute l\u2019actualit\u00e9 de vos villes et m\u00e9dias favoris en vous inscrivant \u00e0 <a href=\"https:\/\/moncompte.actu.fr\" title=\"D\u00e9couvez Mon Actu\" rel=\"nofollow noopener\" data-trk=\"{&quot;cta&quot;:{&quot;action&quot;:&quot;https:\\\/\\\/moncompte.actu.fr&quot;,&quot;category&quot;:&quot;mon compte&quot;,&quot;from&quot;:&quot;article footer&quot;,&quot;name&quot;:&quot;Mon actu&quot;,&quot;type&quot;:&quot;cta&quot;}}\" target=\"_blank\">Mon Actu<\/a>.<\/p>\n<ul class=\"ac-article-tag wall-content\">\n<li><a href=\"https:\/\/actu.fr\/tag\/commerce\" data-trk=\"{&quot;cta&quot;:{&quot;action&quot;:&quot;Commerce&quot;,&quot;category&quot;:&quot;tag&quot;,&quot;from&quot;:&quot;article footer&quot;,&quot;name&quot;:&quot;Commerce&quot;,&quot;type&quot;:&quot;cta&quot;}}\" target=\"_blank\" rel=\"noopener\">#Commerce<\/a><\/li>\n<li><a href=\"https:\/\/actu.fr\/tag\/nouveaux-commerces\" data-trk=\"{&quot;cta&quot;:{&quot;action&quot;:&quot;Nouveaux commerces&quot;,&quot;category&quot;:&quot;tag&quot;,&quot;from&quot;:&quot;article footer&quot;,&quot;name&quot;:&quot;Nouveaux commerces&quot;,&quot;type&quot;:&quot;cta&quot;}}\" target=\"_blank\" rel=\"noopener\">#Nouveaux commerces<\/a><\/li>\n<\/ul>\n<p>                    <script async src=\"\/\/www.tiktok.com\/embed.js\"><\/script><\/p>\n","protected":false},"excerpt":{"rendered":"Par Adrien Filoche Publi\u00e9 le 17 avr. 2025 \u00e0 20h16 Selon nos informations, l\u2019enseigne de fast-food Burger King&hellip;\n","protected":false},"author":2,"featured_media":32957,"comment_status":"","ping_status":"","sticky":false,"template":"","format":"standard","meta":{"footnotes":""},"categories":[9587],"tags":[1111,11,215,1777,674,1011,27,12,5161,3147,25,9590,104],"class_list":{"0":"post-32956","1":"post","2":"type-post","3":"status-publish","4":"format-standard","5":"has-post-thumbnail","7":"category-rouen","8":"tag-actu","9":"tag-actualites","10":"tag-commerce","11":"tag-eu","12":"tag-europe","13":"tag-fr","14":"tag-france","15":"tag-news","16":"tag-normandie","17":"tag-nouveaux-commerces","18":"tag-republique-francaise","19":"tag-rouen","20":"tag-societe"},"share_on_mastodon":{"url":"https:\/\/pubeurope.com\/@fr\/114356591357576918","error":""},"_links":{"self":[{"href":"https:\/\/www.europesays.com\/fr\/wp-json\/wp\/v2\/posts\/32956","targetHints":{"allow":["GET"]}}],"collection":[{"href":"https:\/\/www.europesays.com\/fr\/wp-json\/wp\/v2\/posts"}],"about":[{"href":"https:\/\/www.europesays.com\/fr\/wp-json\/wp\/v2\/types\/post"}],"author":[{"embeddable":true,"href":"https:\/\/www.europesays.com\/fr\/wp-json\/wp\/v2\/users\/2"}],"replies":[{"embeddable":true,"href":"https:\/\/www.europesays.com\/fr\/wp-json\/wp\/v2\/comments?post=32956"}],"version-history":[{"count":0,"href":"https:\/\/www.europesays.com\/fr\/wp-json\/wp\/v2\/posts\/32956\/revisions"}],"wp:featuredmedia":[{"embeddable":true,"href":"https:\/\/www.europesays.com\/fr\/wp-json\/wp\/v2\/media\/32957"}],"wp:attachment":[{"href":"https:\/\/www.europesays.com\/fr\/wp-json\/wp\/v2\/media?parent=32956"}],"wp:term":[{"taxonomy":"category","embeddable":true,"href":"https:\/\/www.europesays.com\/fr\/wp-json\/wp\/v2\/categories?post=32956"},{"taxonomy":"post_tag","embeddable":true,"href":"https:\/\/www.europesays.com\/fr\/wp-json\/wp\/v2\/tags?post=32956"}],"curies":[{"name":"wp","href":"https:\/\/api.w.org\/{rel}","templated":true}]}}