{"id":329560,"date":"2025-08-19T15:11:10","date_gmt":"2025-08-19T15:11:10","guid":{"rendered":"https:\/\/www.europesays.com\/fr\/329560\/"},"modified":"2025-08-19T15:11:10","modified_gmt":"2025-08-19T15:11:10","slug":"15-celebrites-2-stars-internationales-tf1-annonce-deja-le-retour-de-mask-singer-pour-une-8e-saison-des-le-12-septembre","status":"publish","type":"post","link":"https:\/\/www.europesays.com\/fr\/329560\/","title":{"rendered":"15 c\u00e9l\u00e9brit\u00e9s, 2 stars internationales&#8230; TF1 annonce (d\u00e9j\u00e0) le retour de \u00ab\u00a0Mask Singer\u00a0\u00bb pour une 8e saison d\u00e8s le 12 septembre"},"content":{"rendered":"<p>chevron_leftchevron_right<\/p>\n<p>La suite apr\u00e8s la publicit\u00e9<\/p>\n<p>\u00ab\u00a0<a href=\"https:\/\/www.ozap.com\/actu\/mask-singer-quelle-celebrite-a-ete-eliminee-aux-portes-de-la-finale\/650487\" rel=\"nofollow noopener\" target=\"_blank\">Mask Singer<\/a>\u00a0\u00bb est d\u00e9j\u00e0 de retour sur TF1. Deux mois &#8211; \u00e0 peine &#8211; apr\u00e8s la victoire de <a href=\"https:\/\/www.ozap.com\/actu\/-leo-mattei-jean-luc-reichmann-accueille-stomy-bugsy-et-lola-dubini-des-le-jeudi-17-fevrier-sur-tf1\/612975\" rel=\"nofollow noopener\" target=\"_blank\">Lola Dubini <\/a>(grim\u00e9e en Girafe) le divertissement le plus loufoque du PAF est d\u00e9j\u00e0 de retour. Ce mardi 19 ao\u00fbt 2025, TF1 a annonc\u00e9 le lancement de la huiti\u00e8me \u00e9dition le vendredi 12 septembre \u00e0 21h10. \u00ab\u00a0En raison du succ\u00e8s de la saison 7, on a d\u00e9cid\u00e9 de proposer une nouvelle \u00e9dition de &lsquo;Mask Singer&rsquo; d\u00e8s cette ann\u00e9e. C\u2019est un vrai cadeau pour le public familial\u00a0\u00bb, s&rsquo;est f\u00e9licit\u00e9 R\u00e9mi Faure, le directeur des Programmes de flux de TF1 lors d&rsquo;une conf\u00e9rence de presse \u00e0 laquelle <strong>Puremedias <\/strong>a assist\u00e9.\u00a0<\/p>\n<p>Un gladiateur, un doudou \u00e9toile et m\u00eame un\u2026 plancton parmi les nouveaux costumes<\/p>\n<p>Pour cette 8e \u00e9dition, <a href=\"https:\/\/www.ozap.com\/personnalite\/camille-combal_e124623\" rel=\"nofollow noopener\" target=\"_blank\">Camille Combal<\/a> reprend naturellement du service mais pas <a href=\"https:\/\/www.ozap.com\/actu\/mask-singer-elodie-poux-quitte-deja-lemission-michael-youn-rejoint-lequipe-denqueteurs-pour-la-saison-8\/650625\" rel=\"nofollow noopener\" target=\"_blank\">Elodie Poux<\/a>. Apr\u00e8s une saison \u00e0 la table des enqu\u00eateurs, l&rsquo;humoriste laisse sa place \u00e0 Micha\u00ebl Youn. \u00ab\u00a0Il y a une vraie camaraderie. On n\u2019a vraiment aucune info. Alors, on a vraiment envie de tout faire pour trouver. Il y a une vraie compet&rsquo; !\u00a0\u00bb lance celui qui retrouvera <a href=\"https:\/\/www.ozap.com\/personnalite\/kev-adams_e204342\" rel=\"nofollow noopener\" target=\"_blank\">Kev Adams<\/a> avec qui il a partag\u00e9 l&rsquo;affiche cet \u00e9t\u00e9 dans le film \u00ab\u00a0Certains l&rsquo;aiment chauve\u00a0\u00bb mais aussi <a href=\"https:\/\/www.ozap.com\/personnalite\/chantal-ladesou_e309153\" rel=\"nofollow noopener\" target=\"_blank\">Chantal Ladesou<\/a> et <a href=\"https:\/\/www.ozap.com\/personnalite\/laurent-ruquier_e161\" rel=\"nofollow noopener\" target=\"_blank\">Laurent Ruquier<\/a>.\u00a0<\/p>\n<p>Qui dit nouvelle saison, dit nouveaux costumes. Cette saison, quinze c\u00e9l\u00e9brit\u00e9s s&rsquo;affronteront en musique. \u00ab\u00a0Surprendre, progresser chaque saison est un enjeu majeur, reconna\u00eet-on du c\u00f4t\u00e9 de la production. Une bonne moiti\u00e9 des stars bat des records dans son domaine, que ce soit au cin\u00e9ma, dans la musique ou le sport notamment. Surtout, je crois qu\u2019on a la plus grande star jamais invit\u00e9e, toutes \u00e9ditions confondues\u201d, se r\u00e9jouit Antony Meunier, le producteur du show. Parmi les nouveaux costumes, les t\u00e9l\u00e9spectateurs pourront d\u00e9couvrir un gladiateur, un lynx, mais aussi un robot, un doudou \u00e9toile et m\u00eame un\u2026 plancton.\u00a0<\/p>\n<p>Nouveaut\u00e9 de la saison, pour la premi\u00e8re fois, tous les personnages seront pr\u00e9sent\u00e9s d\u00e8s la premi\u00e8re \u00e9mission. Enfin, deux stars internationales les rejoindront au fil des \u00e9pisodes. Des guests viendront aussi, ici ou l\u00e0, s\u2019inviter parmi les enqu\u00eateurs.\u00a0<\/p>\n<p>\u00ab\u00a0Meilleure performance chez les jeunes, pour un programme de flux, toutes cha\u00eenes confondues\u00a0\u00bb<\/p>\n<p>Diffus\u00e9e du 2 mai au 27 juin, la septi\u00e8me saison de \u00ab\u00a0Mask Singer\u00a0\u00bb a r\u00e9uni 2,68 millions de t\u00e9l\u00e9spectateurs (16,1% sur l&rsquo;ensemble du public, 32,2% des FRDA-50) pour la partie 1, et 2,54 millions de t\u00e9l\u00e9spectateurs (20,7% de PDA sur les 4+ et 36,1% sur les FRDA-50) pour la partie 2. Selon la cha\u00eene, le programme a r\u00e9uni plus de 3,2 millions de t\u00e9l\u00e9spectateurs en moyenne \u00e0 J+7. TF1 se r\u00e9jouit que l\u2019\u00e9mission r\u00e9alise avec 38% sur les 15-24 ans, \u00ab\u00a0la meilleure performance chez les jeunes, pour un programme de flux. Et ce, toutes cha\u00eenes confondues\u201d. Elle r\u00e9alise, selon elle, 54% de part d\u2019audience sur les enfants, 39% chez les m\u00e8res de famille et 37% des femmes de moins de 50 ans.\u00a0Un jackpot.<\/p>\n","protected":false},"excerpt":{"rendered":"chevron_leftchevron_right La suite apr\u00e8s la publicit\u00e9 \u00ab\u00a0Mask Singer\u00a0\u00bb est d\u00e9j\u00e0 de retour sur TF1. Deux mois &#8211; \u00e0&hellip;\n","protected":false},"author":2,"featured_media":329561,"comment_status":"","ping_status":"","sticky":false,"template":"","format":"standard","meta":{"footnotes":""},"categories":[1356],"tags":[58,59,1011,27,252,1364],"class_list":{"0":"post-329560","1":"post","2":"type-post","3":"status-publish","4":"format-standard","5":"has-post-thumbnail","7":"category-television","8":"tag-divertissement","9":"tag-entertainment","10":"tag-fr","11":"tag-france","12":"tag-television","13":"tag-tv"},"share_on_mastodon":{"url":"https:\/\/pubeurope.com\/@fr\/115056075348542506","error":""},"_links":{"self":[{"href":"https:\/\/www.europesays.com\/fr\/wp-json\/wp\/v2\/posts\/329560","targetHints":{"allow":["GET"]}}],"collection":[{"href":"https:\/\/www.europesays.com\/fr\/wp-json\/wp\/v2\/posts"}],"about":[{"href":"https:\/\/www.europesays.com\/fr\/wp-json\/wp\/v2\/types\/post"}],"author":[{"embeddable":true,"href":"https:\/\/www.europesays.com\/fr\/wp-json\/wp\/v2\/users\/2"}],"replies":[{"embeddable":true,"href":"https:\/\/www.europesays.com\/fr\/wp-json\/wp\/v2\/comments?post=329560"}],"version-history":[{"count":0,"href":"https:\/\/www.europesays.com\/fr\/wp-json\/wp\/v2\/posts\/329560\/revisions"}],"wp:featuredmedia":[{"embeddable":true,"href":"https:\/\/www.europesays.com\/fr\/wp-json\/wp\/v2\/media\/329561"}],"wp:attachment":[{"href":"https:\/\/www.europesays.com\/fr\/wp-json\/wp\/v2\/media?parent=329560"}],"wp:term":[{"taxonomy":"category","embeddable":true,"href":"https:\/\/www.europesays.com\/fr\/wp-json\/wp\/v2\/categories?post=329560"},{"taxonomy":"post_tag","embeddable":true,"href":"https:\/\/www.europesays.com\/fr\/wp-json\/wp\/v2\/tags?post=329560"}],"curies":[{"name":"wp","href":"https:\/\/api.w.org\/{rel}","templated":true}]}}