{"id":329562,"date":"2025-08-19T15:12:14","date_gmt":"2025-08-19T15:12:14","guid":{"rendered":"https:\/\/www.europesays.com\/fr\/329562\/"},"modified":"2025-08-19T15:12:14","modified_gmt":"2025-08-19T15:12:14","slug":"potager-petanque-et-tournee-julien-dore-en-vacances-avec-son-adorable-fils-a-bouclettes","status":"publish","type":"post","link":"https:\/\/www.europesays.com\/fr\/329562\/","title":{"rendered":"Potager, p\u00e9tanque et tourn\u00e9e\u2026 Julien Dor\u00e9 en vacances avec son adorable fils \u00e0 bouclettes"},"content":{"rendered":"<p class=\"intro\">En vacances sous le soleil des C\u00e9vennes, Julien Dor\u00e9 a partag\u00e9 des images de son quotidien en famille. Jardinage, bateau ou d\u00e9tente en famille, le chanteur a visiblement pass\u00e9 de tr\u00e8s bonnes vacances\u2026<\/p>\n<p>Il est important de ne pas se m\u00e9prendre. Lorsqu\u2019il y a sept ans, <a href=\"https:\/\/www.parismatch.com\/bio\/julien-dore\" target=\"_blank\" rel=\"nofollow noopener\">Julien Dor\u00e9<\/a> a quitt\u00e9 Paris pour s\u2019installer dans les C\u00e9vennes, ce n\u2019\u00e9tait pas un caprice de citadin en mal de verdure. Loin de l\u00e0. N\u00e9 \u00e0 Al\u00e8s, <a href=\"https:\/\/www.parismatch.com\/Culture\/Musique\/Julien-Dore-J-ai-decide-de-changer-de-vie-1700216\" target=\"_blank\" rel=\"nofollow noopener\">le chanteur de 43\u00a0ans a retrouv\u00e9 ses racines<\/a> et les montagnes qui ont d\u00e9cor\u00e9 son enfance. Avec sa compagne et <a href=\"https:\/\/www.parismatch.com\/People\/Julien-Dore-papa-il-publie-une-premiere-photo-avec-son-fils-1790104\" target=\"_blank\" rel=\"nofollow noopener\">leur jeune fils de quatre ans<\/a>, ils ont adopt\u00e9 le mode de vie qui leur faisait d\u00e9faut \u00e0 la Capitale.<\/p>\n<p>Sur son compte Instagram qu\u2019il alimente tr\u00e8s r\u00e9guli\u00e8rement, Julien Dor\u00e9 a d\u00e9voil\u00e9 les doux instants de ses vacances en famille. Potager en permaculture, apr\u00e8s-midi en bateau sur les flots de la M\u00e9diterran\u00e9e, atelier dessin avec son fiston\u2026 Sans oublier les entra\u00eenements de voix dans le studio install\u00e9 \u00e0 domicile. En pleine pause estivale dans sa tourn\u00e9e des villes Fran\u00e7aises, le chanteur reprendra son micro le 3\u00a0octobre prochain \u00e0 Nantes.<\/p>\n<p>    La suite apr\u00e8s cette publicit\u00e9<\/p>\n<p>Julien Dor\u00e9, le \u00ab\u00a0discret partageur\u00a0\u00bb<\/p>\n<p>Habilement, Julien Dor\u00e9 d\u00e9livre des bribes de son quotidien sans jamais trop en montrer. Sa compagne, le pr\u00e9nom de son fils\u2026 Le chanteur est attentif a ne pas trop en montrer tout en restant assez transparent et accessible. Une pirouette maligne et rudement efficace aupr\u00e8s de ses fans qui adorent plaisanter avec lui.<\/p>\n","protected":false},"excerpt":{"rendered":"En vacances sous le soleil des C\u00e9vennes, Julien Dor\u00e9 a partag\u00e9 des images de son quotidien en famille.&hellip;\n","protected":false},"author":2,"featured_media":329563,"comment_status":"","ping_status":"","sticky":false,"template":"","format":"standard","meta":{"footnotes":""},"categories":[1355],"tags":[58,59,1011,27,1361,873],"class_list":{"0":"post-329562","1":"post","2":"type-post","3":"status-publish","4":"format-standard","5":"has-post-thumbnail","7":"category-musique","8":"tag-divertissement","9":"tag-entertainment","10":"tag-fr","11":"tag-france","12":"tag-music","13":"tag-musique"},"share_on_mastodon":{"url":"https:\/\/pubeurope.com\/@fr\/115056079222078747","error":""},"_links":{"self":[{"href":"https:\/\/www.europesays.com\/fr\/wp-json\/wp\/v2\/posts\/329562","targetHints":{"allow":["GET"]}}],"collection":[{"href":"https:\/\/www.europesays.com\/fr\/wp-json\/wp\/v2\/posts"}],"about":[{"href":"https:\/\/www.europesays.com\/fr\/wp-json\/wp\/v2\/types\/post"}],"author":[{"embeddable":true,"href":"https:\/\/www.europesays.com\/fr\/wp-json\/wp\/v2\/users\/2"}],"replies":[{"embeddable":true,"href":"https:\/\/www.europesays.com\/fr\/wp-json\/wp\/v2\/comments?post=329562"}],"version-history":[{"count":0,"href":"https:\/\/www.europesays.com\/fr\/wp-json\/wp\/v2\/posts\/329562\/revisions"}],"wp:featuredmedia":[{"embeddable":true,"href":"https:\/\/www.europesays.com\/fr\/wp-json\/wp\/v2\/media\/329563"}],"wp:attachment":[{"href":"https:\/\/www.europesays.com\/fr\/wp-json\/wp\/v2\/media?parent=329562"}],"wp:term":[{"taxonomy":"category","embeddable":true,"href":"https:\/\/www.europesays.com\/fr\/wp-json\/wp\/v2\/categories?post=329562"},{"taxonomy":"post_tag","embeddable":true,"href":"https:\/\/www.europesays.com\/fr\/wp-json\/wp\/v2\/tags?post=329562"}],"curies":[{"name":"wp","href":"https:\/\/api.w.org\/{rel}","templated":true}]}}