{"id":329566,"date":"2025-08-19T15:14:12","date_gmt":"2025-08-19T15:14:12","guid":{"rendered":"https:\/\/www.europesays.com\/fr\/329566\/"},"modified":"2025-08-19T15:14:12","modified_gmt":"2025-08-19T15:14:12","slug":"des-chercheurs-percent-le-mystere-de-ce-syndrome","status":"publish","type":"post","link":"https:\/\/www.europesays.com\/fr\/329566\/","title":{"rendered":"des chercheurs percent le myst\u00e8re de ce syndrome"},"content":{"rendered":"<p>Imaginez une fatigue inhabituelle qu\u2019aucune batterie de tests n\u2019a pu expliquer. Au point que l\u2019on finit par croire que \u00ab\u00a0c\u2019est dans la t\u00eate\u00a0\u00bb. C\u2019est le quotidien des patients souffrant d\u2019enc\u00e9phalomy\u00e9lite myalgique, plus connue sou le nom de <a href=\"https:\/\/destinationsante.com\/fatigue-chronique-6-semaines-de-symptomes.html\" target=\"_blank\" rel=\"noopener nofollow\">syndrome de fatigue chronique<\/a>.<\/p>\n<p>Si les causes de ce mal, qui toucherait 250\u00a0000 personnes en France, restent mal connues (une infection, un stress important\u2026), des chercheurs de l\u2019<a href=\"https:\/\/www.ed.ac.uk\/news\/key-genetic-differences-found-in-people-with-mecfs\" target=\"_blank\" rel=\"noopener nofollow\">Universit\u00e9 d\u2019Edimbourg<\/a>, en Ecosse, avancent une origine g\u00e9n\u00e9tique. Une d\u00e9couverte des plus importantes dans la mesure o\u00f9 il n\u2019existe actuellement ni test diagnostique, ni traitement curatif.<\/p>\n<p>\u00a0<\/p>\n<p><strong>Huit g\u00e8nes impliqu\u00e9s<\/strong><\/p>\n<p>Pour leur travail, les scientifiques ont analys\u00e9 15 579 \u00e9chantillons d\u2019ADN parmi les 27 000 personnes touch\u00e9es par ce syndrome et participant au projet DecodeME, la plus grande base de donn\u00e9es mondiale sur cette maladie.<\/p>\n<p>Ils ont alors identifi\u00e9 huit marqueurs g\u00e9n\u00e9tiques distincts chez les personnes atteintes de cette pathologie, par rapport \u00e0 celles qui n\u2019en souffrent pas. Ces diff\u00e9rences, aussi appel\u00e9es \u00ab\u00a0signaux g\u00e9n\u00e9tiques\u00a0\u00bb, sont li\u00e9es aux syst\u00e8mes immunitaire et nerveux.<\/p>\n<p>Au moins deux de ces signaux sont li\u00e9s \u00e0 la fa\u00e7on dont le corps r\u00e9agit \u00e0 une infection, ce qui fait \u00e9cho aux t\u00e9moignages de patients selon lesquels les sympt\u00f4mes commencent souvent apr\u00e8s une maladie.<\/p>\n<p><strong>Des perspectives prometteuses<\/strong><\/p>\n<p>L\u2019ADN d\u2019une personne ne changeant pas au cours du temps, les experts affirment que ces signaux g\u00e9n\u00e9tiques refl\u00e8tent donc probablement les causes de la maladie.<\/p>\n<p>Bien que ces d\u00e9couvertes ne soient pas encore pr\u00eates \u00e0 influencer le traitement ou le diagnostic, elles offrent des indices essentiels sur les origines de la maladie et pourraient guider le d\u00e9veloppement futur de m\u00e9dicaments.<\/p>\n","protected":false},"excerpt":{"rendered":"Imaginez une fatigue inhabituelle qu\u2019aucune batterie de tests n\u2019a pu expliquer. Au point que l\u2019on finit par croire&hellip;\n","protected":false},"author":2,"featured_media":329567,"comment_status":"","ping_status":"","sticky":false,"template":"","format":"standard","meta":{"footnotes":""},"categories":[10],"tags":[107,1011,27,329,72,1031,5362,71],"class_list":{"0":"post-329566","1":"post","2":"type-post","3":"status-publish","4":"format-standard","5":"has-post-thumbnail","7":"category-sante","8":"tag-fil-info","9":"tag-fr","10":"tag-france","11":"tag-france-monde","12":"tag-health","13":"tag-magazine","14":"tag-magazine-sante","15":"tag-sante"},"share_on_mastodon":{"url":"https:\/\/pubeurope.com\/@fr\/115056087174865848","error":""},"_links":{"self":[{"href":"https:\/\/www.europesays.com\/fr\/wp-json\/wp\/v2\/posts\/329566","targetHints":{"allow":["GET"]}}],"collection":[{"href":"https:\/\/www.europesays.com\/fr\/wp-json\/wp\/v2\/posts"}],"about":[{"href":"https:\/\/www.europesays.com\/fr\/wp-json\/wp\/v2\/types\/post"}],"author":[{"embeddable":true,"href":"https:\/\/www.europesays.com\/fr\/wp-json\/wp\/v2\/users\/2"}],"replies":[{"embeddable":true,"href":"https:\/\/www.europesays.com\/fr\/wp-json\/wp\/v2\/comments?post=329566"}],"version-history":[{"count":0,"href":"https:\/\/www.europesays.com\/fr\/wp-json\/wp\/v2\/posts\/329566\/revisions"}],"wp:featuredmedia":[{"embeddable":true,"href":"https:\/\/www.europesays.com\/fr\/wp-json\/wp\/v2\/media\/329567"}],"wp:attachment":[{"href":"https:\/\/www.europesays.com\/fr\/wp-json\/wp\/v2\/media?parent=329566"}],"wp:term":[{"taxonomy":"category","embeddable":true,"href":"https:\/\/www.europesays.com\/fr\/wp-json\/wp\/v2\/categories?post=329566"},{"taxonomy":"post_tag","embeddable":true,"href":"https:\/\/www.europesays.com\/fr\/wp-json\/wp\/v2\/tags?post=329566"}],"curies":[{"name":"wp","href":"https:\/\/api.w.org\/{rel}","templated":true}]}}