{"id":329572,"date":"2025-08-19T15:17:11","date_gmt":"2025-08-19T15:17:11","guid":{"rendered":"https:\/\/www.europesays.com\/fr\/329572\/"},"modified":"2025-08-19T15:17:11","modified_gmt":"2025-08-19T15:17:11","slug":"elon-musk-choque-le-monde-avec-son-plan-lunaire-presente-comme-lultime-bouclier-face-a-lapocalypse-qui-pulverise-la-terre","status":"publish","type":"post","link":"https:\/\/www.europesays.com\/fr\/329572\/","title":{"rendered":"Elon Musk choque le monde avec son plan lunaire pr\u00e9sent\u00e9 comme l\u2019ultime bouclier face \u00e0 l\u2019apocalypse qui pulv\u00e9rise la Terre"},"content":{"rendered":"<tr>\n<td><strong>EN BREF<\/strong><\/td>\n<\/tr>\n<tr>\n<td>\n<ul>\n<li>\ud83c\udf1e <strong>Elon Musk<\/strong> anticipe une menace cosmique o\u00f9 le <strong>Soleil<\/strong> d\u00e9truira toute vie sur Terre.<\/li>\n<li>\ud83d\ude80 Il propose la <strong>colonisation de Mars<\/strong> comme solution pour assurer la survie de l\u2019humanit\u00e9.<\/li>\n<li>\ud83c\udf0d Les crises environnementales actuelles, telles que le <strong>r\u00e9chauffement climatique<\/strong>, n\u00e9cessitent des actions imm\u00e9diates.<\/li>\n<li>\ud83e\udd14 Le d\u00e9bat se concentre sur l\u2019\u00e9quilibre entre les pr\u00e9parations interplan\u00e9taires et les d\u00e9fis terrestres urgents.<\/li>\n<\/ul>\n<\/td>\n<\/tr>\n<p>Elon Musk, le visionnaire derri\u00e8re SpaceX, a r\u00e9cemment fait des d\u00e9clarations qui ont secou\u00e9 la communaut\u00e9 scientifique et le grand public. Il anticipe un futur o\u00f9 le Soleil, en \u00e9voluant, d\u00e9truira toute vie sur Terre. Face \u00e0 cette perspective, Musk propose la colonisation de Mars comme une solution de survie \u00e0 long terme pour l\u2019humanit\u00e9. Cette id\u00e9e, bien qu\u2019ambitieuse, soul\u00e8ve des questions cruciales sur la mani\u00e8re dont nous devrions r\u00e9partir nos efforts pour r\u00e9soudre les probl\u00e8mes imm\u00e9diats de notre plan\u00e8te tout en pr\u00e9parant un avenir interplan\u00e9taire.<\/p>\n<p>La \u201cproph\u00e9tie\u201d Elon Musk<\/p>\n<p>Elon Musk, connu pour ses projets innovants, a affirm\u00e9 que le Soleil finirait par d\u00e9truire toute forme de vie sur Terre. Selon lui, cette menace n\u2019est pas une simple hypoth\u00e8se, mais une r\u00e9alit\u00e9 scientifique in\u00e9vitable. Le Soleil, \u00e0 mesure qu\u2019il vieillira, deviendra plus lumineux et pourrait se transformer en une g\u00e9ante rouge, mettant en p\u00e9ril la Terre. Cette vision, bien que bas\u00e9e sur des faits scientifiques, a d\u00e9clench\u00e9 un d\u00e9bat sur les meilleures strat\u00e9gies \u00e0 adopter pour l\u2019avenir.<\/p>\n<p>La proposition de Musk, qui consiste \u00e0 coloniser Mars, vise \u00e0 cr\u00e9er une alternative viable pour l\u2019humanit\u00e9. En \u00e9tablissant des colonies sur la plan\u00e8te rouge, il esp\u00e8re assurer la survie de l\u2019esp\u00e8ce humaine. Cependant, les d\u00e9fis technologiques, financiers et logistiques sont \u00e9normes. Cette ambition soul\u00e8ve des interrogations sur notre capacit\u00e9 \u00e0 r\u00e9soudre les probl\u00e8mes imm\u00e9diats de la Terre tout en pr\u00e9parant un exode interplan\u00e9taire.<\/p>\n<blockquote class=\"wp-embedded-content\" data-secret=\"bHkbNpuBbX\">\n<p><a href=\"https:\/\/www.enviro2b.com\/2025\/07\/10\/mars-pire-quun-cauchemar-atomique-un-astrophysicien-met-elon-musk-face-a-une-verite-terrifiante-sur-notre-planete-comparee-a-la-planete-rouge\/\" rel=\"nofollow noopener\" target=\"_blank\">\u00ab Mars, pire qu\u2019un cauchemar atomique \u00bb : un astrophysicien met Elon Musk face \u00e0 une v\u00e9rit\u00e9 terrifiante sur notre plan\u00e8te compar\u00e9e \u00e0 la plan\u00e8te rouge<\/a><\/p>\n<\/blockquote>\n<p>Mars : l\u2019Arche de No\u00e9 selon Musk<\/p>\n<p>Pour Musk, Mars repr\u00e9sente une sorte d\u2019Arche de No\u00e9 moderne. Il envisage des villes autonomes sur la plan\u00e8te rouge pour garantir la p\u00e9rennit\u00e9 de l\u2019humanit\u00e9. SpaceX travaille intens\u00e9ment pour concr\u00e9tiser cette vision, avec des projets de vols habit\u00e9s vers Mars d\u2019ici 2031. Cette id\u00e9e, bien qu\u2019elle semble sortie d\u2019un film de science-fiction, est prise au s\u00e9rieux par de nombreux scientifiques et ing\u00e9nieurs.<\/p>\n<p>Malgr\u00e9 l\u2019enthousiasme suscit\u00e9 par ce projet, plusieurs experts rappellent que les probl\u00e8mes solaires \u00e9voqu\u00e9s par Musk se situent \u00e0 des centaines de millions d\u2019ann\u00e9es dans le futur. D\u2019ici l\u00e0, des crises bien plus pressantes, comme le r\u00e9chauffement climatique et la perte de biodiversit\u00e9, menacent notre plan\u00e8te. Ces enjeux n\u00e9cessitent des actions imm\u00e9diates et des ressources consid\u00e9rables. Le d\u00e9bat est donc ouvert sur la mani\u00e8re de r\u00e9partir nos efforts entre la pr\u00e9servation de la Terre et l\u2019exploration spatiale.<\/p>\n<blockquote class=\"wp-embedded-content\" data-secret=\"D1GI5Q85fu\">\n<p><a href=\"https:\/\/www.enviro2b.com\/2025\/05\/17\/la-nasa-sinspire-des-pieds-de-chameau-ces-pneus-futuristes-pour-rovers-lunaires-et-martiens-vont-bouleverser-lexploration-spatiale\/\" rel=\"nofollow noopener\" target=\"_blank\">La NASA s\u2019inspire des pieds de chameau : ces pneus futuristes pour rovers lunaires et martiens vont bouleverser l\u2019exploration spatiale<\/a><\/p>\n<\/blockquote>\n<p>Une vision tr\u00e8s long terme et non court terme<\/p>\n<p>La vision de Musk, qui s\u2019\u00e9tend sur des millions d\u2019ann\u00e9es, encourage l\u2019innovation et pousse l\u2019humanit\u00e9 \u00e0 \u00e9largir ses horizons. Cependant, cette perspective \u00e0 long terme ne doit pas nous faire oublier les crises actuelles. Les catastrophes environnementales, les in\u00e9galit\u00e9s sociales et \u00e9conomiques exigent des solutions rapides et efficaces. Les initiatives pour coloniser Mars, m\u00eame si elles sont captivantes, ne doivent pas d\u00e9tourner notre attention des urgences pr\u00e9sentes.<\/p>\n<p>Il est essentiel de trouver un \u00e9quilibre entre la pr\u00e9paration \u00e0 un futur interplan\u00e9taire et la r\u00e9solution des probl\u00e8mes imm\u00e9diats. Les deux approches ne sont pas n\u00e9cessairement oppos\u00e9es, mais n\u00e9cessitent une gestion et une allocation des ressources r\u00e9fl\u00e9chies. Alors que nous nous pr\u00e9parons pour un avenir potentiellement lointain, nous devons \u00e9galement garantir que notre plan\u00e8te reste habitable pour les g\u00e9n\u00e9rations actuelles.<\/p>\n<p>D\u00e9fis plan\u00e9taires et ambitions interstellaires<\/p>\n<p>La proposition de coloniser Mars soul\u00e8ve des questions sur nos priorit\u00e9s en tant qu\u2019esp\u00e8ce. Devons-nous privil\u00e9gier l\u2019exploration spatiale ou concentrer nos efforts sur la pr\u00e9servation de notre plan\u00e8te ? Les ressources financi\u00e8res et humaines sont limit\u00e9es, et il est crucial de d\u00e9terminer comment les utiliser au mieux. Cette r\u00e9flexion doit inclure non seulement des scientifiques et des d\u00e9cideurs, mais aussi le grand public.<\/p>\n<p>Les d\u00e9fis environnementaux, \u00e9conomiques et sociaux actuels n\u00e9cessitent une attention imm\u00e9diate. Cependant, ignorer les potentielles menaces cosmiques pourrait \u00e9galement s\u2019av\u00e9rer une erreur. La solution r\u00e9side peut-\u00eatre dans une approche int\u00e9gr\u00e9e, qui combine innovation technologique et pr\u00e9servation de l\u2019environnement. En fin de compte, comment pouvons-nous garantir un avenir durable tout en explorant de nouvelles fronti\u00e8res ? Cette question reste ouverte et n\u00e9cessite une r\u00e9flexion collective.<\/p>\n<p>Alors que nous naviguons entre les d\u00e9fis plan\u00e9taires et les ambitions interstellaires, une question se pose : comment pouvons-nous \u00e9quilibrer la pr\u00e9servation de notre plan\u00e8te avec la pr\u00e9paration \u00e0 une \u00e9ventuelle migration interplan\u00e9taire ? Cette r\u00e9flexion est essentielle pour d\u00e9terminer les priorit\u00e9s de l\u2019humanit\u00e9 et orienter nos actions futures. Que devons-nous faire pour assurer un avenir durable tant sur Terre que dans l\u2019espace ?<\/p>\n<p>Cet article s\u2019appuie sur des sources v\u00e9rifi\u00e9es et l\u2019assistance de technologies \u00e9ditoriales.<\/p>\n","protected":false},"excerpt":{"rendered":"EN BREF \ud83c\udf1e Elon Musk anticipe une menace cosmique o\u00f9 le Soleil d\u00e9truira toute vie sur Terre. \ud83d\ude80&hellip;\n","protected":false},"author":2,"featured_media":329573,"comment_status":"","ping_status":"","sticky":false,"template":"","format":"standard","meta":{"footnotes":""},"categories":[7],"tags":[1011,27,43,40,41,39,42,44],"class_list":{"0":"post-329572","1":"post","2":"type-post","3":"status-publish","4":"format-standard","5":"has-post-thumbnail","7":"category-sciences-et-technologies","8":"tag-fr","9":"tag-france","10":"tag-science","11":"tag-science-and-technology","12":"tag-sciences","13":"tag-sciences-et-technologies","14":"tag-technologies","15":"tag-technology"},"share_on_mastodon":{"url":"https:\/\/pubeurope.com\/@fr\/115056099009736679","error":""},"_links":{"self":[{"href":"https:\/\/www.europesays.com\/fr\/wp-json\/wp\/v2\/posts\/329572","targetHints":{"allow":["GET"]}}],"collection":[{"href":"https:\/\/www.europesays.com\/fr\/wp-json\/wp\/v2\/posts"}],"about":[{"href":"https:\/\/www.europesays.com\/fr\/wp-json\/wp\/v2\/types\/post"}],"author":[{"embeddable":true,"href":"https:\/\/www.europesays.com\/fr\/wp-json\/wp\/v2\/users\/2"}],"replies":[{"embeddable":true,"href":"https:\/\/www.europesays.com\/fr\/wp-json\/wp\/v2\/comments?post=329572"}],"version-history":[{"count":0,"href":"https:\/\/www.europesays.com\/fr\/wp-json\/wp\/v2\/posts\/329572\/revisions"}],"wp:featuredmedia":[{"embeddable":true,"href":"https:\/\/www.europesays.com\/fr\/wp-json\/wp\/v2\/media\/329573"}],"wp:attachment":[{"href":"https:\/\/www.europesays.com\/fr\/wp-json\/wp\/v2\/media?parent=329572"}],"wp:term":[{"taxonomy":"category","embeddable":true,"href":"https:\/\/www.europesays.com\/fr\/wp-json\/wp\/v2\/categories?post=329572"},{"taxonomy":"post_tag","embeddable":true,"href":"https:\/\/www.europesays.com\/fr\/wp-json\/wp\/v2\/tags?post=329572"}],"curies":[{"name":"wp","href":"https:\/\/api.w.org\/{rel}","templated":true}]}}