{"id":329576,"date":"2025-08-19T15:19:31","date_gmt":"2025-08-19T15:19:31","guid":{"rendered":"https:\/\/www.europesays.com\/fr\/329576\/"},"modified":"2025-08-19T15:19:31","modified_gmt":"2025-08-19T15:19:31","slug":"poutine-a-sa-propre-idee-de-lieu-pour-sa-potentielle-rencontre-avec-zelensky-et-ce-nest-ni-la-suisse-ni-le-vatican","status":"publish","type":"post","link":"https:\/\/www.europesays.com\/fr\/329576\/","title":{"rendered":"Poutine a sa propre id\u00e9e de lieu pour sa potentielle rencontre avec Zelensky (et ce n\u2019est ni la Suisse, ni le Vatican)"},"content":{"rendered":"<p>        <img decoding=\"async\" loading=\"lazy\" src=\"https:\/\/www.europesays.com\/fr\/wp-content\/uploads\/2025\/08\/e0fc84e_sirius-fs-upload-1-frjitmbyocos-1740444450782-000-36yl4g8.jpg\"  width=\"728\" height=\"410\" alt=\"Le pr\u00e9sident russe Vladimir\u00a0Poutine a propos\u00e9 de rencontre Volodymyr Zelensky \u00e0 Moscou. (Photo d\u2019illustration)\"\/>  <\/p>\n<p>MIKHAIL METZEL \/ AFP<\/p>\n<p>Le pr\u00e9sident russe Vladimir\u00a0Poutine a propos\u00e9 de rencontre Volodymyr Zelensky \u00e0 Moscou. (Photo d\u2019illustration)<\/p>\n<p class=\"asset asset-text\">GUERRE EN UKRAINE &#8211; La Russie prend les devants. Alors qu\u2019<a href=\"https:\/\/www.huffingtonpost.fr\/international\/video\/trump-annonce-une-rencontre-poutine-zelensky-apres-le-sommet-a-washington_253732.html\" target=\"_blank\" rel=\"noopener\">une rencontre entre Vladimir Poutine et Volodymyr Zelensky<\/a> est envisag\u00e9e, des sources proches du dossier rapportent ce mardi 19\u00a0ao\u00fbt que le pr\u00e9sident russe a propos\u00e9 d\u2019organiser cet \u00e9change en Russie lors de son appel avec Donald Trump lundi.<\/p>\n<p class=\"asset asset-text\">\u00ab\u00a0Poutine a mentionn\u00e9 Moscou\u00a0\u00bb, a indiqu\u00e9 une de ces sources \u00e0 l\u2019AFP. Le pr\u00e9sident ukrainien, qui se trouvait alors \u00e0 la Maison Blanche avec des dirigeants europ\u00e9ens,\u00a0\u00ab\u00a0a r\u00e9pondu \u201cnon\u201d\u00a0\u00bb, selon la m\u00eame source.<\/p>\n<p class=\"asset asset-text\">Donald Trump a fait savoir qu\u2019il allait \u00ab\u00a0commencer les pr\u00e9paratifs\u00a0\u00bb d\u2019une rencontre entre Volodymyr Zelensky et Vladimir Poutine, qui rejetait jusqu\u2019ici une telle r\u00e9union, au terme d\u2019une \u00ab\u00a0tr\u00e8s bonne\u00a0\u00bb entrevue avec le pr\u00e9sident ukrainien et plusieurs dirigeants europ\u00e9ens.<\/p>\n<p>    Dans les deux semaines \u00e0 venir    <\/p>\n<p class=\"asset asset-text\">Le pr\u00e9sident russe a convenu de cette future rencontre, qui devrait se produire dans les deux semaines \u00e0 venir, lors d\u2019un entretien t\u00e9l\u00e9phonique avec son homologue am\u00e9ricain. De son c\u00f4t\u00e9, le pr\u00e9sident ukrainien a indiqu\u00e9 lundi qu\u2019il \u00e9tait \u00ab\u00a0pr\u00eat\u00a0\u00bb \u00e0 une rencontre bilat\u00e9rale avec son homologue russe. Les deux hommes ne se sont pas rencontr\u00e9s depuis 2019.<\/p>\n<p class=\"asset asset-text\">Donald Trump a pr\u00e9cis\u00e9 sur son r\u00e9seau Truth Social que la rencontre serait suivie d\u2019une r\u00e9union \u00e0 trois avec lui-m\u00eame, visant \u00e0 mettre fin \u00e0 trois ans et demi de conflit.<\/p>\n<p class=\"asset asset-text\">Au m\u00eame titre que l\u2019Ukraine, la Russie a pr\u00e9venu ce mardi que tout potentiel accord de paix devrait garantir sa\u00a0\u00ab\u00a0s\u00e9curit\u00e9\u00a0\u00bb\u00a0et celles des habitants russophones en Ukraine, pr\u00e9texte d\u00e9j\u00e0 brandi pour lancer son invasion en 2022.<\/p>\n","protected":false},"excerpt":{"rendered":"MIKHAIL METZEL \/ AFP Le pr\u00e9sident russe Vladimir\u00a0Poutine a propos\u00e9 de rencontre Volodymyr Zelensky \u00e0 Moscou. (Photo d\u2019illustration)&hellip;\n","protected":false},"author":2,"featured_media":64808,"comment_status":"","ping_status":"","sticky":false,"template":"","format":"standard","meta":{"footnotes":""},"categories":[5],"tags":[11,1011,27,131,14,12,132,135,134,28],"class_list":{"0":"post-329576","1":"post","2":"type-post","3":"status-publish","4":"format-standard","5":"has-post-thumbnail","7":"category-international","8":"tag-actualites","9":"tag-fr","10":"tag-france","11":"tag-guerre-en-ukraine","12":"tag-international","13":"tag-news","14":"tag-russie","15":"tag-vladimir-poutine","16":"tag-volodymyr-zelensky","17":"tag-world"},"share_on_mastodon":{"url":"https:\/\/pubeurope.com\/@fr\/115056106934983968","error":""},"_links":{"self":[{"href":"https:\/\/www.europesays.com\/fr\/wp-json\/wp\/v2\/posts\/329576","targetHints":{"allow":["GET"]}}],"collection":[{"href":"https:\/\/www.europesays.com\/fr\/wp-json\/wp\/v2\/posts"}],"about":[{"href":"https:\/\/www.europesays.com\/fr\/wp-json\/wp\/v2\/types\/post"}],"author":[{"embeddable":true,"href":"https:\/\/www.europesays.com\/fr\/wp-json\/wp\/v2\/users\/2"}],"replies":[{"embeddable":true,"href":"https:\/\/www.europesays.com\/fr\/wp-json\/wp\/v2\/comments?post=329576"}],"version-history":[{"count":0,"href":"https:\/\/www.europesays.com\/fr\/wp-json\/wp\/v2\/posts\/329576\/revisions"}],"wp:featuredmedia":[{"embeddable":true,"href":"https:\/\/www.europesays.com\/fr\/wp-json\/wp\/v2\/media\/64808"}],"wp:attachment":[{"href":"https:\/\/www.europesays.com\/fr\/wp-json\/wp\/v2\/media?parent=329576"}],"wp:term":[{"taxonomy":"category","embeddable":true,"href":"https:\/\/www.europesays.com\/fr\/wp-json\/wp\/v2\/categories?post=329576"},{"taxonomy":"post_tag","embeddable":true,"href":"https:\/\/www.europesays.com\/fr\/wp-json\/wp\/v2\/tags?post=329576"}],"curies":[{"name":"wp","href":"https:\/\/api.w.org\/{rel}","templated":true}]}}