{"id":329581,"date":"2025-08-19T15:23:16","date_gmt":"2025-08-19T15:23:16","guid":{"rendered":"https:\/\/www.europesays.com\/fr\/329581\/"},"modified":"2025-08-19T15:23:16","modified_gmt":"2025-08-19T15:23:16","slug":"un-petit-bout-de-lasse-pour-les-fans-explique-president-de-socios-verts","status":"publish","type":"post","link":"https:\/\/www.europesays.com\/fr\/329581\/","title":{"rendered":"\u201cUn petit bout de l\u2019ASSE pour les fans\u201d, explique pr\u00e9sident de Socios Verts"},"content":{"rendered":"<p>AS Saint-\u00c9tienne : \u201cUn petit bout de l\u2019ASSE pour les fans\u201d, explique pr\u00e9sident de Socios Verts Sur le m\u00eame sujet<a href=\"https:\/\/rmcsport.bfmtv.com\/football\/ligue-2\/video-as-saint-etienne-un-petit-bout-de-l-asse-pour-les-fans-explique-president-de-socios-verts_VN-202508190426.html\" title=\"AS Saint-\u00c9tienne : \u201cUn petit bout de l\u2019ASSE pour les fans\u201d, explique pr\u00e9sident de Socios Verts\" rel=\"nofollow noopener\" target=\"_blank\"><img class=\"lozad\"  width=\"16\" height=\"9\" alt=\"AS Saint-\u00c9tienne : \u201cUn petit bout de l\u2019ASSE pour les fans\u201d, explique pr\u00e9sident de Socios Verts\"\/>en lectureAS Saint-\u00c9tienne : \u201cUn petit bout de l\u2019ASSE pour les fans\u201d, explique pr\u00e9sident de Socios Verts<\/a><a href=\"https:\/\/rmcsport.bfmtv.com\/football\/transferts\/video-bade-maupay-lepaul-les-5-infos-mercato-du-mardi-19-aout-a-12h_VN-202508190280.html\" title=\"Bad\u00e9, Maupay, Lepaul... Les 5 infos mercato du mardi 19 ao\u00fbt \u00e0 12h\" rel=\"nofollow noopener\" target=\"_blank\"><img class=\"lozad\"  width=\"16\" height=\"9\" alt=\"Bad\u00e9, Maupay, Lepaul... Les 5 infos mercato du mardi 19 ao\u00fbt \u00e0 12h\"\/>0:57Bad\u00e9, Maupay, Lepaul&#8230; Les 5 infos mercato du mardi 19 ao\u00fbt \u00e0 12h<\/a><a href=\"https:\/\/rmcsport.bfmtv.com\/football\/ligue-2\/video-fc-93-il-faut-aller-jusqu-au-bout-le-combat-de-sefyu-pour-integrer-le-national_VN-202508140535.html\" title=\"FC 93 : &quot;Il faut aller jusqu&#039;au bout&quot;, le combat de Sefyu pour int\u00e9grer le National\" rel=\"nofollow noopener\" target=\"_blank\"><img class=\"lozad\"  width=\"16\" height=\"9\" alt=\"FC 93 : &quot;Il faut aller jusqu'au bout&quot;, le combat de Sefyu pour int\u00e9grer le National\"\/>13:31FC 93 : \u00ab\u00a0Il faut aller jusqu&rsquo;au bout\u00a0\u00bb, le combat de Sefyu pour int\u00e9grer le National<\/a><a href=\"https:\/\/rmcsport.bfmtv.com\/replay-emissions\/after-foot\/video-ligue-2-ce-n-est-pas-si-facile-pour-les-gros-clubs-comme-montpellier-ou-l-asse-assure-diaz_VN-202508100130.html\" title=\"Ligue 2 : &quot;Ce n\u2019est pas si facile pour les gros clubs comme Montpellier ou l\u2019ASSE&quot;, assure Diaz\" rel=\"nofollow noopener\" target=\"_blank\"><img class=\"lozad\"  width=\"16\" height=\"9\" alt=\"Ligue 2 : &quot;Ce n\u2019est pas si facile pour les gros clubs comme Montpellier ou l\u2019ASSE&quot;, assure Diaz\"\/>24:35Ligue 2 : \u00ab\u00a0Ce n\u2019est pas si facile pour les gros clubs comme Montpellier ou l\u2019ASSE\u00a0\u00bb, assure Diaz<\/a><a href=\"https:\/\/rmcsport.bfmtv.com\/replay-emissions\/integrale-sport\/video-la-pour-creer-un-desordre-nancy-volonte-assumee-en-ligue-2_VN-202508080430.html\" title=\"&quot;L\u00e0 pour cr\u00e9er un d\u00e9sordre&quot;, Nancy volont\u00e9 assum\u00e9e en Ligue 2\" rel=\"nofollow noopener\" target=\"_blank\"><img class=\"lozad\"  width=\"16\" height=\"9\" alt=\"&quot;L\u00e0 pour cr\u00e9er un d\u00e9sordre&quot;, Nancy volont\u00e9 assum\u00e9e en Ligue 2\"\/>14:22&Prime;L\u00e0 pour cr\u00e9er un d\u00e9sordre\u00a0\u00bb, Nancy volont\u00e9 assum\u00e9e en Ligue 2<\/a><a href=\"https:\/\/rmcsport.bfmtv.com\/football\/ligue-2\/video-us-boulogne-legitimes-pour-monter-en-ligue-2-souligne-le-president-boutillier_VN-202508070492.html\" title=\"US Boulogne : &quot;L\u00e9gitimes pour monter en Ligue 2&quot; souligne le pr\u00e9sident Boutillier\" rel=\"nofollow noopener\" target=\"_blank\"><img class=\"lozad\"  width=\"16\" height=\"9\" alt=\"US Boulogne : &quot;L\u00e9gitimes pour monter en Ligue 2&quot; souligne le pr\u00e9sident Boutillier\"\/>12:27US Boulogne : \u00ab\u00a0L\u00e9gitimes pour monter en Ligue 2\u00a0\u00bb souligne le pr\u00e9sident Boutillier<\/a><a href=\"https:\/\/rmcsport.bfmtv.com\/football\/ligue-2\/video-montpellier-on-est-en-reconstruction-previent-camara-avant-le-debut-de-saison-en-ligue-2_VN-202508070388.html\" title=\"Montpellier : &quot;On est en reconstruction&quot; pr\u00e9vient Camara avant le d\u00e9but de saison en Ligue 2\" rel=\"nofollow noopener\" target=\"_blank\"><img class=\"lozad\"  width=\"16\" height=\"9\" alt=\"Montpellier : &quot;On est en reconstruction&quot; pr\u00e9vient Camara avant le d\u00e9but de saison en Ligue 2\"\/>1:07Montpellier : \u00ab\u00a0On est en reconstruction\u00a0\u00bb pr\u00e9vient Camara avant le d\u00e9but de saison en Ligue 2<\/a><a href=\"https:\/\/rmcsport.bfmtv.com\/replay-emissions\/after-foot\/video-le-mans-notre-budget-n-a-pas-change-et-ne-changera-pas-assure-thierry-gomez_VN-202508020318.html\" title=\"Le Mans : &quot;Notre budget n&#039;a pas chang\u00e9, et ne changera pas&quot; assure Thierry Gomez\" rel=\"nofollow noopener\" target=\"_blank\"><img class=\"lozad\"  width=\"16\" height=\"9\" alt=\"Le Mans : &quot;Notre budget n'a pas chang\u00e9, et ne changera pas&quot; assure Thierry Gomez\"\/>16:48Le Mans : \u00ab\u00a0Notre budget n&rsquo;a pas chang\u00e9, et ne changera pas\u00a0\u00bb assure Thierry Gomez<\/a><a href=\"https:\/\/rmcsport.bfmtv.com\/football\/ligue-2\/video-ligue-2-nouveau-partenaire-financier-pour-le-mans-nouvelles-ambitions-a-venir_VN-202508020210.html\" title=\"Ligue 2 : Nouveau partenaire financier pour Le Mans, nouvelles ambitions \u00e0 venir ?\" rel=\"nofollow noopener\" target=\"_blank\"><img class=\"lozad\"  width=\"16\" height=\"9\" alt=\"Ligue 2 : Nouveau partenaire financier pour Le Mans, nouvelles ambitions \u00e0 venir ?\"\/>4:01Ligue 2 : Nouveau partenaire financier pour Le Mans, nouvelles ambitions \u00e0 venir ?<\/a><a href=\"https:\/\/rmcsport.bfmtv.com\/replay-emissions\/after-foot\/video-je-veux-des-reponses-pour-mon-club-le-coup-de-gueule-du-president-de-boulogne-sur-mer_VN-202508010492.html\" title=\"&quot;Je veux des r\u00e9ponses pour mon club&quot;, le coup de gueule du pr\u00e9sident de Boulogne-sur-Mer\" rel=\"nofollow noopener\" target=\"_blank\"><img class=\"lozad\"  width=\"16\" height=\"9\" alt=\"&quot;Je veux des r\u00e9ponses pour mon club&quot;, le coup de gueule du pr\u00e9sident de Boulogne-sur-Mer\"\/>12:16&Prime;Je veux des r\u00e9ponses pour mon club\u00a0\u00bb, le coup de gueule du pr\u00e9sident de Boulogne-sur-Mer<\/a><a href=\"https:\/\/rmcsport.bfmtv.com\/football\/ligue-1\/video-l-ol-en-ligue-2-tout-sera-fait-pour-inverser-la-decision-aulas-entre-optimisme-et-inquietude_VN-202507030846.html\" title=\"L&#039;OL en Ligue 2 : &quot;Tout sera fait pour inverser la d\u00e9cision&quot;, Aulas entre optimisme et inqui\u00e9tude\" rel=\"nofollow noopener\" target=\"_blank\"><img class=\"lozad\"  width=\"16\" height=\"9\" alt=\"L'OL en Ligue 2 : &quot;Tout sera fait pour inverser la d\u00e9cision&quot;, Aulas entre optimisme et inqui\u00e9tude\"\/>1:45L&rsquo;OL en Ligue 2 : \u00ab\u00a0Tout sera fait pour inverser la d\u00e9cision\u00a0\u00bb, Aulas entre optimisme et inqui\u00e9tude<\/a><a href=\"https:\/\/rmcsport.bfmtv.com\/football\/ligue-1\/video-ol-pierre-sage-se-livre-sur-la-retrogradation-administrative-de-son-ancien-club_VN-202506300454.html\" title=\"OL : Pierre Sage se livre sur la r\u00e9trogradation administrative de son ancien club\" rel=\"nofollow noopener\" target=\"_blank\"><img class=\"lozad\"  width=\"16\" height=\"9\" alt=\"OL : Pierre Sage se livre sur la r\u00e9trogradation administrative de son ancien club\"\/>1:20OL : Pierre Sage se livre sur la r\u00e9trogradation administrative de son ancien club<\/a><a href=\"https:\/\/rmcsport.bfmtv.com\/replay-emissions\/after-foot\/video-ol-meme-si-lyon-ne-va-pas-en-ligue-2-ca-ne-sent-pas-bon-estime-riolo_VN-202506260276.html\" title=\"OL : \u201cM\u00eame si Lyon ne va pas en Ligue 2, \u00e7a ne sent pas bon...\u201d, estime Riolo\" rel=\"nofollow noopener\" target=\"_blank\"><img class=\"lozad\"  width=\"16\" height=\"9\" alt=\"OL : \u201cM\u00eame si Lyon ne va pas en Ligue 2, \u00e7a ne sent pas bon...\u201d, estime Riolo\"\/>1:44OL : \u201cM\u00eame si Lyon ne va pas en Ligue 2, \u00e7a ne sent pas bon&#8230;\u201d, estime Riolo<\/a><a href=\"https:\/\/rmcsport.bfmtv.com\/replay-emissions\/after-foot\/video-after-foot-l-ol-en-ligue-2-vers-un-retrait-de-textor-pour-eviter-la-faillite_VN-202506250828.html\" title=\"After foot : L&#039;OL en Ligue 2... vers un retrait de Textor pour &quot;\u00e9viter la faillite&quot;\" rel=\"nofollow noopener\" target=\"_blank\"><img class=\"lozad\"  width=\"16\" height=\"9\" alt=\"After foot : L'OL en Ligue 2... vers un retrait de Textor pour &quot;\u00e9viter la faillite&quot;\"\/>33:09After foot : L&rsquo;OL en Ligue 2&#8230; vers un retrait de Textor pour \u00ab\u00a0\u00e9viter la faillite\u00a0\u00bb<\/a><a class=\"jumpToVideo\" target=\"_blank\"><img class=\"thumbnailPreview\"\/><\/a><\/p>\n","protected":false},"excerpt":{"rendered":"AS Saint-\u00c9tienne : \u201cUn petit bout de l\u2019ASSE pour les fans\u201d, explique pr\u00e9sident de Socios Verts Sur le&hellip;\n","protected":false},"author":2,"featured_media":329582,"comment_status":"","ping_status":"","sticky":false,"template":"","format":"standard","meta":{"footnotes":""},"categories":[9653],"tags":[1111,11,2430,1777,674,1011,27,12,25,4001],"class_list":{"0":"post-329581","1":"post","2":"type-post","3":"status-publish","4":"format-standard","5":"has-post-thumbnail","7":"category-saint-etienne","8":"tag-actu","9":"tag-actualites","10":"tag-auvergne-rhone-alpes","11":"tag-eu","12":"tag-europe","13":"tag-fr","14":"tag-france","15":"tag-news","16":"tag-republique-francaise","17":"tag-saint-etienne"},"share_on_mastodon":{"url":"https:\/\/pubeurope.com\/@fr\/115056122522881268","error":""},"_links":{"self":[{"href":"https:\/\/www.europesays.com\/fr\/wp-json\/wp\/v2\/posts\/329581","targetHints":{"allow":["GET"]}}],"collection":[{"href":"https:\/\/www.europesays.com\/fr\/wp-json\/wp\/v2\/posts"}],"about":[{"href":"https:\/\/www.europesays.com\/fr\/wp-json\/wp\/v2\/types\/post"}],"author":[{"embeddable":true,"href":"https:\/\/www.europesays.com\/fr\/wp-json\/wp\/v2\/users\/2"}],"replies":[{"embeddable":true,"href":"https:\/\/www.europesays.com\/fr\/wp-json\/wp\/v2\/comments?post=329581"}],"version-history":[{"count":0,"href":"https:\/\/www.europesays.com\/fr\/wp-json\/wp\/v2\/posts\/329581\/revisions"}],"wp:featuredmedia":[{"embeddable":true,"href":"https:\/\/www.europesays.com\/fr\/wp-json\/wp\/v2\/media\/329582"}],"wp:attachment":[{"href":"https:\/\/www.europesays.com\/fr\/wp-json\/wp\/v2\/media?parent=329581"}],"wp:term":[{"taxonomy":"category","embeddable":true,"href":"https:\/\/www.europesays.com\/fr\/wp-json\/wp\/v2\/categories?post=329581"},{"taxonomy":"post_tag","embeddable":true,"href":"https:\/\/www.europesays.com\/fr\/wp-json\/wp\/v2\/tags?post=329581"}],"curies":[{"name":"wp","href":"https:\/\/api.w.org\/{rel}","templated":true}]}}