{"id":329585,"date":"2025-08-19T15:25:19","date_gmt":"2025-08-19T15:25:19","guid":{"rendered":"https:\/\/www.europesays.com\/fr\/329585\/"},"modified":"2025-08-19T15:25:19","modified_gmt":"2025-08-19T15:25:19","slug":"je-suis-a-ses-cotes-sur-le-terrain-cette-fois-nancy-paquet-devient-adjointe-du-coach-des-hornets","status":"publish","type":"post","link":"https:\/\/www.europesays.com\/fr\/329585\/","title":{"rendered":"\u00ab\u00a0Je suis \u00e0 ses c\u00f4t\u00e9s, sur le terrain cette fois\u00a0\u00bb: Nancy Paquet devient adjointe du coach des Hornets"},"content":{"rendered":"<p>L\u2019histoire n\u2019est pas banale, peut-\u00eatre in\u00e9dite. Pour \u00e9pauler Daniel Paquet, le coach des handibasketteurs du Cannet depuis dix saisons, Nancy, son \u00e9pouse, a accept\u00e9 d\u2019\u00eatre son adjointe pour la prochaine saison.<\/p>\n<p>Ancienne joueuse de handball avant de se lancer dans la formation des jeunes, Nancy Paquet a le coaching dans le sang: \u00ab\u00a0J\u2019ai toujours voulu encadrer, entra\u00eener et, apr\u00e8s le hand, j\u2019ai choisi le basket o\u00f9 j\u2019ai fait mes premiers pas \u00e0 Antibes avec l\u2019\u00e9cole de basket puis la s\u00e9lection d\u00e9partementale et r\u00e9gionale.\u00a0\u00bb<\/p>\n<p>Ensuite, c\u2019est au CBO, le club cannois, que la future adjointe des Hornets poursuit son exp\u00e9rience avant de faire une pause pour raison de sant\u00e9. Fid\u00e8le supportrice des Hornets depuis que son mari dirige l\u2019\u00e9quipe, Nancy a accept\u00e9 de se lancer dans une nouvelle aventure humaine.<\/p>\n<p>\u00ab\u00a0Daniel m\u2019avait demand\u00e9 de l\u2019aider sur la\u00a0 Coupe de France (\u00e0 Limoges) puis sur la Coupe d\u2019Europe en Espagne (les Hornets ont termin\u00e9 vice-champions d\u2019Europe) et, comme cela s\u2019est bien pass\u00e9, la d\u00e9cision d\u2019\u00eatre son adjointe \u00e0 plein temps s\u2019est prise tout naturellement\u00a0\u00bb, explique-t-elle.<\/p>\n<p>D\u00e9couvrir l\u2019\u00e9quipe au complet le 5 septembre <\/p>\n<p>Un \u00ab\u00a0mariage\u00a0\u00bb sportif que Nancy aborde en toute s\u00e9r\u00e9nit\u00e9. \u00ab\u00a0Avec Daniel, on parle le m\u00eame langage et, souvent, on n\u2019a m\u00eame pas besoin de se parler pour se comprendre, assure-t-elle. Alors certes, le sujet basket sera encore plus pr\u00e9sent \u00e0 la maison mais on sait aussi o\u00f9 chacun \u00e0 sa place dans le groupe. Je serai l\u00e0 pour all\u00e9ger les charges qu\u2019il ne pouvait plus g\u00e9rer seul \u00e0 ce niveau et avec les comp\u00e9titions qui vont s\u2019encha\u00eener\u00a0\u00bb. Voil\u00e0 donc un nouveau challenge qui attend le couple d\u2019entra\u00eeneurs des Hornets.<\/p>\n<p>La reprise des entra\u00eenements est pr\u00e9vue mardi 26 ao\u00fbt, sans Ivan Toscano qui a rejoint le club italien de Porto Torres, ni Thomas Delattre, parti \u00e0 Hy\u00e8res pour des raisons personnelles. En revanche, Alexis Ramonet, de retour au club, sera bien sur le terrain pour attaquer une saison dont le coup d\u2019envoi sera donn\u00e9 le 1er novembre en raison des championnats d\u2019Europe qui se d\u00e9rouleront du 7 au 19 octobre \u00e0 Sarajevo (Bosnie). Pour ce match d\u2019ouverture, les Hornets seront en d\u00e9placement \u00e0 Lannion.<\/p>\n<p>Avant cela, ceux qui veulent d\u00e9couvrir l\u2019\u00e9quipe au complet sont invit\u00e9s \u00e0 prendre le chemin du gymnase Maillan du Cannet, vendredi 5 septembre, \u00e0 19 heures. \u00c0 l\u2019occasion d\u2019un match de pr\u00e9paration des Sharks d\u2019Antibes (contre Nancy, Meurthe-et-Moselle), la pr\u00e9sentation des Hornets se fera \u00e0 la mi-temps (entr\u00e9e gratuite).<\/p>\n","protected":false},"excerpt":{"rendered":"L\u2019histoire n\u2019est pas banale, peut-\u00eatre in\u00e9dite. Pour \u00e9pauler Daniel Paquet, le coach des handibasketteurs du Cannet depuis dix&hellip;\n","protected":false},"author":2,"featured_media":329586,"comment_status":"","ping_status":"","sticky":false,"template":"","format":"standard","meta":{"footnotes":""},"categories":[9635],"tags":[1111,11,1465,1777,674,1011,27,775,1702,12,25,60],"class_list":{"0":"post-329585","1":"post","2":"type-post","3":"status-publish","4":"format-standard","5":"has-post-thumbnail","7":"category-nancy","8":"tag-actu","9":"tag-actualites","10":"tag-basket","11":"tag-eu","12":"tag-europe","13":"tag-fr","14":"tag-france","15":"tag-grand-est","16":"tag-nancy","17":"tag-news","18":"tag-republique-francaise","19":"tag-sports"},"share_on_mastodon":{"url":"https:\/\/pubeurope.com\/@fr\/115056130360876721","error":""},"_links":{"self":[{"href":"https:\/\/www.europesays.com\/fr\/wp-json\/wp\/v2\/posts\/329585","targetHints":{"allow":["GET"]}}],"collection":[{"href":"https:\/\/www.europesays.com\/fr\/wp-json\/wp\/v2\/posts"}],"about":[{"href":"https:\/\/www.europesays.com\/fr\/wp-json\/wp\/v2\/types\/post"}],"author":[{"embeddable":true,"href":"https:\/\/www.europesays.com\/fr\/wp-json\/wp\/v2\/users\/2"}],"replies":[{"embeddable":true,"href":"https:\/\/www.europesays.com\/fr\/wp-json\/wp\/v2\/comments?post=329585"}],"version-history":[{"count":0,"href":"https:\/\/www.europesays.com\/fr\/wp-json\/wp\/v2\/posts\/329585\/revisions"}],"wp:featuredmedia":[{"embeddable":true,"href":"https:\/\/www.europesays.com\/fr\/wp-json\/wp\/v2\/media\/329586"}],"wp:attachment":[{"href":"https:\/\/www.europesays.com\/fr\/wp-json\/wp\/v2\/media?parent=329585"}],"wp:term":[{"taxonomy":"category","embeddable":true,"href":"https:\/\/www.europesays.com\/fr\/wp-json\/wp\/v2\/categories?post=329585"},{"taxonomy":"post_tag","embeddable":true,"href":"https:\/\/www.europesays.com\/fr\/wp-json\/wp\/v2\/tags?post=329585"}],"curies":[{"name":"wp","href":"https:\/\/api.w.org\/{rel}","templated":true}]}}