{"id":329589,"date":"2025-08-19T15:28:10","date_gmt":"2025-08-19T15:28:10","guid":{"rendered":"https:\/\/www.europesays.com\/fr\/329589\/"},"modified":"2025-08-19T15:28:10","modified_gmt":"2025-08-19T15:28:10","slug":"montpellier-vol-de-velo-electrique-et-fausse-identite","status":"publish","type":"post","link":"https:\/\/www.europesays.com\/fr\/329589\/","title":{"rendered":"Montpellier : vol de v\u00e9lo \u00e9lectrique et fausse identit\u00e9"},"content":{"rendered":"<p>La victime prend contact avec la police pour signaler que son v\u00e9lo appara\u00eet g\u00e9olocalis\u00e9 dans le quartier de La Rauze. Sur place, il aper\u00e7oit deux personnes, dont l\u2019une ressemble fortement \u00e0 l\u2019homme aper\u00e7u sur la vid\u00e9o. Apr\u00e8s une discussion avec cet individu, qui nie les faits, la victime compose le 17 pour pr\u00e9venir les forces de l\u2019ordre. Vers 20 heures, une \u00e9quipe de police se rend sur place. La vid\u00e9o est montr\u00e9e aux fonctionnaires, qui reconnaissent le suspect. Celui-ci est aussit\u00f4t interpell\u00e9 et plac\u00e9 en garde \u00e0 vue.<\/p>\n","protected":false},"excerpt":{"rendered":"La victime prend contact avec la police pour signaler que son v\u00e9lo appara\u00eet g\u00e9olocalis\u00e9 dans le quartier de&hellip;\n","protected":false},"author":2,"featured_media":306378,"comment_status":"","ping_status":"","sticky":false,"template":"","format":"standard","meta":{"footnotes":""},"categories":[9599],"tags":[1111,11,1777,674,1011,27,2208,12,2680,25],"class_list":{"0":"post-329589","1":"post","2":"type-post","3":"status-publish","4":"format-standard","5":"has-post-thumbnail","7":"category-montpellier","8":"tag-actu","9":"tag-actualites","10":"tag-eu","11":"tag-europe","12":"tag-fr","13":"tag-france","14":"tag-montpellier","15":"tag-news","16":"tag-occitanie","17":"tag-republique-francaise"},"share_on_mastodon":{"url":"https:\/\/pubeurope.com\/@fr\/115056142242926983","error":""},"_links":{"self":[{"href":"https:\/\/www.europesays.com\/fr\/wp-json\/wp\/v2\/posts\/329589","targetHints":{"allow":["GET"]}}],"collection":[{"href":"https:\/\/www.europesays.com\/fr\/wp-json\/wp\/v2\/posts"}],"about":[{"href":"https:\/\/www.europesays.com\/fr\/wp-json\/wp\/v2\/types\/post"}],"author":[{"embeddable":true,"href":"https:\/\/www.europesays.com\/fr\/wp-json\/wp\/v2\/users\/2"}],"replies":[{"embeddable":true,"href":"https:\/\/www.europesays.com\/fr\/wp-json\/wp\/v2\/comments?post=329589"}],"version-history":[{"count":0,"href":"https:\/\/www.europesays.com\/fr\/wp-json\/wp\/v2\/posts\/329589\/revisions"}],"wp:featuredmedia":[{"embeddable":true,"href":"https:\/\/www.europesays.com\/fr\/wp-json\/wp\/v2\/media\/306378"}],"wp:attachment":[{"href":"https:\/\/www.europesays.com\/fr\/wp-json\/wp\/v2\/media?parent=329589"}],"wp:term":[{"taxonomy":"category","embeddable":true,"href":"https:\/\/www.europesays.com\/fr\/wp-json\/wp\/v2\/categories?post=329589"},{"taxonomy":"post_tag","embeddable":true,"href":"https:\/\/www.europesays.com\/fr\/wp-json\/wp\/v2\/tags?post=329589"}],"curies":[{"name":"wp","href":"https:\/\/api.w.org\/{rel}","templated":true}]}}