{"id":329594,"date":"2025-08-19T15:33:15","date_gmt":"2025-08-19T15:33:15","guid":{"rendered":"https:\/\/www.europesays.com\/fr\/329594\/"},"modified":"2025-08-19T15:33:15","modified_gmt":"2025-08-19T15:33:15","slug":"pourquoi-lintersyndicale-de-lafiph-est-vent-debout-contre-sa-direction","status":"publish","type":"post","link":"https:\/\/www.europesays.com\/fr\/329594\/","title":{"rendered":"pourquoi l\u2019intersyndicale de l\u2019Afiph est vent debout contre sa direction"},"content":{"rendered":"<p>\u00ab\u00a0On ne veut pas devenir maltraitantes du fait de nos conditions de travail. On n\u2019a plus de motivation, c\u2019est comme si on nous amputait de 15 \u00e0 20\u00a0% de notre salaire.\u00a0\u00bb<\/p>\n<p>Anne Pierre, aide-soignante, et Manon Young, infirmi\u00e8re, travaillent au foyer Grand ouest de Beaurepaire et poss\u00e8dent des responsabilit\u00e9s au sein du CSE de l\u2019Afiph, l\u2019Association familiale de l\u2019Is\u00e8re pour personnes handicap\u00e9es.<\/p>\n<p>Pr\u00e9sente \u00e0&#8230;<\/p>\n","protected":false},"excerpt":{"rendered":"\u00ab\u00a0On ne veut pas devenir maltraitantes du fait de nos conditions de travail. On n\u2019a plus de motivation,&hellip;\n","protected":false},"author":2,"featured_media":329595,"comment_status":"","ping_status":"","sticky":false,"template":"","format":"standard","meta":{"footnotes":""},"categories":[9566],"tags":[1111,11,2430,36460,117,12919,31403,9671,768,9852,115,112,113,116,111,114,1777,674,1011,27,2731,1943,108,46705,25266,15281,46704,42867,46706,9597,21292,12,25823,25,46703,275,9448,25264,25814,71,801,104,34510,1584,32345,17658,35595,7831,19641],"class_list":{"0":"post-329594","1":"post","2":"type-post","3":"status-publish","4":"format-standard","5":"has-post-thumbnail","7":"category-grenoble","8":"tag-actu","9":"tag-actualites","10":"tag-auvergne-rhone-alpes","11":"tag-beaurepaire","12":"tag-bievre","13":"tag-bourgoin-jallieu","14":"tag-champ-sur-drac","15":"tag-conflit-social","16":"tag-coublevie","17":"tag-echirolles","18":"tag-edition-bourgoin-jallieu-nord-dauphine","19":"tag-edition-grenoble-agglomeration","20":"tag-edition-gresivaudan-oisans","21":"tag-edition-la-tour-du-pin-nord-dauphine","22":"tag-edition-vienne-roussillon","23":"tag-edition-voiron-saint-marcellin","24":"tag-eu","25":"tag-europe","26":"tag-fr","27":"tag-france","28":"tag-grenoble","29":"tag-handicap","30":"tag-isere","31":"tag-la-buisse","32":"tag-la-mure","33":"tag-la-tour-du-pin","34":"tag-le-peage-de-roussillon","35":"tag-le-touvet","36":"tag-lumbin","37":"tag-meylan","38":"tag-moirans","39":"tag-news","40":"tag-pont-eveque","41":"tag-republique-francaise","42":"tag-saint-clair-de-la-tour","43":"tag-saint-egreve","44":"tag-saint-martin-dheres","45":"tag-saint-maurice-lexil","46":"tag-saint-victor-de-cessieu","47":"tag-sante","48":"tag-social","49":"tag-societe","50":"tag-susville","51":"tag-vienne","52":"tag-villard-de-lans","53":"tag-vinay","54":"tag-vizille","55":"tag-voiron","56":"tag-voreppe"},"share_on_mastodon":{"url":"","error":"Validation failed: Text character limit of 500 exceeded"},"_links":{"self":[{"href":"https:\/\/www.europesays.com\/fr\/wp-json\/wp\/v2\/posts\/329594","targetHints":{"allow":["GET"]}}],"collection":[{"href":"https:\/\/www.europesays.com\/fr\/wp-json\/wp\/v2\/posts"}],"about":[{"href":"https:\/\/www.europesays.com\/fr\/wp-json\/wp\/v2\/types\/post"}],"author":[{"embeddable":true,"href":"https:\/\/www.europesays.com\/fr\/wp-json\/wp\/v2\/users\/2"}],"replies":[{"embeddable":true,"href":"https:\/\/www.europesays.com\/fr\/wp-json\/wp\/v2\/comments?post=329594"}],"version-history":[{"count":0,"href":"https:\/\/www.europesays.com\/fr\/wp-json\/wp\/v2\/posts\/329594\/revisions"}],"wp:featuredmedia":[{"embeddable":true,"href":"https:\/\/www.europesays.com\/fr\/wp-json\/wp\/v2\/media\/329595"}],"wp:attachment":[{"href":"https:\/\/www.europesays.com\/fr\/wp-json\/wp\/v2\/media?parent=329594"}],"wp:term":[{"taxonomy":"category","embeddable":true,"href":"https:\/\/www.europesays.com\/fr\/wp-json\/wp\/v2\/categories?post=329594"},{"taxonomy":"post_tag","embeddable":true,"href":"https:\/\/www.europesays.com\/fr\/wp-json\/wp\/v2\/tags?post=329594"}],"curies":[{"name":"wp","href":"https:\/\/api.w.org\/{rel}","templated":true}]}}