{"id":329598,"date":"2025-08-19T15:35:10","date_gmt":"2025-08-19T15:35:10","guid":{"rendered":"https:\/\/www.europesays.com\/fr\/329598\/"},"modified":"2025-08-19T15:35:10","modified_gmt":"2025-08-19T15:35:10","slug":"rennes-avez-vous-remarque-cette-couche-de-poussiere-noire-sur-les-voitures-on-vous-explique-ce-que-cest","status":"publish","type":"post","link":"https:\/\/www.europesays.com\/fr\/329598\/","title":{"rendered":"Rennes. Avez-vous remarqu\u00e9 cette couche de poussi\u00e8re noire sur les voitures ? On vous explique ce que c&rsquo;est"},"content":{"rendered":"<p>            Par<br \/>\n        <strong><br \/>\n            <a href=\"https:\/\/actu.fr\/auteur\/lou-batteux\" title=\"Consulter tous les articles de Lou Batteux\" target=\"_blank\" rel=\"noopener\">Lou Batteux<\/a><br \/>\n        <\/strong><\/p>\n<p>        Publi\u00e9 le<\/p>\n<p>            19 ao\u00fbt 2025 \u00e0 17h08        <\/p>\n<p>En ce week-end caniculaire du 15\u00a0ao\u00fbt, <a href=\"https:\/\/actu.fr\/bretagne\/rennes_35238\/c-est-bizarre-c-est-tout-blanc-pourquoi-le-ciel-n-est-pas-bleu-en-bretagne-malgre-la-canicule_63043302.html\" target=\"_blank\" rel=\"noopener\">le ciel, pourtant ensoleill\u00e9, n\u2019\u00e9tait pas bleu, mais blanc<\/a>. Depuis, <strong>une pellicule de poussi\u00e8re<\/strong> plus ou moins fonc\u00e9e recouvre les voitures des Rennais.<\/p>\n<p class=\" wall-content\">\u00ab\u2009Ces r\u00e9sidus sont li\u00e9s aux <a href=\"https:\/\/actu.fr\/monde\/violents-incendies-en-espagne-et-au-portugal-plusieurs-pompiers-tues-des-milliers-d-hectares-ravages_63045240.html\" target=\"_blank\" rel=\"noopener\">incendies en cours au Portugal et en Espagne\u2009\u00bb<\/a>, explique S\u00e9bastien Decaux, m\u00e9t\u00e9orologue pour M\u00e9t\u00e9o Bretagne. \u00ab\u2009La suie apporte un d\u00e9p\u00f4t\u2009\u00bb jusque dans la r\u00e9gion du nord de la France. Mais ce n\u2019est pas tout, <strong>du sable en provenance du Sahara<\/strong> s\u2019ajoute aussi \u00e0 ces cendres.<\/p>\n<p>Une poussi\u00e8re polluante\u2009?<\/p>\n<p class=\" wall-content\">Rassurez-vous, ces particules ne sont \u00ab\u2009apparemment <strong>pas toxiques\u2009\u00bb<\/strong>, selon le m\u00e9t\u00e9orologue. En effet, aucune alerte n\u2019a \u00e9t\u00e9 lanc\u00e9e par l\u2019organisme <strong>Air Breizh<\/strong> qui rel\u00e8ve une qualit\u00e9 de l\u2019air \u00ab\u2009entre bonne et moyenne\u2009\u00bb ces derniers jours.<\/p>\n<blockquote class=\"ac-article-quote wall-content\">\n<p>Si l&rsquo;indice de la qualit\u00e9 de l&rsquo;air a faibli ces derniers jours, c&rsquo;est surtout \u00e0 cause de la pr\u00e9sence importante d\u2019ozone dans l&rsquo;atmosph\u00e8re en raison des fortes chaleurs.<\/p>\n<p>    <strong>Alain Laplanche<\/strong><br \/>\n        Pr\u00e9sident d&rsquo;Air Breizh    <\/p><\/blockquote>\n<p class=\" wall-content\">En gros, cette poussi\u00e8re noire ne semble donc <strong>pas avoir d\u2019impact<\/strong> polluant. \u00ab\u2009Ce n\u2019est <strong>que du panache<\/strong>, on n\u2019est pas suffisamment \u00e0 proximit\u00e9 des incendies pour \u00eatre r\u00e9ellement impact\u00e9s\u2009\u00bb, indique Alain Laplanche, le pr\u00e9sident d\u2019Air Breizh.<\/p>\n<p class=\" wall-content\">La salet\u00e9 devrait bient\u00f4t dispara\u00eetre. \u00ab\u2009Avec le vent et la pluie, <strong>la poussi\u00e8re s\u2019en ira d\u2019ici mercredi 20\u00a0ao\u00fbt\u2009\u00bb<\/strong>, note S\u00e9bastien Decaux. \u00ab\u2009La pluie va laver le ciel\u2009\u00bb, se r\u00e9jouit-il.<\/p>\n<p class=\" wall-content\">Personnalisez votre actualit\u00e9 en ajoutant vos villes et m\u00e9dias en favori avec <a href=\"https:\/\/moncompte.actu.fr\" title=\"D\u00e9couvez Mon Actu\" rel=\"nofollow noopener\" data-trk=\"{&quot;cta&quot;:{&quot;action&quot;:&quot;https:\\\/\\\/moncompte.actu.fr&quot;,&quot;category&quot;:&quot;mon compte&quot;,&quot;from&quot;:&quot;article footer&quot;,&quot;name&quot;:&quot;Mon actu&quot;,&quot;type&quot;:&quot;cta&quot;}}\" target=\"_blank\">Mon Actu<\/a>.<\/p>\n","protected":false},"excerpt":{"rendered":"Par Lou Batteux Publi\u00e9 le 19 ao\u00fbt 2025 \u00e0 17h08 En ce week-end caniculaire du 15\u00a0ao\u00fbt, le ciel,&hellip;\n","protected":false},"author":2,"featured_media":329599,"comment_status":"","ping_status":"","sticky":false,"template":"","format":"standard","meta":{"footnotes":""},"categories":[2821],"tags":[1111,11,829,6698,1777,674,1011,27,1310,2487,12,1800,584,25],"class_list":{"0":"post-329598","1":"post","2":"type-post","3":"status-publish","4":"format-standard","5":"has-post-thumbnail","7":"category-rennes","8":"tag-actu","9":"tag-actualites","10":"tag-bretagne","11":"tag-canicule","12":"tag-eu","13":"tag-europe","14":"tag-fr","15":"tag-france","16":"tag-incendie","17":"tag-meteo","18":"tag-news","19":"tag-pollution","20":"tag-rennes","21":"tag-republique-francaise"},"share_on_mastodon":{"url":"https:\/\/pubeurope.com\/@fr\/115056169771882638","error":""},"_links":{"self":[{"href":"https:\/\/www.europesays.com\/fr\/wp-json\/wp\/v2\/posts\/329598","targetHints":{"allow":["GET"]}}],"collection":[{"href":"https:\/\/www.europesays.com\/fr\/wp-json\/wp\/v2\/posts"}],"about":[{"href":"https:\/\/www.europesays.com\/fr\/wp-json\/wp\/v2\/types\/post"}],"author":[{"embeddable":true,"href":"https:\/\/www.europesays.com\/fr\/wp-json\/wp\/v2\/users\/2"}],"replies":[{"embeddable":true,"href":"https:\/\/www.europesays.com\/fr\/wp-json\/wp\/v2\/comments?post=329598"}],"version-history":[{"count":0,"href":"https:\/\/www.europesays.com\/fr\/wp-json\/wp\/v2\/posts\/329598\/revisions"}],"wp:featuredmedia":[{"embeddable":true,"href":"https:\/\/www.europesays.com\/fr\/wp-json\/wp\/v2\/media\/329599"}],"wp:attachment":[{"href":"https:\/\/www.europesays.com\/fr\/wp-json\/wp\/v2\/media?parent=329598"}],"wp:term":[{"taxonomy":"category","embeddable":true,"href":"https:\/\/www.europesays.com\/fr\/wp-json\/wp\/v2\/categories?post=329598"},{"taxonomy":"post_tag","embeddable":true,"href":"https:\/\/www.europesays.com\/fr\/wp-json\/wp\/v2\/tags?post=329598"}],"curies":[{"name":"wp","href":"https:\/\/api.w.org\/{rel}","templated":true}]}}