{"id":32960,"date":"2025-04-18T02:25:11","date_gmt":"2025-04-18T02:25:11","guid":{"rendered":"https:\/\/www.europesays.com\/fr\/32960\/"},"modified":"2025-04-18T02:25:11","modified_gmt":"2025-04-18T02:25:11","slug":"des-habitants-deloges-par-des-dealers-a-grenoble-journal-de-20-heures-2","status":"publish","type":"post","link":"https:\/\/www.europesays.com\/fr\/32960\/","title":{"rendered":"Des habitants d\u00e9log\u00e9s par des dealers \u00e0 Grenoble &#8211; Journal de 20 heures"},"content":{"rendered":"<p id=\"descriptionPanel\" aria-labelledby=\"descriptionArrow\" aria-expanded=\"false\" class=\"mr-2 line-clamp-2 pr-2.5 text-secondary overflow-visible\">Aucune interpellation n\u2019a eu lieu pour l\u2019instant apr\u00e8s la dizaine d\u2019attaques des derniers jours contre les prisons et les surveillants. Le parquet antiterroriste privil\u00e9gie la piste du narcobanditisme. Dans un r\u00e9cent rapport, la Cour des comptes indique que huit communes sur dix sont touch\u00e9es par le trafic de drogue. \u00c0 Grenoble, des habitants sont menac\u00e9s, subissent des pressions incessantes, parfois d\u00e9log\u00e9s par des dealers. Leurs cibles sont souvent des personnes seules, \u00e2g\u00e9es ou vuln\u00e9rables.<\/p>\n<p>TF1 | Reportage F. CHEVALLAY, E. NAPPI\n<\/p>\n<p><a class=\"shrink-0\" href=\"https:\/\/www.tf1.fr\/fr-lu\/tf1\/jt-20h\" target=\"_blank\" rel=\"noopener\"><img decoding=\"async\" src=\"https:\/\/www.europesays.com\/fr\/wp-content\/uploads\/2025\/04\/program-card-portrait-1-jt20h-btcb-f6f521-4e55c9-0@1x.jpg\" width=\"138\" height=\"184\" alt=\"Journal de 20 heures\" loading=\"eager\" fetchpriority=\"auto\" class=\"aspect-[3\/4] h-24 w-auto rounded-3px\"\/><\/a><\/p>\n","protected":false},"excerpt":{"rendered":"Aucune interpellation n\u2019a eu lieu pour l\u2019instant apr\u00e8s la dizaine d\u2019attaques des derniers jours contre les prisons et&hellip;\n","protected":false},"author":2,"featured_media":32832,"comment_status":"","ping_status":"","sticky":false,"template":"","format":"standard","meta":{"footnotes":""},"categories":[9566],"tags":[1111,11,2430,1777,674,3483,3697,1011,27,2731,3699,3698,12,25,3701,3702,3700],"class_list":{"0":"post-32960","1":"post","2":"type-post","3":"status-publish","4":"format-standard","5":"has-post-thumbnail","7":"category-grenoble","8":"tag-actu","9":"tag-actualites","10":"tag-auvergne-rhone-alpes","11":"tag-eu","12":"tag-europe","13":"tag-extrait","14":"tag-extrait-journal-de-20-heures","15":"tag-fr","16":"tag-france","17":"tag-grenoble","18":"tag-journal-de-20-heures","19":"tag-journal-de-20-heures-extrait","20":"tag-news","21":"tag-republique-francaise","22":"tag-streaming-journal-de-20-heures","23":"tag-video-en-streaming-journal-de-20-heures","24":"tag-video-journal-de-20-heures"},"share_on_mastodon":{"url":"https:\/\/pubeurope.com\/@fr\/114356599174037365","error":""},"_links":{"self":[{"href":"https:\/\/www.europesays.com\/fr\/wp-json\/wp\/v2\/posts\/32960","targetHints":{"allow":["GET"]}}],"collection":[{"href":"https:\/\/www.europesays.com\/fr\/wp-json\/wp\/v2\/posts"}],"about":[{"href":"https:\/\/www.europesays.com\/fr\/wp-json\/wp\/v2\/types\/post"}],"author":[{"embeddable":true,"href":"https:\/\/www.europesays.com\/fr\/wp-json\/wp\/v2\/users\/2"}],"replies":[{"embeddable":true,"href":"https:\/\/www.europesays.com\/fr\/wp-json\/wp\/v2\/comments?post=32960"}],"version-history":[{"count":0,"href":"https:\/\/www.europesays.com\/fr\/wp-json\/wp\/v2\/posts\/32960\/revisions"}],"wp:featuredmedia":[{"embeddable":true,"href":"https:\/\/www.europesays.com\/fr\/wp-json\/wp\/v2\/media\/32832"}],"wp:attachment":[{"href":"https:\/\/www.europesays.com\/fr\/wp-json\/wp\/v2\/media?parent=32960"}],"wp:term":[{"taxonomy":"category","embeddable":true,"href":"https:\/\/www.europesays.com\/fr\/wp-json\/wp\/v2\/categories?post=32960"},{"taxonomy":"post_tag","embeddable":true,"href":"https:\/\/www.europesays.com\/fr\/wp-json\/wp\/v2\/tags?post=32960"}],"curies":[{"name":"wp","href":"https:\/\/api.w.org\/{rel}","templated":true}]}}