{"id":329600,"date":"2025-08-19T15:36:26","date_gmt":"2025-08-19T15:36:26","guid":{"rendered":"https:\/\/www.europesays.com\/fr\/329600\/"},"modified":"2025-08-19T15:36:26","modified_gmt":"2025-08-19T15:36:26","slug":"om-le-club-ne-veut-plus-dadrien-rabiot","status":"publish","type":"post","link":"https:\/\/www.europesays.com\/fr\/329600\/","title":{"rendered":"OM\u00a0: le club ne veut plus d&rsquo;Adrien Rabiot"},"content":{"rendered":"<p>L&rsquo;OM a fait savoir \u00e0 Adrien Rabiot qu&rsquo;il devait se trouver un autre club, apr\u00e8s les tensions n\u00e9es dans le vestiaire lors de la d\u00e9faite \u00e0 Rennes. <\/p>\n<p>Les supporters de l&rsquo;OM savent depuis longtemps (pour ne pas dire toujours) que suivre le club est <strong>un ascenseur \u00e9motionnel.<\/strong> Nouvelle preuve, \u00e0 des altitudes rarement atteintes, en cet \u00e9t\u00e9 2025. Depuis la d\u00e9faite \u00e0 Rennes\u00a0 (1-0) en ouverture de la Ligue 1 vendredi dernier, les pol\u00e9miques se sont encha\u00een\u00e9es.<\/p>\n<p><a class=\"IciLink ici-link IciArticleLink g-ici-body-regular-1 underline brand svelte-lu7k6w\" href=\"https:\/\/www.francebleu.fr\/sports\/football\/info-ici-provence-om-fortes-tensions-dans-les-vestiaires-apres-la-defaite-a-rennes-on-a-des-petites-coui-es-7754220\" rel=\"nofollow noopener\" target=\"_blank\">Insultes et d\u00e9but de bagarre<\/a>\u00a0dans le vestiaire,\u00a0<a class=\"IciLink ici-link IciArticleLink g-ici-body-regular-1 underline brand svelte-lu7k6w\" href=\"https:\/\/www.francebleu.fr\/sports\/football\/om-rabiot-et-rowe-ecartes-temporairement-par-le-club-apres-leur-altercation-a-rennes-7133056\" rel=\"nofollow noopener\" target=\"_blank\">joueurs mis \u00e0 pied<\/a>&#8230; Et d\u00e9sormais cadre \u00e0 vendre. Comme <a target=\"_blank\" rel=\"nofollow noopener noreferrer\" class=\"IciLink ici-link IciArticleLink g-ici-body-regular-1 underline brand svelte-lu7k6w\" href=\"https:\/\/www.rtl.fr\/sport\/football\/info-rtl-om-l-entraineur-roberto-de-zerbi-ne-veut-plus-d-adrien-rabiot-7900531760\">l&rsquo;a d&rsquo;abord r\u00e9v\u00e9l\u00e9 RTL,<\/a>\u00a0l&rsquo;Olympique de Marseille souhaite se s\u00e9parer d&rsquo;Adrien Rabiot, une information qu&rsquo;a pu se faire confirmer ici Provence.<\/p>\n<p>Le club a fait savoir aux proches de l&rsquo;international fran\u00e7ais hier lundi qu&rsquo;il \u00e9tait d\u00e9sormais sur la liste des transferts. Selon nos informations, <strong>le reproche ne serait pas celui d&rsquo;un manque d&rsquo;investissement, mais d&rsquo;un manquement \u00e0 l&rsquo;\u00e9thique et au code de bonne conduite dict\u00e9 par le club,<\/strong> dans la foul\u00e9e des tensions apparues \u00e0 Rennes.<\/p>\n<p>La mesure vaut \u00e9galement pour Jonathan Rowe, qui \u00e9tait toutefois d\u00e9j\u00e0 sur le d\u00e9part depuis plusieurs semaines.<\/p>\n<p>\u00c0 lire aussi   <img decoding=\"async\" src=\"https:\/\/www.europesays.com\/fr\/wp-content\/uploads\/2025\/08\/560x315\" alt=\"Jonathan Rowe et Adrien Rabiot ont \u00e9t\u00e9 punis par le club.\" style=\"--_image-preview:url('data:image\/jpeg;base64,\/9j\/2wBDACgcHiMeGSgjISMtKygwPGRBPDc3PHtYXUlkkYCZlo+AjIqgtObDoKrarYqMyP\/L2u71\/\/\/\/m8H\/\/\/\/6\/+b9\/\/j\/2wBDASstLTw1PHZBQXb4pYyl+Pj4+Pj4+Pj4+Pj4+Pj4+Pj4+Pj4+Pj4+Pj4+Pj4+Pj4+Pj4+Pj4+Pj4+Pj4+Pj4+Pj\/wAARCAAXACoDASIAAhEBAxEB\/8QAFwABAQEBAAAAAAAAAAAAAAAAAAIBA\/\/EABcQAQEBAQAAAAAAAAAAAAAAAAABERL\/xAAXAQADAQAAAAAAAAAAAAAAAAAAAQID\/8QAFhEBAQEAAAAAAAAAAAAAAAAAABEB\/9oADAMBAAIRAxEAPwDiYNRQnDleNwU3Pk5deWcnQ5yqgMkripAPDbhgKD\/\/2Q==');\" loading=\"lazy\" fetchpriority=\"low\" aria-hidden=\"true\" class=\"svelte-1pnmlwx rounded\" onload=\"this.__e=event\" onerror=\"this.__e=event\"\/><\/p>\n","protected":false},"excerpt":{"rendered":"L&rsquo;OM a fait savoir \u00e0 Adrien Rabiot qu&rsquo;il devait se trouver un autre club, apr\u00e8s les tensions n\u00e9es&hellip;\n","protected":false},"author":2,"featured_media":329601,"comment_status":"","ping_status":"","sticky":false,"template":"","format":"standard","meta":{"footnotes":""},"categories":[2821],"tags":[1111,11,829,1777,674,1011,27,12,584,25],"class_list":{"0":"post-329600","1":"post","2":"type-post","3":"status-publish","4":"format-standard","5":"has-post-thumbnail","7":"category-rennes","8":"tag-actu","9":"tag-actualites","10":"tag-bretagne","11":"tag-eu","12":"tag-europe","13":"tag-fr","14":"tag-france","15":"tag-news","16":"tag-rennes","17":"tag-republique-francaise"},"share_on_mastodon":{"url":"https:\/\/pubeurope.com\/@fr\/115056173763447522","error":""},"_links":{"self":[{"href":"https:\/\/www.europesays.com\/fr\/wp-json\/wp\/v2\/posts\/329600","targetHints":{"allow":["GET"]}}],"collection":[{"href":"https:\/\/www.europesays.com\/fr\/wp-json\/wp\/v2\/posts"}],"about":[{"href":"https:\/\/www.europesays.com\/fr\/wp-json\/wp\/v2\/types\/post"}],"author":[{"embeddable":true,"href":"https:\/\/www.europesays.com\/fr\/wp-json\/wp\/v2\/users\/2"}],"replies":[{"embeddable":true,"href":"https:\/\/www.europesays.com\/fr\/wp-json\/wp\/v2\/comments?post=329600"}],"version-history":[{"count":0,"href":"https:\/\/www.europesays.com\/fr\/wp-json\/wp\/v2\/posts\/329600\/revisions"}],"wp:featuredmedia":[{"embeddable":true,"href":"https:\/\/www.europesays.com\/fr\/wp-json\/wp\/v2\/media\/329601"}],"wp:attachment":[{"href":"https:\/\/www.europesays.com\/fr\/wp-json\/wp\/v2\/media?parent=329600"}],"wp:term":[{"taxonomy":"category","embeddable":true,"href":"https:\/\/www.europesays.com\/fr\/wp-json\/wp\/v2\/categories?post=329600"},{"taxonomy":"post_tag","embeddable":true,"href":"https:\/\/www.europesays.com\/fr\/wp-json\/wp\/v2\/tags?post=329600"}],"curies":[{"name":"wp","href":"https:\/\/api.w.org\/{rel}","templated":true}]}}