{"id":329606,"date":"2025-08-19T15:39:09","date_gmt":"2025-08-19T15:39:09","guid":{"rendered":"https:\/\/www.europesays.com\/fr\/329606\/"},"modified":"2025-08-19T15:39:09","modified_gmt":"2025-08-19T15:39:09","slug":"vive-colere-chez-les-supporters-de-logc-nice-contre-la-direction","status":"publish","type":"post","link":"https:\/\/www.europesays.com\/fr\/329606\/","title":{"rendered":"vive col\u00e8re chez les supporters de l&rsquo;OGC Nice contre la direction"},"content":{"rendered":"<p>            Par<br \/>\n        <strong><br \/>\n            <a href=\"https:\/\/actu.fr\/auteur\/ugo-maillard\" title=\"Consulter tous les articles de Ugo Maillard\" rel=\"nofollow noopener\" target=\"_blank\">Ugo Maillard<\/a><br \/>\n        <\/strong><\/p>\n<p>        Publi\u00e9 le<\/p>\n<p>            19 ao\u00fbt 2025 \u00e0 16h57        <\/p>\n<p>Les premi\u00e8res tensions pointent d\u00e9j\u00e0 alors que la saison 2025-2026 vient seulement de commencer. Le dimanche 17\u00a0ao\u00fbt 2025, une <strong>p\u00e9tition <\/strong>a \u00e9t\u00e9 mise en ligne par un compte \u00ab\u2009Nice Stadium SUPPORTERS\u2009\u00bb, suivi par 20\u2009000\u00a0personnes sur <a href=\"https:\/\/actu.fr\/tag\/reseaux-sociaux\" rel=\"nofollow noopener\" target=\"_blank\">les r\u00e9seaux sociaux<\/a>, pour <strong>demander le d\u00e9part des propri\u00e9taires<\/strong> de l\u2019OGC <a href=\"https:\/\/actu.fr\/nice\/\" rel=\"nofollow noopener\" target=\"_blank\">Nice<\/a>, avec un message clair\u2009: \u00ab\u2009Ineos out\u2009\u00bb.<\/p>\n<p class=\" wall-content\">Depuis 2019, Ineos, un groupe anglais sp\u00e9cialis\u00e9 dans la chimie, est propri\u00e9taire du club azur\u00e9en. Un investisseur fortun\u00e9 qui a \u00e9galement acquis le club de Manchester United en 2023. <strong>Un point de bascule pour les supporters du Gym<\/strong>.<\/p>\n<p class=\" wall-content\">\u00ab\u2009Aujourd\u2019hui, l\u2019int\u00e9gralit\u00e9 de l\u2019investissement d\u2019Ineos est sur Manchester United, comme nous disions, Nice est devenu le boulon qui tient la roue de la charrue. Et nous de bonnes vaches \u00e0 lait qui ach\u00e8tent des maillots, des places\u2026 et bien s\u00fbr, ils n\u2019attendent que \u00e7a\u2009\u00bb, d\u00e9nonce l\u2019auteur de <a href=\"https:\/\/www.change.org\/p\/%EF%B8%8F-ineos-out-%EF%B8%8F\" rel=\"nofollow noopener\" target=\"_blank\">la p\u00e9tition<\/a>. Elle a d\u2019ores et d\u00e9j\u00e0 \u00e9t\u00e9 <strong>sign\u00e9e par plus de 1\u2009500\u00a0personnes<\/strong>.<\/p>\n<p>Des d\u00e9clarations de Ratcliffe qui ne passent pas<\/p>\n<p class=\" wall-content\">Alors que l\u2019historique <a href=\"https:\/\/actu.fr\/provence-alpes-cote-d-azur\/nice_06088\/ligue-1-coup-de-tonnerre-a-l-ogc-nice-du-mouvement-a-la-tete-du-club_62902730.html\" rel=\"nofollow noopener\" target=\"_blank\">Jean-Pierre Riv\u00e8re quitte son poste<\/a> \u00e0 la direction du club en ce mois d\u2019ao\u00fbt\u00a02025, la p\u00e9tition cible les propri\u00e9taires.<\/p>\n<p class=\" wall-content\">\u00ab\u2009Le sketch a assez dur\u00e9, Jim Ratcliffe\u2009\u00bb. Le <strong>PDG d\u2019Ineos est directement vis\u00e9<\/strong> par les supporters pour ses choix footballistiques et notamment le manque d\u2019investissement en qui pointent un mercato \u00ab\u2009catastrophique, sans cap, sans vison, \u00e0 l\u2019arrache\u2009\u00bb.<\/p>\n<p class=\" wall-content\">Les tensions entre les supporters des Aiglons et Jim Ratcliffe ne sont pas nouvelles. Le milliardaire anglais avait d\u00e9clar\u00e9\u2009: \u00ab\u2009<strong>Je n\u2019aime pas particuli\u00e8rement aller voir Nice<\/strong> parce qu\u2019il y a de bons joueurs, mais le niveau de football n\u2019est pas assez \u00e9lev\u00e9 pour que je m\u2019enthousiasme.\u2009\u00bb Une phrase qui n\u2019avait \u00e9videmment pas plu aux azur\u00e9ens.<\/p>\n<p>Une situation sportive tendue<\/p>\n<p class=\" wall-content\">La col\u00e8re des fans de l\u2019OGC Nice s\u2019est amplifi\u00e9e ces derniers jours avec de tr\u00e8s mauvais r\u00e9sultats sur le plan sportif. Les Aiglons ont \u00e9t\u00e9 <strong>s\u00e8chement \u00e9limin\u00e9s du 3e tour de barrages \u00e0 la Ligue des champions<\/strong> (4-0 sur les deux matchs) par le SL Benfica.<\/p>\n<p>Votre r\u00e9gion, votre actu !<\/p>\n<p>Recevez chaque jour les infos qui comptent pour vous.<\/p>\n<p>\t<a href=\"https:\/\/actu.fr\/newsletter\" class=\"ac-btn ac-btn--corner ac-btn--medium ac-btn--blue800\" rel=\"nofollow noopener\" target=\"_blank\">S&rsquo;incrire<\/a><\/p>\n<p class=\" wall-content\">Une d\u00e9faite logique suivie d\u2019un revers plus emb\u00eatant contre Toulouse pour la 1\u02b3\u1d49 journ\u00e9e de Ligue\u00a01 (0-1).<\/p>\n<p class=\" wall-content\">Un marasme sportif et une incompr\u00e9hension de la gestion financi\u00e8re qui doivent cesser selon les supporters. \u00ab\u2009La solution est vite vue, trouvez au plus vite si ce n\u2019est pas d\u00e9j\u00e0 fait un repreneur et cassez-vous\u2009\u00bb, conclut la p\u00e9tition.<\/p>\n<p class=\" wall-content\">Personnalisez votre actualit\u00e9 en ajoutant vos villes et m\u00e9dias en favori avec <a href=\"https:\/\/moncompte.actu.fr\" title=\"D\u00e9couvez Mon Actu\" rel=\"nofollow noopener\" data-trk=\"{&quot;cta&quot;:{&quot;action&quot;:&quot;https:\\\/\\\/moncompte.actu.fr&quot;,&quot;category&quot;:&quot;mon compte&quot;,&quot;from&quot;:&quot;article footer&quot;,&quot;name&quot;:&quot;Mon actu&quot;,&quot;type&quot;:&quot;cta&quot;}}\" target=\"_blank\">Mon Actu<\/a>.<\/p>\n","protected":false},"excerpt":{"rendered":"Par Ugo Maillard Publi\u00e9 le 19 ao\u00fbt 2025 \u00e0 16h57 Les premi\u00e8res tensions pointent d\u00e9j\u00e0 alors que la&hellip;\n","protected":false},"author":2,"featured_media":329607,"comment_status":"","ping_status":"","sticky":false,"template":"","format":"standard","meta":{"footnotes":""},"categories":[2819],"tags":[1111,11,1777,674,63,1011,27,12,2401,882,25,60],"class_list":{"0":"post-329606","1":"post","2":"type-post","3":"status-publish","4":"format-standard","5":"has-post-thumbnail","7":"category-nice","8":"tag-actu","9":"tag-actualites","10":"tag-eu","11":"tag-europe","12":"tag-football","13":"tag-fr","14":"tag-france","15":"tag-news","16":"tag-nice","17":"tag-provence-alpes-cote-dazur","18":"tag-republique-francaise","19":"tag-sports"},"share_on_mastodon":{"url":"https:\/\/pubeurope.com\/@fr\/115056185585812019","error":""},"_links":{"self":[{"href":"https:\/\/www.europesays.com\/fr\/wp-json\/wp\/v2\/posts\/329606","targetHints":{"allow":["GET"]}}],"collection":[{"href":"https:\/\/www.europesays.com\/fr\/wp-json\/wp\/v2\/posts"}],"about":[{"href":"https:\/\/www.europesays.com\/fr\/wp-json\/wp\/v2\/types\/post"}],"author":[{"embeddable":true,"href":"https:\/\/www.europesays.com\/fr\/wp-json\/wp\/v2\/users\/2"}],"replies":[{"embeddable":true,"href":"https:\/\/www.europesays.com\/fr\/wp-json\/wp\/v2\/comments?post=329606"}],"version-history":[{"count":0,"href":"https:\/\/www.europesays.com\/fr\/wp-json\/wp\/v2\/posts\/329606\/revisions"}],"wp:featuredmedia":[{"embeddable":true,"href":"https:\/\/www.europesays.com\/fr\/wp-json\/wp\/v2\/media\/329607"}],"wp:attachment":[{"href":"https:\/\/www.europesays.com\/fr\/wp-json\/wp\/v2\/media?parent=329606"}],"wp:term":[{"taxonomy":"category","embeddable":true,"href":"https:\/\/www.europesays.com\/fr\/wp-json\/wp\/v2\/categories?post=329606"},{"taxonomy":"post_tag","embeddable":true,"href":"https:\/\/www.europesays.com\/fr\/wp-json\/wp\/v2\/tags?post=329606"}],"curies":[{"name":"wp","href":"https:\/\/api.w.org\/{rel}","templated":true}]}}