{"id":329642,"date":"2025-08-19T16:02:15","date_gmt":"2025-08-19T16:02:15","guid":{"rendered":"https:\/\/www.europesays.com\/fr\/329642\/"},"modified":"2025-08-19T16:02:15","modified_gmt":"2025-08-19T16:02:15","slug":"laustralie-dans-le-deni-face-au-risque-dun-abandon-americain-de-laccord-aukus","status":"publish","type":"post","link":"https:\/\/www.europesays.com\/fr\/329642\/","title":{"rendered":"L\u2019Australie dans le d\u00e9ni face au risque d\u2019un abandon am\u00e9ricain de l\u2019accord Aukus"},"content":{"rendered":"<p>                         <img loading=\"lazy\" decoding=\"async\" src=\"https:\/\/www.europesays.com\/fr\/wp-content\/uploads\/2025\/08\/b8bba01_upload-1-t77sq4ufnce8-000-36yn8dv.jpg\" alt=\"Des officiers de la marine am\u00e9ricaine montent la garde \u00e0 bord de l\u2019\u00ab\u00a0USS Minnesota\u00a0\u00bb, un sous-marin d\u2019attaque rapide de classe Virginia, apr\u00e8s l\u2019accostage du navire \u00e0 la base navale de Stirling pr\u00e8s de Rockingham, en Australie occidentale, le 26\u00a0f\u00e9vrier\u00a02025.\"   width=\"664\" height=\"443\"\/>    Des officiers de la marine am\u00e9ricaine montent la garde \u00e0 bord de l\u2019\u00ab\u00a0USS Minnesota\u00a0\u00bb, un sous-marin d\u2019attaque rapide de classe Virginia, apr\u00e8s l\u2019accostage du navire \u00e0 la base navale de Stirling pr\u00e8s de Rockingham, en Australie occidentale, le 26\u00a0f\u00e9vrier\u00a02025.  COLIN MURTY \/ AFP                 <\/p>\n<p class=\"article__paragraph  \">Et si les Etats-Unis d\u00e9cidaient finalement de ne pas livrer de sous-marins \u00e0 propulsion nucl\u00e9aire \u00e0 l\u2019Australie, que ferait Canberra\u00a0? Cette question, le gouvernement australien refuse pour l\u2019instant de se la poser. Mais alors que Washington a entrepris, en juin, de r\u00e9examiner le pacte Aukus, conclu en\u00a02021 et au terme duquel il doit fournir, \u00e0 partir de 2032, au moins trois sous-marins de classe Virginia \u00e0 l\u2019\u00eele-continent, d\u2019autres s\u2019interrogent.<\/p>\n<p class=\"article__paragraph  \">\u00ab\u00a0Quand je demande aux responsables politiques\u00a0: \u201cQue ferez-vous si nous ne pouvons pas avoir ces submersibles\u00a0? Quel est votre plan\u00a0B\u00a0?\u201d Ils me r\u00e9pondent, le regard vitreux\u00a0: \u201cNous les aurons.\u201d Ils sont dans le d\u00e9ni\u00a0\u00bb, s\u2019aga\u00e7ait notamment, d\u00e8s le 2\u00a0juillet, l\u2019ancien premier ministre lib\u00e9ral Malcolm Turnbull, interrog\u00e9 par les journalistes de l\u2019Association des correspondants \u00e9trangers, dont Le\u00a0Monde. \u00ab\u00a0Ne pas avoir de plan\u00a0B est tout simplement irresponsable\u00a0\u00bb, ajoutait ce d\u00e9tracteur de la premi\u00e8re heure de l\u2019Aukus.<\/p>\n<p class=\"article__paragraph  \">Selon le Pentagone, l\u2019objectif du r\u00e9examen en cours, dont les conclusions sont attendues pour novembre, est de d\u00e9terminer si le pacte est \u00ab\u00a0compatible avec l\u2019agenda \u201cAmerica first\u201d du pr\u00e9sident\u00a0\u00bb Donald Trump. Le premier pilier de cet accord \u2013 qui pr\u00e9voit au total la livraison de huit submersibles, dont au moins trois Virginia, puis des SSN-Aukus coproduits par le Royaume-Uni et l\u2019Australie \u2013 se heurte \u00e0 un obstacle majeur\u00a0: les difficult\u00e9s actuelles des chantiers navals am\u00e9ricains \u00e0 honorer\u00a0les commandes de leur propre marine. Comment, d\u00e8s lors, pourront-ils c\u00e9der trois navires \u00e0 l\u2019Australie\u00a0?<\/p>\n<p class=\"reading-mode-only \"><strong>Il vous reste 76.31% de cet article \u00e0 lire. La suite est r\u00e9serv\u00e9e aux abonn\u00e9s.<\/strong><\/p>\n","protected":false},"excerpt":{"rendered":"Des officiers de la marine am\u00e9ricaine montent la garde \u00e0 bord de l\u2019\u00ab\u00a0USS Minnesota\u00a0\u00bb, un sous-marin d\u2019attaque rapide&hellip;\n","protected":false},"author":2,"featured_media":329643,"comment_status":"","ping_status":"","sticky":false,"template":"","format":"standard","meta":{"footnotes":""},"categories":[1589],"tags":[11,73,1866,12,1864,1865,1863,308],"class_list":{"0":"post-329642","1":"post","2":"type-post","3":"status-publish","4":"format-standard","5":"has-post-thumbnail","7":"category-etats-unis","8":"tag-actualites","9":"tag-etats-unis","10":"tag-etats-unis-damerique","11":"tag-news","12":"tag-united-states","13":"tag-united-states-of-america","14":"tag-us","15":"tag-usa"},"share_on_mastodon":{"url":"https:\/\/pubeurope.com\/@fr\/115056276109453691","error":""},"_links":{"self":[{"href":"https:\/\/www.europesays.com\/fr\/wp-json\/wp\/v2\/posts\/329642","targetHints":{"allow":["GET"]}}],"collection":[{"href":"https:\/\/www.europesays.com\/fr\/wp-json\/wp\/v2\/posts"}],"about":[{"href":"https:\/\/www.europesays.com\/fr\/wp-json\/wp\/v2\/types\/post"}],"author":[{"embeddable":true,"href":"https:\/\/www.europesays.com\/fr\/wp-json\/wp\/v2\/users\/2"}],"replies":[{"embeddable":true,"href":"https:\/\/www.europesays.com\/fr\/wp-json\/wp\/v2\/comments?post=329642"}],"version-history":[{"count":0,"href":"https:\/\/www.europesays.com\/fr\/wp-json\/wp\/v2\/posts\/329642\/revisions"}],"wp:featuredmedia":[{"embeddable":true,"href":"https:\/\/www.europesays.com\/fr\/wp-json\/wp\/v2\/media\/329643"}],"wp:attachment":[{"href":"https:\/\/www.europesays.com\/fr\/wp-json\/wp\/v2\/media?parent=329642"}],"wp:term":[{"taxonomy":"category","embeddable":true,"href":"https:\/\/www.europesays.com\/fr\/wp-json\/wp\/v2\/categories?post=329642"},{"taxonomy":"post_tag","embeddable":true,"href":"https:\/\/www.europesays.com\/fr\/wp-json\/wp\/v2\/tags?post=329642"}],"curies":[{"name":"wp","href":"https:\/\/api.w.org\/{rel}","templated":true}]}}