{"id":329644,"date":"2025-08-19T16:03:12","date_gmt":"2025-08-19T16:03:12","guid":{"rendered":"https:\/\/www.europesays.com\/fr\/329644\/"},"modified":"2025-08-19T16:03:12","modified_gmt":"2025-08-19T16:03:12","slug":"lautrice-sally-rooney-clame-son-soutien-au-groupe-interdit-palestine-action","status":"publish","type":"post","link":"https:\/\/www.europesays.com\/fr\/329644\/","title":{"rendered":"l\u2019autrice Sally Rooney clame son soutien au groupe interdit Palestine Action"},"content":{"rendered":"<p>Dans une tribune publi\u00e9e le 16\u00a0ao\u00fbt dans les colonnes du Irish Times, l\u2019autrice irlandaise \u00e0 succ\u00e8s <a href=\"https:\/\/www.la-croix.com\/culture\/intermezzo-4-raisons-de-lire-l-irlandaise-sally-rooney-20250711\" data-tracking=\"inpage_click\" data-tracking-action=\"suivre un lien dans l&#039;article\" data-tracking-category=\"engagement\" rel=\"nofollow noopener\" target=\"_blank\">Sally Rooney<\/a>, r\u00e9v\u00e9l\u00e9e en 2018 avec son premier roman Normal People (adapt\u00e9e en s\u00e9rie par la suite), a annonc\u00e9 avoir \u00ab\u00a0l\u2019intention d\u2019utiliser les droits d\u2019auteur de (son) travail, ainsi que (sa) plateforme publique, pour continuer \u00e0 soutenir Palestine Action et l\u2019action directe contre le g\u00e9nocide (en Palestine, NDLR) par tous les moyens possibles\u00a0\u00bb.<\/p>\n<p>Cet article est r\u00e9serv\u00e9 aux abonn\u00e9s<\/p>\n<p>\n                    Vous souhaitez lire la suite\u00a0? Abonnez-vous sans engagement \u00e0 notre offre num\u00e9rique\n                <\/p>\n<p>                <a href=\"https:\/\/www.la-croix.com\/abonnement\" class=\"default-paywall__subscribe-button\" data-tracking=\"cta_click\" data-tracking-action=\"voir la page abonnement\" data-tracking-category=\"abonnement\" rel=\"nofollow noopener\" target=\"_blank\">Je m&rsquo;abonne<\/a><\/p>\n","protected":false},"excerpt":{"rendered":"Dans une tribune publi\u00e9e le 16\u00a0ao\u00fbt dans les colonnes du Irish Times, l\u2019autrice irlandaise \u00e0 succ\u00e8s Sally Rooney,&hellip;\n","protected":false},"author":2,"featured_media":329645,"comment_status":"","ping_status":"","sticky":false,"template":"","format":"standard","meta":{"footnotes":""},"categories":[1588],"tags":[11,1777,674,12,473,1853,1851,1850,1852],"class_list":{"0":"post-329644","1":"post","2":"type-post","3":"status-publish","4":"format-standard","5":"has-post-thumbnail","7":"category-royaume-uni","8":"tag-actualites","9":"tag-eu","10":"tag-europe","11":"tag-news","12":"tag-royaume-uni","13":"tag-royaume-uni-de-grande-bretagne-et-dirlande-du-nord","14":"tag-uk","15":"tag-united-kingdom","16":"tag-united-kingdom-of-great-britain-and-northern-ireland"},"share_on_mastodon":{"url":"https:\/\/pubeurope.com\/@fr\/115056279935891172","error":""},"_links":{"self":[{"href":"https:\/\/www.europesays.com\/fr\/wp-json\/wp\/v2\/posts\/329644","targetHints":{"allow":["GET"]}}],"collection":[{"href":"https:\/\/www.europesays.com\/fr\/wp-json\/wp\/v2\/posts"}],"about":[{"href":"https:\/\/www.europesays.com\/fr\/wp-json\/wp\/v2\/types\/post"}],"author":[{"embeddable":true,"href":"https:\/\/www.europesays.com\/fr\/wp-json\/wp\/v2\/users\/2"}],"replies":[{"embeddable":true,"href":"https:\/\/www.europesays.com\/fr\/wp-json\/wp\/v2\/comments?post=329644"}],"version-history":[{"count":0,"href":"https:\/\/www.europesays.com\/fr\/wp-json\/wp\/v2\/posts\/329644\/revisions"}],"wp:featuredmedia":[{"embeddable":true,"href":"https:\/\/www.europesays.com\/fr\/wp-json\/wp\/v2\/media\/329645"}],"wp:attachment":[{"href":"https:\/\/www.europesays.com\/fr\/wp-json\/wp\/v2\/media?parent=329644"}],"wp:term":[{"taxonomy":"category","embeddable":true,"href":"https:\/\/www.europesays.com\/fr\/wp-json\/wp\/v2\/categories?post=329644"},{"taxonomy":"post_tag","embeddable":true,"href":"https:\/\/www.europesays.com\/fr\/wp-json\/wp\/v2\/tags?post=329644"}],"curies":[{"name":"wp","href":"https:\/\/api.w.org\/{rel}","templated":true}]}}