{"id":329646,"date":"2025-08-19T16:04:15","date_gmt":"2025-08-19T16:04:15","guid":{"rendered":"https:\/\/www.europesays.com\/fr\/329646\/"},"modified":"2025-08-19T16:04:15","modified_gmt":"2025-08-19T16:04:15","slug":"vers-un-proces-de-lauteur-presume-de-lattentat-du-marche-de-noel-en-allemagne","status":"publish","type":"post","link":"https:\/\/www.europesays.com\/fr\/329646\/","title":{"rendered":"Vers un proc\u00e8s de l&rsquo;auteur pr\u00e9sum\u00e9 de l&rsquo;attentat du march\u00e9 de No\u00ebl en Allemagne"},"content":{"rendered":"<p><strong>Le m\u00e9decin saoudien, auteur pr\u00e9sum\u00e9 de l\u2019attaque \u00e0 la voiture b\u00e9lier sur le march\u00e9 de No\u00ebl de Magdebourg le 20 d\u00e9cembre, a \u00e9t\u00e9 renvoy\u00e9 devant le tribunal qui devra approuver la tenue d\u2019un proc\u00e8s, a annonc\u00e9 mardi le parquet de Naumbourg, en Allemagne.<\/strong>\u00a0<\/p>\n<p class=\"toreadalso-fromEMP\"><strong>\u2022 \u00c0 lire aussi: <\/strong><a href=\"https:\/\/www.tvanouvelles.ca\/2024\/12\/30\/attaque-dans-un-marche-de-noel-en-allemagne-lauteur-presume-souffre-de-troubles-psychiatriques\" target=\"e2e32377-ab5f-4ce0-9861-8baa482954d1\" rel=\"nofollow noopener\"><strong>Attaque dans un march\u00e9 de No\u00ebl en Allemagne: l\u2019auteur pr\u00e9sum\u00e9 souffre de troubles psychiatriques <\/strong><\/a><\/p>\n<p class=\"toreadalso-fromEMP\"><strong>\u2022 \u00c0 lire aussi: <\/strong><a href=\"https:\/\/www.journaldemontreal.com\/2024\/12\/23\/lattaque-de-magdebourg-une-ombre-sur-cette-fete-de-noel-selon-le-chef-de-letat-allemand\" target=\"f02026f1-2fa7-4473-bcc2-0a0a997edc60\" rel=\"nofollow noopener\"><strong>L\u2019attaque de Magdebourg, une \u00abombre sur cette f\u00eate de No\u00ebl\u00bb, selon le chef de l\u2019\u00c9tat allemand<\/strong><\/a><\/p>\n<p class=\"toreadalso-fromEMP\"><strong>\u2022 \u00c0 lire aussi: <\/strong><a href=\"https:\/\/www.tvanouvelles.ca\/2024\/12\/21\/attaque-dans-un-marche-de-noel-le-suspect-aurait-ete-mecontent-du-traitement-des-refugies-saoudiens-en-allemagne\" target=\"3ab81ee8-2be0-419f-9e6a-b36d7532556a\" rel=\"nofollow noopener\"><strong>Attaque dans un march\u00e9 de No\u00ebl: le suspect aurait \u00e9t\u00e9 \u00abm\u00e9content\u00bb du traitement des r\u00e9fugi\u00e9s saoudiens en Allemagne<\/strong><\/a><\/p>\n<p>Taleb Jawad al-Abdulmohsen a \u00e9t\u00e9 inculp\u00e9 pour le meurtre de six personnes et tentative de meurtres dans 338 cas, a-t-il pr\u00e9cis\u00e9.<\/p>\n<p>L\u2019objectif du suspect, qui exer\u00e7ait en Allemagne avec le statut de r\u00e9fugi\u00e9, \u00e9tait de tuer le plus de personnes possible, selon le minist\u00e8re public. Il aurait agi seul.<\/p>\n<p>                <a class=\"fancybox\" rel=\"group nofollow noopener\" href=\"https:\/\/m1.quebecormedia.com\/emp\/emp\/ac4c80c0-bf92-11ef-aed1-372ff4c12092_ORIGINAL.jpg?impolicy=crop-resize&amp;x=0&amp;y=0&amp;w=1200&amp;h=800&amp;width=1400\" target=\"_blank\"><\/p>\n<p>                  <img decoding=\"async\"  src=\"https:\/\/www.europesays.com\/fr\/wp-content\/uploads\/2025\/08\/ac4c80c0-bf92-11ef-aed1-372ff4c12092_ORIGINAL.jpg\" class=\"story-img\" alt=\"\"\/><br \/>\n                <\/a><\/p>\n<p>                    AFP<\/p>\n<p>Cette attaque mortelle avait replac\u00e9 l\u2019immigration et la s\u00e9curit\u00e9 au c\u0153ur de la campagne pour les l\u00e9gislatives anticip\u00e9es du 23 f\u00e9vrier, l\u2019opposition d\u00e9non\u00e7ant le manque de fermet\u00e9 de la coalition de centre gauche du chancelier Olaf Scholz.<\/p>\n<p>En pleine p\u00e9riode de f\u00eates de fin d\u2019ann\u00e9e, un vendredi soir, le suspect avait fonc\u00e9 au volant d\u2019une puissante voiture sur la foule du march\u00e9 de No\u00ebl de cette ville proche de Berlin.<\/p>\n<p>                <a class=\"fancybox\" rel=\"group nofollow noopener\" href=\"https:\/\/m1.quebecormedia.com\/emp\/emp\/759ba010-bf10-11ef-aed1-372ff4c12092_ORIGINAL.jpg?impolicy=crop-resize&amp;x=0&amp;y=0&amp;w=1200&amp;h=800&amp;width=1400\" target=\"_blank\"><\/p>\n<p>                  <img decoding=\"async\"  src=\"https:\/\/www.europesays.com\/fr\/wp-content\/uploads\/2025\/08\/759ba010-bf10-11ef-aed1-372ff4c12092_ORIGINAL.jpg\" class=\"story-img\" alt=\"\"\/><br \/>\n                <\/a><\/p>\n<p>                    AFP<\/p>\n<p>Selon les enqu\u00eateurs, il aurait agi par frustration, voulant d\u00e9noncer ce qu\u2019il estimait \u00eatre un manque de soutien des autorit\u00e9s allemandes charg\u00e9es de l\u2019asile aux r\u00e9fugi\u00e9s saoudiens ayant comme lui rompu avec leur pays.<\/p>\n<p>                <a class=\"fancybox\" rel=\"group nofollow noopener\" href=\"https:\/\/m1.quebecormedia.com\/emp\/emp\/260b8ac0-bf0f-11ef-aed1-372ff4c12092_ORIGINAL.jpg?impolicy=crop-resize&amp;x=0&amp;y=0&amp;w=1200&amp;h=798&amp;width=1400\" target=\"_blank\"><\/p>\n<p>                  <img decoding=\"async\"  src=\"https:\/\/www.europesays.com\/fr\/wp-content\/uploads\/2025\/08\/260b8ac0-bf0f-11ef-aed1-372ff4c12092_ORIGINAL.jpg\" class=\"story-img\" alt=\"\"\/><br \/>\n                <\/a><\/p>\n<p>                    AFP<\/p>\n<p>D\u00e9crit \u00e0 la mi-janvier comme \u00abmentalement perturb\u00e9\u00bb, \u00e0 \u00abl\u2019islamophobie marqu\u00e9e\u00bb et influenc\u00e9 par \u00ables id\u00e9ologies d\u2019extr\u00eame droite\u00bb par la ministre allemande de l\u2019Int\u00e9rieur de l\u2019\u00e9poque, Nancy Faeser, Taleb Jawad al-Abdulmohsen, tr\u00e8s actif sur les r\u00e9seaux sociaux, avait multipli\u00e9 les signaux inqui\u00e9tants avant l\u2019attaque.<\/p>\n<p>Cet homme arriv\u00e9 en Allemagne en 2006 ne cachait pas ses opinions radicalement hostiles \u00e0 l\u2019islam, religion avec laquelle il avait rompu, ni ses penchants pour les r\u00e9cits conspirationnistes d\u2019extr\u00eame droite sur une \u00abislamisation\u00bb de l\u2019Europe.<\/p>\n","protected":false},"excerpt":{"rendered":"Le m\u00e9decin saoudien, auteur pr\u00e9sum\u00e9 de l\u2019attaque \u00e0 la voiture b\u00e9lier sur le march\u00e9 de No\u00ebl de Magdebourg&hellip;\n","protected":false},"author":2,"featured_media":329647,"comment_status":"","ping_status":"","sticky":false,"template":"","format":"standard","meta":{"footnotes":""},"categories":[1587],"tags":[11,672,1804,1805,1803,1777,674,1801,12,1802],"class_list":{"0":"post-329646","1":"post","2":"type-post","3":"status-publish","4":"format-standard","5":"has-post-thumbnail","7":"category-allemagne","8":"tag-actualites","9":"tag-allemagne","10":"tag-bundesrepublik-deutschland","11":"tag-de","12":"tag-deutschland","13":"tag-eu","14":"tag-europe","15":"tag-germany","16":"tag-news","17":"tag-republique-federale-dallemagne"},"share_on_mastodon":{"url":"https:\/\/pubeurope.com\/@fr\/115056283841945218","error":""},"_links":{"self":[{"href":"https:\/\/www.europesays.com\/fr\/wp-json\/wp\/v2\/posts\/329646","targetHints":{"allow":["GET"]}}],"collection":[{"href":"https:\/\/www.europesays.com\/fr\/wp-json\/wp\/v2\/posts"}],"about":[{"href":"https:\/\/www.europesays.com\/fr\/wp-json\/wp\/v2\/types\/post"}],"author":[{"embeddable":true,"href":"https:\/\/www.europesays.com\/fr\/wp-json\/wp\/v2\/users\/2"}],"replies":[{"embeddable":true,"href":"https:\/\/www.europesays.com\/fr\/wp-json\/wp\/v2\/comments?post=329646"}],"version-history":[{"count":0,"href":"https:\/\/www.europesays.com\/fr\/wp-json\/wp\/v2\/posts\/329646\/revisions"}],"wp:featuredmedia":[{"embeddable":true,"href":"https:\/\/www.europesays.com\/fr\/wp-json\/wp\/v2\/media\/329647"}],"wp:attachment":[{"href":"https:\/\/www.europesays.com\/fr\/wp-json\/wp\/v2\/media?parent=329646"}],"wp:term":[{"taxonomy":"category","embeddable":true,"href":"https:\/\/www.europesays.com\/fr\/wp-json\/wp\/v2\/categories?post=329646"},{"taxonomy":"post_tag","embeddable":true,"href":"https:\/\/www.europesays.com\/fr\/wp-json\/wp\/v2\/tags?post=329646"}],"curies":[{"name":"wp","href":"https:\/\/api.w.org\/{rel}","templated":true}]}}