{"id":329659,"date":"2025-08-19T16:15:12","date_gmt":"2025-08-19T16:15:12","guid":{"rendered":"https:\/\/www.europesays.com\/fr\/329659\/"},"modified":"2025-08-19T16:15:12","modified_gmt":"2025-08-19T16:15:12","slug":"video-le-drone-red-bull-1-suit-une-moto-motogp-a-pleine-vitesse","status":"publish","type":"post","link":"https:\/\/www.europesays.com\/fr\/329659\/","title":{"rendered":"VID\u00c9O : Le drone Red Bull 1 suit une moto MotoGP \u00e0 pleine vitesse !"},"content":{"rendered":"<p>\n                                                Vous souhaitez \u00eatre tenu inform\u00e9 gratuitement de toute l&rsquo;actualit\u00e9 moto ? Abonnez-vous \u00e0 notre newsletter et recevez r\u00e9guli\u00e8rement le meilleur de l&rsquo;actualit\u00e9, les essais des motos et scooters r\u00e9cents, des interviews exclusives, et bien plus encore !                                            <\/p>\n<p>\n                                                Vous pouvez vous d\u00e9sinscrire \u00e0 tout moment gr\u00e2ce au lien en bas de chaque newsletter. Nous attachons une grande importance \u00e0 votre vie priv\u00e9e. Notre politique de confidentialit\u00e9 peut \u00eatre lue sur le site Internet. En nous envoyant ce formulaire, vous acceptez les conditions \u00e9nonc\u00e9es dans la politique de confidentialit\u00e9.                                             <\/p>\n","protected":false},"excerpt":{"rendered":"Vous souhaitez \u00eatre tenu inform\u00e9 gratuitement de toute l&rsquo;actualit\u00e9 moto ? Abonnez-vous \u00e0 notre newsletter et recevez r\u00e9guli\u00e8rement&hellip;\n","protected":false},"author":2,"featured_media":329660,"comment_status":"","ping_status":"","sticky":false,"template":"","format":"standard","meta":{"footnotes":""},"categories":[1413],"tags":[1011,27,1457,1456,60],"class_list":{"0":"post-329659","1":"post","2":"type-post","3":"status-publish","4":"format-standard","5":"has-post-thumbnail","7":"category-moto","8":"tag-fr","9":"tag-france","10":"tag-moto","11":"tag-motocycle","12":"tag-sports"},"share_on_mastodon":{"url":"https:\/\/pubeurope.com\/@fr\/115056327202047045","error":""},"_links":{"self":[{"href":"https:\/\/www.europesays.com\/fr\/wp-json\/wp\/v2\/posts\/329659","targetHints":{"allow":["GET"]}}],"collection":[{"href":"https:\/\/www.europesays.com\/fr\/wp-json\/wp\/v2\/posts"}],"about":[{"href":"https:\/\/www.europesays.com\/fr\/wp-json\/wp\/v2\/types\/post"}],"author":[{"embeddable":true,"href":"https:\/\/www.europesays.com\/fr\/wp-json\/wp\/v2\/users\/2"}],"replies":[{"embeddable":true,"href":"https:\/\/www.europesays.com\/fr\/wp-json\/wp\/v2\/comments?post=329659"}],"version-history":[{"count":0,"href":"https:\/\/www.europesays.com\/fr\/wp-json\/wp\/v2\/posts\/329659\/revisions"}],"wp:featuredmedia":[{"embeddable":true,"href":"https:\/\/www.europesays.com\/fr\/wp-json\/wp\/v2\/media\/329660"}],"wp:attachment":[{"href":"https:\/\/www.europesays.com\/fr\/wp-json\/wp\/v2\/media?parent=329659"}],"wp:term":[{"taxonomy":"category","embeddable":true,"href":"https:\/\/www.europesays.com\/fr\/wp-json\/wp\/v2\/categories?post=329659"},{"taxonomy":"post_tag","embeddable":true,"href":"https:\/\/www.europesays.com\/fr\/wp-json\/wp\/v2\/tags?post=329659"}],"curies":[{"name":"wp","href":"https:\/\/api.w.org\/{rel}","templated":true}]}}