{"id":329665,"date":"2025-08-19T16:18:14","date_gmt":"2025-08-19T16:18:14","guid":{"rendered":"https:\/\/www.europesays.com\/fr\/329665\/"},"modified":"2025-08-19T16:18:14","modified_gmt":"2025-08-19T16:18:14","slug":"las-saint-etienne-valide-le-principe-dune-entree-des-supporteurs-au-capital-du-club","status":"publish","type":"post","link":"https:\/\/www.europesays.com\/fr\/329665\/","title":{"rendered":"L\u2019AS Saint-Etienne valide le principe d\u2019une entr\u00e9e des supporteurs au capital du club"},"content":{"rendered":"<p>                          <img loading=\"lazy\" decoding=\"async\" src=\"https:\/\/www.europesays.com\/fr\/wp-content\/uploads\/2025\/08\/f67701e_upload-1-rgfko4mfvbzl-000-474q44x.jpg\" alt=\"Des supporteurs de l\u2019\u00e9quipe de Saint-Etienne, lors d\u2019un match contre Toulouse, au stade Geoffroy-Guichard de Saint-Etienne (Loire), le 17\u00a0mai\u00a02025.\"   width=\"664\" height=\"443\"\/>    Des supporteurs de l\u2019\u00e9quipe de Saint-Etienne, lors d\u2019un match contre Toulouse, au stade Geoffroy-Guichard de Saint-Etienne (Loire), le 17\u00a0mai\u00a02025.  JEAN-PHILIPPE KSIAZEK\/AFP                          <\/p>\n<p class=\"article__paragraph  \">La saison 2025-2026 de l\u2019AS Saint-Etienne (ASSE) a commenc\u00e9 par deux bonnes nouvelles pour les fans du club de football st\u00e9phanois\u00a0: une victoire 4-0 contre Rodez, samedi 16\u00a0ao\u00fbt, pour la premi\u00e8re rencontre \u00e0 domicile, <a href=\"https:\/\/www.lemonde.fr\/sport\/article\/2025\/08\/09\/la-ligue-2-reprend-entre-ambitions-affirmees-retours-historiques-et-rivalites-retrouvees_6627624_3242.html\" rel=\"nofollow noopener\" target=\"_blank\">dans le championnat de Ligue 2<\/a>, et, surtout, l\u2019entr\u00e9e annonc\u00e9e des supporteurs au capital de la formation. Son conseil d\u2019administration a valid\u00e9, mardi 12\u00a0ao\u00fbt, la cession \u00e0 l\u2019association Socios Verts des parts d\u00e9tenues par l\u2019un des 65 actionnaires minoritaires de la Soci\u00e9t\u00e9 anonyme sportive professionnelle AS Saint-Etienne (l\u2019une des trois soci\u00e9t\u00e9s qui composent la holding Groupe ASSE d\u00e9tenue, depuis juin\u00a02024, par la soci\u00e9t\u00e9 canadienne Kilmer).<\/p>\n<p>                                            Lire l\u2019enqu\u00eate |  Article r\u00e9serv\u00e9 \u00e0 nos abonn\u00e9s  <a href=\"https:\/\/www.lemonde.fr\/sport\/article\/2025\/03\/28\/gagner-moins-et-depenser-moins-l-equation-ardue-du-modele-economique-du-football-francais_6586956_3242.html\" class=\"js-article-read-also catcher--favoris__link\" data-premium=\"1\" id=\"article-title-3416105\" rel=\"nofollow noopener\" target=\"_blank\">L\u2019\u00e9quation ardue du mod\u00e8le \u00e9conomique du football fran\u00e7ais\u00a0: gagner moins et d\u00e9penser moins<\/a>    <\/p>\n<p>   Lire plus tard  <\/p>\n<p class=\"article__paragraph  \">\u00ab\u00a0Cet actionnaire, qui veut pour l\u2019instant rester anonyme, nous a contact\u00e9s en mars pour nous proposer d\u2019acheter ses parts, explique Jeremy Chatonnier, pr\u00e9sident des Socios Verts. C\u2019est une excellente nouvelle pour nous. Il nous reste \u00e0 r\u00e9unir les 150\u00a0000\u00a0euros n\u00e9cessaires \u00e0 l\u2019achat des actions.\u00a0\u00bb Et pour cela, le groupe dispose l\u00e9galement d\u2019un mois \u00e0 compter de la d\u00e9cision de cession, soit jusqu\u2019au vendredi 12\u00a0septembre.<\/p>\n<p class=\"article__paragraph  \">D\u00e8s lundi 18\u00a0ao\u00fbt, l\u2019association a lanc\u00e9 une campagne de financement, avec une participation minimale de 19,33\u00a0euros. Les supporteurs ont imm\u00e9diatement r\u00e9pondu pr\u00e9sent sur les r\u00e9seaux sociaux\u00a0: \u00ab\u00a0Contribution effectu\u00e9e\u00a0: dix parts. Allez les Verts\u00a0!\u00a0\u00bb, \u00ab\u00a0Fait, dans un premier temps pour ma m\u00e8re et pour moi, les autres viendront plus tard\u00a0\u00bb\u2026 \u00ab\u00a0Notre but est, non seulement de r\u00e9unir cette somme, mais aussi d\u2019avoir le plus grand nombre possible de participants, d\u00e9clare Jeremy Chatonnier. Il s\u2019agit d\u2019une d\u00e9marche d\u2019actionnariat populaire, dans un club dont le public est populaire.\u00a0\u00bb<\/p>\n<p class=\"article__paragraph  \">D\u00e8s sa cr\u00e9ation, en\u00a02021, Socios Verts a lanc\u00e9 une campagne d\u2019appel \u00e0 participation virtuelle pour faire conna\u00eetre son projet et d\u00e9montrer sa viabilit\u00e9. En quatre ans, les promesses d\u2019achat de parts ont d\u00e9pass\u00e9 500\u00a0000\u00a0euros. En outre, le collectif peut compter sur un parrain de choix, qui s\u2019est engag\u00e9 \u00e0 ses c\u00f4t\u00e9s, en septembre\u00a02024\u00a0: Michel Platini, l\u2019une des l\u00e9gendes du club et du football fran\u00e7ais.<\/p>\n<p>                    \u00ab\u00a0Une vision \u00e0 long terme\u00a0\u00bb                    <\/p>\n<p class=\"article__paragraph  \">Concr\u00e8tement, cette entr\u00e9e au capital va permettre au repr\u00e9sentant de l\u2019association de participer \u00e0 l\u2019assembl\u00e9e g\u00e9n\u00e9rale des actionnaires de l\u2019ASSE et d\u2019avoir acc\u00e8s \u00e0 des informations strat\u00e9giques. Mais elle a aussi un autre but. \u00ab\u00a0Nous nous battons pour diffuser la culture des socios en France, observe Jeremy Chatonnier, qui est \u00e9galement pr\u00e9sident de la F\u00e9d\u00e9ration des socios de France. Le mod\u00e8le \u00e9conomique du foot est en pleine crise et nous croyons qu\u2019en donnant plus de place aux supporteurs dans l\u2019\u00e9conomie des clubs, cela peut aider \u00e0 les renforcer.\u00a0\u00bb<\/p>\n<p class=\"article__paragraph  \">Si ladite culture est encore peu pr\u00e9sente en France, avec seulement huit associations (\u00e0 Sochaux, Guingamp, Rouen, Bastia, Nancy, Metz, N\u00eemes et Bordeaux), elle est tr\u00e8s ancr\u00e9e dans d\u2019autres pays. En Espagne, les supporteurs sont propri\u00e9taires actionnaires \u00e0 titre individuel du FC Barcelone et du Real Madrid, par exemple, dont ils choisissent le pr\u00e9sident\u00a0: les premiers sont environ 150\u00a0000 et les seconds 90\u00a0000. En Allemagne, depuis 1998, pour limiter l\u2019influence de groupes priv\u00e9s, la r\u00e8gle du 50 + 1 impose aux formations de Bundesliga de laisser la voix majoritaire \u00e0 l\u2019association historique du club, \u00e0 laquelle les fans peuvent adh\u00e9rer. Le Bayern Munich compte ainsi pr\u00e8s de 350\u00a0000 socios.<\/p>\n<p>                                       Lire aussi |  Article r\u00e9serv\u00e9 \u00e0 nos abonn\u00e9s  <a href=\"https:\/\/www.lemonde.fr\/football\/article\/2021\/03\/05\/actionnariat-socios-regle-des-50-1-vers-une-autre-gouvernance-des-clubs-de-football-francais_6072120_1616938.html\" class=\"js-article-read-also catcher--favoris__link\" data-premium=\"1\" id=\"article-title-3212543\" rel=\"nofollow noopener\" target=\"_blank\">Actionnariat, socios, r\u00e8gle des \u00ab\u00a050\u00a0+\u00a01\u00a0\u00bb\u00a0: vers une autre gouvernance des clubs de football fran\u00e7ais<\/a>    <\/p>\n<p>   Lire plus tard  <\/p>\n<p class=\"article__paragraph  \">Avocat sp\u00e9cialis\u00e9 dans le football au sein du cabinet Bignon Lebray, Paul Camille juge cette influence positive. \u00ab\u00a0L\u2019investissement par les supporteurs constitue une alternative cr\u00e9dible au foot business, car ils ont une vision \u00e0 long terme et sont moins tourn\u00e9s vers le profit, estime-t-il. Cela apporte une stabilit\u00e9 capitalistique.\u00a0\u00bb<\/p>\n<p class=\"article__paragraph  \">Avec 150\u00a0000\u00a0euros d\u2019actions, le poids financier des Socios Verts reste toutefois marginal au regard du capital, qui vient d\u2019\u00eatre augment\u00e9 de plus de 30\u00a0millions d\u2019euros par l\u2019actionnaire principal. Dans l\u2019entourage de la direction du club, on pr\u00e9cise au Monde que le groupe Kilmer, bien qu\u2019il se r\u00e9jouisse de l\u2019engagement des supporteurs \u2013 qu\u2019ils deviennent actionnaires ou non \u2013, n\u2019a pas l\u2019intention de c\u00e9der des parts aux Socios.<\/p>\n<p>                                       Lire aussi :  Article r\u00e9serv\u00e9 \u00e0 nos abonn\u00e9s  <a href=\"https:\/\/www.lemonde.fr\/sport\/article\/2023\/09\/01\/fc-sochaux-montbeliard-les-sociochaux-ressuscitent-l-ideal-d-un-football-populaire_6187413_3242.html\" class=\"js-article-read-also catcher--favoris__link\" data-premium=\"1\" id=\"article-title-3335749\" rel=\"nofollow noopener\" target=\"_blank\">FC Sochaux-Montb\u00e9liard\u00a0: les \u00ab\u00a0Sociochaux\u00a0\u00bb ressuscitent l\u2019id\u00e9al d\u2019un football populaire<\/a>    <\/p>\n<p>   Lire plus tard  <\/p>\n<p class=\"article__paragraph  \">\u00ab\u00a0L\u2019investissement des socios a plus d\u2019avenir dans les clubs de moindre envergure, en Ligue 2 ou en Nationale, remarque Paul Camille. Les propri\u00e9taires priv\u00e9s ont la mainmise sur les grandes formations, et il n\u2019est pas forc\u00e9ment strat\u00e9gique pour eux de voir leur participation dilu\u00e9e par des supporteurs, car cela risquerait d\u2019engendrer des situations de blocage.\u00a0\u00bb Il reste que les Socios Verts ont, eux, un rendez-vous d\u00e9cisif le vendredi 12\u00a0septembre avec l\u2019histoire l\u00e9gendaire de leur club.<\/p>\n<p class=\"article__author-container\"> <a class=\"article__author-link\" href=\"https:\/\/www.lemonde.fr\/signataires\/luc-chatel\/\" rel=\"nofollow noopener\" target=\"_blank\"> Luc Chatel\u00a0(Saint-Etienne, correspondance)<\/a>  <\/p>\n<p>                  <a href=\"https:\/\/www.lemonde.fr\/syndication\/\" class=\"reuse__content\" title=\"R\u00e9utiliser ce contenu\" target=\"_blank\" rel=\"nofollow noopener\">R\u00e9utiliser ce contenu<\/a>      <\/p>\n","protected":false},"excerpt":{"rendered":"Des supporteurs de l\u2019\u00e9quipe de Saint-Etienne, lors d\u2019un match contre Toulouse, au stade Geoffroy-Guichard de Saint-Etienne (Loire), le&hellip;\n","protected":false},"author":2,"featured_media":329666,"comment_status":"","ping_status":"","sticky":false,"template":"","format":"standard","meta":{"footnotes":""},"categories":[1410],"tags":[63,1011,27,60],"class_list":{"0":"post-329665","1":"post","2":"type-post","3":"status-publish","4":"format-standard","5":"has-post-thumbnail","7":"category-football","8":"tag-football","9":"tag-fr","10":"tag-france","11":"tag-sports"},"share_on_mastodon":{"url":"https:\/\/pubeurope.com\/@fr\/115056338975792689","error":""},"_links":{"self":[{"href":"https:\/\/www.europesays.com\/fr\/wp-json\/wp\/v2\/posts\/329665","targetHints":{"allow":["GET"]}}],"collection":[{"href":"https:\/\/www.europesays.com\/fr\/wp-json\/wp\/v2\/posts"}],"about":[{"href":"https:\/\/www.europesays.com\/fr\/wp-json\/wp\/v2\/types\/post"}],"author":[{"embeddable":true,"href":"https:\/\/www.europesays.com\/fr\/wp-json\/wp\/v2\/users\/2"}],"replies":[{"embeddable":true,"href":"https:\/\/www.europesays.com\/fr\/wp-json\/wp\/v2\/comments?post=329665"}],"version-history":[{"count":0,"href":"https:\/\/www.europesays.com\/fr\/wp-json\/wp\/v2\/posts\/329665\/revisions"}],"wp:featuredmedia":[{"embeddable":true,"href":"https:\/\/www.europesays.com\/fr\/wp-json\/wp\/v2\/media\/329666"}],"wp:attachment":[{"href":"https:\/\/www.europesays.com\/fr\/wp-json\/wp\/v2\/media?parent=329665"}],"wp:term":[{"taxonomy":"category","embeddable":true,"href":"https:\/\/www.europesays.com\/fr\/wp-json\/wp\/v2\/categories?post=329665"},{"taxonomy":"post_tag","embeddable":true,"href":"https:\/\/www.europesays.com\/fr\/wp-json\/wp\/v2\/tags?post=329665"}],"curies":[{"name":"wp","href":"https:\/\/api.w.org\/{rel}","templated":true}]}}